{"id":28030,"date":"2025-05-24T10:51:54","date_gmt":"2025-05-24T13:51:54","guid":{"rendered":"https:\/\/13.com.ar\/index.php\/los-tres-jugadores-que-renunciaron-a-los-pumas-7s-explicaron-por-que-no-estaran-en-la-proxima-temporada\/"},"modified":"2025-05-24T10:51:54","modified_gmt":"2025-05-24T13:51:54","slug":"los-tres-jugadores-que-renunciaron-a-los-pumas-7s-explicaron-por-que-no-estaran-en-la-proxima-temporada","status":"publish","type":"post","link":"https:\/\/13.com.ar\/index.php\/los-tres-jugadores-que-renunciaron-a-los-pumas-7s-explicaron-por-que-no-estaran-en-la-proxima-temporada\/","title":{"rendered":"los tres jugadores que renunciaron a Los Pumas 7&#8217;s explicaron por qu\u00e9 no estar\u00e1n en la pr\u00f3xima temporada"},"content":{"rendered":"<p> <br \/>\n<br \/><img decoding=\"async\" src=\"https:\/\/13.com.ar\/wp-content\/uploads\/2025\/05\/los-tres-jugadores-que-renunciaron-a-Los-Pumas-7s-explicaron.jpg\" \/><\/p>\n<div id=\"element-body-0\">\n<p><strong>Tob\u00edas Wade, Agust\u00edn Fraga y Tom\u00e1s Elizalde<\/strong>, los tres jugadores de Los Pumas 7&#8217;s que esta semana anunciaron que no representar\u00e1n al combinado nacional en la pr\u00f3xima temporada del Circuito Mundial de la especialidad, explicaron que su decisi\u00f3n se deb\u00eda al deseo compartido de volver a competir en sus clubes en el deporte de 15 hombres.<\/p>\n<\/div>\n<div id=\"element-body-1\">\n<p><strong><em>\u201c(Estoy) Bien, contento y con muchas ganas de jugar en el club y empezar a sumar minutos en el 15<\/em><\/strong>\u201d, afirm\u00f3 Wade, de 25 a\u00f1os, en declaraciones realizadas para ESPN.<em> \u201cMi idea es poner el foco ac\u00e1. Obviamente que jugar afuera me encantar\u00eda y ojal\u00e1 se d\u00e9 en el futuro, pero por ahora <\/em><strong><em>mi foco es volver a jugar en Alumni<\/em><\/strong><em>, disfrutar del club y apostar a jugar en el 15 nuevamente lo m\u00e1ximo que se pueda\u201d<\/em>, agreg\u00f3.<\/p>\n<\/div>\n<div id=\"element-body-2\">\n<p>En la misma l\u00ednea se manifest\u00f3 <strong>Fraga, de 23 a\u00f1os, quien se form\u00f3 en CUBA y ahora volver\u00e1 a representar a la instituci\u00f3n de Villa de Mayo.<\/strong> <em>\u201cNo hay nada de afuera. (Quiero) Volver a jugar al club y disfrutar eso, nunca llegu\u00e9 a debutar, as\u00ed que fue una etapa que no viv\u00ed. Obviamente (estoy) apuntando a seguir con mi carrera profesional, pero volviendo a mi club\u201d<\/em>, explic\u00f3.<\/p>\n<\/div>\n<div id=\"element-body-4\">\n<p><strong>Elizalde<\/strong>, quien naci\u00f3 en Salta y se form\u00f3 en Tigres Rugby Club de su provincia, se quedar\u00e1 en Buenos Aires y <strong>representar\u00e1 a Newman<\/strong>. <em>\u201cEn principio, la idea que tengo es encarar la vuelta al 15 y poder sumar minutos porque hace varias temporadas que no tengo partidos. Despu\u00e9s veremos. Por ahora, no tengo ofertas de afuera, as\u00ed que la idea, por el momento, es quedarme ac\u00e1\u201d<\/em>.<\/p>\n<\/div>\n<div id=\"element-body-5\">\n<p>Los tres jugadores rescindieron los contratos que los vinculaban con la <strong>Uni\u00f3n Argentina de Rugby (UAR)<\/strong>, por lo que ya no podr\u00e1n jugar para Los Pumas 7&#8217;s, el seleccionado que este a\u00f1o termin\u00f3 primero en la etapa regular del Circuito Mundial y luego finaliz\u00f3 cuarto en la fase final que se llev\u00f3 a cabo en Los \u00c1ngeles a principios de mayo.<\/p>\n<\/div>\n<div id=\"element-body-6\">\n<p>Wade, Fraga y Elizalde ya est\u00e1n en condiciones de competir con sus clubes en el Top 12 de la Uni\u00f3n de Rugby de Buenos Aires (URBA). Este s\u00e1bado a las 15.30, Alumni, vigente campe\u00f3n, visitar\u00e1 a Hind\u00fa, CUBA se medir\u00e1 con San Isidro Club y Newman recibir\u00e1 a Buenos Aires Cricket &amp; Rugby Club.<\/p>\n<\/div>\n<p><br \/>\n<br \/><a href=\"https:\/\/www.clarin.com\/deportes\/rugby-jugadores-renunciaron-pumas-7s-explicaron-proxima-temporada_0_Y5hC012tlq.html\">Fuente Clarin.com <\/a><\/p>\n","protected":false},"excerpt":{"rendered":"<p>Tob\u00edas Wade, Agust\u00edn Fraga y Tom\u00e1s Elizalde, los tres jugadores de Los Pumas 7&#8217;s que esta semana anunciaron que no representar\u00e1n al combinado nacional en la pr\u00f3xima temporada del Circuito Mundial de la especialidad, explicaron que su decisi\u00f3n se deb\u00eda al deseo compartido de volver a competir en sus clubes en el deporte de 15 [&hellip;]<\/p>\n","protected":false},"author":1,"featured_media":28031,"comment_status":"open","ping_status":"open","sticky":false,"template":"","format":"standard","meta":{"footnotes":""},"categories":[2],"tags":[785,19188,7466,28,142,1300,8670,286,5701,2204,434],"class_list":["post-28030","post","type-post","status-publish","format-standard","has-post-thumbnail","hentry","category-ultimas-noticias","tag-estaran","tag-explicaron","tag-jugadores","tag-los","tag-por","tag-proxima","tag-pumas","tag-que","tag-renunciaron","tag-temporada","tag-tres"],"_links":{"self":[{"href":"https:\/\/13.com.ar\/index.php\/wp-json\/wp\/v2\/posts\/28030","targetHints":{"allow":["GET"]}}],"collection":[{"href":"https:\/\/13.com.ar\/index.php\/wp-json\/wp\/v2\/posts"}],"about":[{"href":"https:\/\/13.com.ar\/index.php\/wp-json\/wp\/v2\/types\/post"}],"author":[{"embeddable":true,"href":"https:\/\/13.com.ar\/index.php\/wp-json\/wp\/v2\/users\/1"}],"replies":[{"embeddable":true,"href":"https:\/\/13.com.ar\/index.php\/wp-json\/wp\/v2\/comments?post=28030"}],"version-history":[{"count":0,"href":"https:\/\/13.com.ar\/index.php\/wp-json\/wp\/v2\/posts\/28030\/revisions"}],"wp:featuredmedia":[{"embeddable":true,"href":"https:\/\/13.com.ar\/index.php\/wp-json\/wp\/v2\/media\/28031"}],"wp:attachment":[{"href":"https:\/\/13.com.ar\/index.php\/wp-json\/wp\/v2\/media?parent=28030"}],"wp:term":[{"taxonomy":"category","embeddable":true,"href":"https:\/\/13.com.ar\/index.php\/wp-json\/wp\/v2\/categories?post=28030"},{"taxonomy":"post_tag","embeddable":true,"href":"https:\/\/13.com.ar\/index.php\/wp-json\/wp\/v2\/tags?post=28030"}],"curies":[{"name":"wp","href":"https:\/\/api.w.org\/{rel}","templated":true}]}}