{"id":28028,"date":"2025-05-24T10:30:33","date_gmt":"2025-05-24T13:30:33","guid":{"rendered":"https:\/\/13.com.ar\/index.php\/elegira-gobernador-tres-senadores-y-diputados\/"},"modified":"2025-05-24T10:30:33","modified_gmt":"2025-05-24T13:30:33","slug":"elegira-gobernador-tres-senadores-y-diputados","status":"publish","type":"post","link":"https:\/\/13.com.ar\/index.php\/elegira-gobernador-tres-senadores-y-diputados\/","title":{"rendered":"elegir\u00e1 gobernador, tres senadores y diputados"},"content":{"rendered":"<p> <br \/>\n<br \/><img decoding=\"async\" src=\"https:\/\/13.com.ar\/wp-content\/uploads\/2025\/05\/elegira-gobernador-tres-senadores-y-diputados.jpg\" \/><\/p>\n<div id=\"element-body-0\">\n<p>El gobernador de <strong>Santiago del Estero<\/strong>, <strong>Gerardo Zamora<\/strong>, se diferenci\u00f3 de la mayor\u00eda de sus pares y <strong>convoc\u00f3 a las elecciones provinciales el mismo d\u00eda de los comicios nacionales<\/strong>, el 26 de octubre. Motivado porque la provincia elige gobernador y tambi\u00e9n senadores nacionales, el mandatario unific\u00f3 la fecha y <strong>ser\u00e1n elecciones concurrentes<\/strong>: con Boleta \u00danica de Papel (BUP) votar\u00e1n los cargos nacionales y con lista s\u00e1bana los cargos locales.<\/p>\n<\/div>\n<div id=\"element-body-1\">\n<p>Zamora no puede presentarse a la reelecci\u00f3n y una de las posibilidades es que se presente como candidato a senador nacional por su Frente C\u00edvico, de ah\u00ed la estrategia electoral de unificar. Pero por primera vez habr\u00e1 elecciones concurrentes ya que con la BUP, las elecciones locales se pueden hacer el mismo d\u00eda pero deben tener sus propias urnas.<\/p>\n<\/div>\n<div id=\"element-body-2\">\n<p>El control de Santiago del Estero por parte de Zamora es total. Es el \u00fanico gobernador al que le responden los tres senadores nacionales de su provincia, dado que el Frente C\u00edvico y el peronismo compiten separados pero est\u00e1n unidos.<\/p>\n<\/div>\n<div id=\"element-body-3\">\n<p>Adem\u00e1s de elegir gobernador y vice, Santiago Del Estero debe renovar 40 bancas de la C\u00e1mara de Diputados provincial, 163 comisionados municipales y dos intendencias (Clodomira y Villa Atamisqui). Estas ciudades eligen autoridades ejecutivas, porque al igual que la provincia tiene el calendario electoral alterado por una intervenci\u00f3n. La \u00faltima intervenci\u00f3n federal a Santiago del Estero fue durante la presidencia de N\u00e9stor Kirchner en 2004.<\/p>\n<\/div>\n<div id=\"element-body-4\">\n<p> Cuando el interventor Pablo Lanusse llam\u00f3 a elecciones en 2005, Gerardo Zamora gan\u00f3 por primera vez. Fue reelecto en 2009 y cuando quiso ir por un tercer mandato se lo impidi\u00f3 la Corte Suprema de Justicia. Entonces la candidata fue Claudia Ledesma Abdala, su esposa, que hoy es senadora. Zamora volvi\u00f3 al poder en 2017 y reelecto en 2021. Ahora no se puede presentar a un tercer mandato y en la provincia se especula si volver\u00e1n a hacer el enroque y Ledesma Abdala ser\u00e1 candidata a gobernadora y Zamora a senador nacional.<\/p>\n<\/div>\n<div id=\"element-body-6\">\n<p>En ese contexto, unific\u00f3 la elecci\u00f3n local con la nacional, pero los cargos nacionales ir\u00e1n en boleta \u00fanica de papel. <\/p>\n<\/div>\n<div id=\"element-body-7\">\n<p>&#8220;Tal como lo expres\u00e9 a principios de Abril de este a\u00f1o, la decisi\u00f3n de la fecha en la que se llevar\u00edan a cabo las elecciones para elegir Gobernador y Vice, Diputados Provinciales, Comisionados Municipales, y algunas Intendencias, depend\u00eda de la autorizaci\u00f3n o no, por parte de las autoridades electorales nacionales, para realizaras en forma concurrente con la elecci\u00f3n a legisladores nacionales -ya convocada para el mes de Octubre- con requisitos y caracter\u00edsticas especiales, atento a los diferentes sistemas electorales vigentes en el orden nacional y provincial&#8221;, explic\u00f3 Zamora en las redes sociales.<\/p>\n<\/div>\n<div id=\"element-body-8\">\n<p>Al igual que muchas otras provincias, Zamora impulsa la eliminaci\u00f3n de las PASO locales: &#8220;La solicitud formal realizada en ese sentido, bajo los mismos fundamentos por el cual, desde Santiago del Estero, impulsamos la eliminaci\u00f3n de las PASO, evitando m\u00faltiples elecciones en un mismo a\u00f1o, tuvo ya pronunciamiento de la C\u00e1mara Nacional Electoral, la que emiti\u00f3 esta semana, una resoluci\u00f3n favorable a nuestro pedido&#8221;.<\/p>\n<\/div>\n<div id=\"element-body-9\">\n<blockquote class=\"twitter-tweet\">\n<p lang=\"es\" dir=\"ltr\">Para conocimiento de todas las fuerzas pol\u00edticas en particular, y de la ciudadan\u00eda santiague\u00f1a en general:<\/p>\n<p>Tal como lo expres\u00e9 a principios de Abril de este a\u00f1o, la decisi\u00f3n de la fecha  en la que se llevar\u00edan a cabo las elecciones para elegir Gobernador y Vice, Diputados\u2026 <a rel=\"nofollow\" target=\"_blank\" href=\"https:\/\/t.co\/mWKHOxliiu\">pic.twitter.com\/mWKHOxliiu<\/a><\/p>\n<p>\u2014 Gerardo Zamora (@GZamoraSDE) <a rel=\"nofollow\" target=\"_blank\" href=\"https:\/\/twitter.com\/GZamoraSDE\/status\/1925882518810615858?ref_src=twsrc%5Etfw\">May 23, 2025<\/a><\/p><\/blockquote>\n<\/div>\n<div id=\"element-body-10\">\n<p>En junio Zamora publicar\u00e1 el decreto del la convocatoria a las elecciones locales.<\/p>\n<\/div>\n<p><script async src=\"\/\/platform.twitter.com\/widgets.js\" charset=\"utf-8\"><\/script><br \/>\n<br \/><br \/>\n<br \/><a href=\"https:\/\/www.clarin.com\/politica\/reves-provincias-santiago-estero-unifica-eleccion-nacional-elegira-gobernador-senadores-diputados_0_sTgVaROxvG.html\">Fuente Clarin.com <\/a><\/p>\n","protected":false},"excerpt":{"rendered":"<p>El gobernador de Santiago del Estero, Gerardo Zamora, se diferenci\u00f3 de la mayor\u00eda de sus pares y convoc\u00f3 a las elecciones provinciales el mismo d\u00eda de los comicios nacionales, el 26 de octubre. Motivado porque la provincia elige gobernador y tambi\u00e9n senadores nacionales, el mandatario unific\u00f3 la fecha y ser\u00e1n elecciones concurrentes: con Boleta \u00danica [&hellip;]<\/p>\n","protected":false},"author":1,"featured_media":28029,"comment_status":"open","ping_status":"open","sticky":false,"template":"","format":"standard","meta":{"footnotes":""},"categories":[2],"tags":[350,15465,1321,3080,434],"class_list":["post-28028","post","type-post","status-publish","format-standard","has-post-thumbnail","hentry","category-ultimas-noticias","tag-diputados","tag-elegira","tag-gobernador","tag-senadores","tag-tres"],"_links":{"self":[{"href":"https:\/\/13.com.ar\/index.php\/wp-json\/wp\/v2\/posts\/28028","targetHints":{"allow":["GET"]}}],"collection":[{"href":"https:\/\/13.com.ar\/index.php\/wp-json\/wp\/v2\/posts"}],"about":[{"href":"https:\/\/13.com.ar\/index.php\/wp-json\/wp\/v2\/types\/post"}],"author":[{"embeddable":true,"href":"https:\/\/13.com.ar\/index.php\/wp-json\/wp\/v2\/users\/1"}],"replies":[{"embeddable":true,"href":"https:\/\/13.com.ar\/index.php\/wp-json\/wp\/v2\/comments?post=28028"}],"version-history":[{"count":0,"href":"https:\/\/13.com.ar\/index.php\/wp-json\/wp\/v2\/posts\/28028\/revisions"}],"wp:featuredmedia":[{"embeddable":true,"href":"https:\/\/13.com.ar\/index.php\/wp-json\/wp\/v2\/media\/28029"}],"wp:attachment":[{"href":"https:\/\/13.com.ar\/index.php\/wp-json\/wp\/v2\/media?parent=28028"}],"wp:term":[{"taxonomy":"category","embeddable":true,"href":"https:\/\/13.com.ar\/index.php\/wp-json\/wp\/v2\/categories?post=28028"},{"taxonomy":"post_tag","embeddable":true,"href":"https:\/\/13.com.ar\/index.php\/wp-json\/wp\/v2\/tags?post=28028"}],"curies":[{"name":"wp","href":"https:\/\/api.w.org\/{rel}","templated":true}]}}