{"id":28026,"date":"2025-05-24T10:24:30","date_gmt":"2025-05-24T13:24:30","guid":{"rendered":"https:\/\/13.com.ar\/index.php\/hubo-un-apagon-en-toda-la-region-sabotaje-corre-peligro-la-ceremonia-de-clausura-de-esta-noche\/"},"modified":"2025-05-24T10:24:30","modified_gmt":"2025-05-24T13:24:30","slug":"hubo-un-apagon-en-toda-la-region-sabotaje-corre-peligro-la-ceremonia-de-clausura-de-esta-noche","status":"publish","type":"post","link":"https:\/\/13.com.ar\/index.php\/hubo-un-apagon-en-toda-la-region-sabotaje-corre-peligro-la-ceremonia-de-clausura-de-esta-noche\/","title":{"rendered":"hubo un apag\u00f3n en toda la regi\u00f3n, \u00bfsabotaje? \u00bfCorre peligro la Ceremonia de clausura de esta noche?"},"content":{"rendered":"<p> <br \/>\n<br \/><img decoding=\"async\" src=\"https:\/\/13.com.ar\/wp-content\/uploads\/2025\/05\/hubo-un-apagon-en-toda-la-region-\u00bfsabotaje-\u00bfCorre-peligro.jpg\" \/><\/p>\n<div id=\"element-body-0\">\n<p>Hoy, s\u00e1bado, iba a ser un d\u00eda tranquilo en el <strong>Festival de Cannes<\/strong>. Bueno, tranquilo en cuanto a que no ay proyecciones ni premi\u00e8res, solo la habitual repetici\u00f3n de todas las pel\u00edculas de la competencia oficial en las salas del <strong>Palais des Festivals<\/strong>, para quien se haya perdido alguna.<\/p>\n<\/div>\n<div id=\"element-body-1\">\n<p>Pero alrededor de las 10 de la ma\u00f1ana se corta la electricidad en la habitaci\u00f3n de mi hotel. Salgo al pasillo y evidentemente no hay luz en todo el hotel, nadie sabe nada, ni el alcance del corte energ\u00e9tico, hasta se interrumpi\u00f3 la se\u00f1al de Internet. \u00bfSer\u00e1 s\u00f3lo en el hotel, o&#8230;?<\/p>\n<\/div>\n<div id=\"element-body-3\">\n<p>El panorama es, pese a que es de d\u00eda, sombr\u00edo. No por tener que bajar las escaleras desde el quinto piso, sino que los negocios en la calle tampoco tienen electricidad. Muchos no han abierto -el Starbucks pegado al hotel, a metros de la estaci\u00f3n de trenes, por ejemplo- y los peque\u00f1os locales que venden desayunos, s\u00ed est\u00e1n abiertos, est\u00e1n abarrotados y s\u00f3lo venden comestibles. No hay m\u00e1quinas de caf\u00e9, y las bebidas como las gaseosas empiezan a perder su fr\u00edo.<\/p>\n<\/div>\n<div id=\"element-body-4\">\n<p><strong>Nadie sabe nada, ni el motivo del apag\u00f3n, ni cu\u00e1ndo regresar\u00e1 la electricidad<\/strong>. Y el tiempo pasa. Sin \u00e1nimo de hacer nada, m\u00e1s que de salir del hotel y caminar por la ciudad y la playa, que hasta ahora s\u00f3lo vimos de lejos, al llegar al Palais, la situaci\u00f3n cambia.<\/p>\n<\/div>\n<div id=\"element-body-7\">\n<p>Consiguiendo conexi\u00f3n a Internet, leo un mail del Festival, que se envi\u00f3 a los acreditados informando la situaci\u00f3n.<\/p>\n<\/div>\n<div id=\"element-body-9\">\n<p>\u201cUn corte de electricidad afecta actualmente a la ciudad de Cannes y sus alrededores. A\u00fan no se ha identificado la causa del corte. Se est\u00e1n realizando las tareas de restablecimiento \u2013arranca el mail-. El Palais des Festivals ha cambiado a un suministro el\u00e9ctrico independiente, lo que permite que todos los eventos y proyecciones programados, <strong>incluida la Ceremonia de Clausura<\/strong>, se celebren seg\u00fan lo previsto y con normalidad.\u201d<\/p>\n<\/div>\n<div id=\"element-body-11\">\n<p>\u201cSin embargo, las proyecciones en el Cineum se han suspendido temporalmente y se reanudar\u00e1n en cuanto se restablezca el suministro el\u00e9ctrico\u201d.<\/p>\n<\/div>\n<div id=\"element-body-12\">\n<p>Y cierra con un \u201cAgradecemos su paciencia y comprensi\u00f3n\u201d.<\/p>\n<\/div>\n<div id=\"element-body-14\">\n<p>Con el correr de los minutos se informa que <strong>el incidente afecta a la zona oeste del departamento franc\u00e9s de Alpes Mar\u00edtimos, que hay 160.000 hogares sin electricidad, y que se deber\u00eda a un incendio y a la ca\u00edda de un poste cerca del lago Saint-Cassien<\/strong>.<\/p>\n<\/div>\n<div id=\"element-body-15\">\n<p>La Red de Transporte de Electricidad (RTE) confirm\u00f3 que el corte comenz\u00f3 hacia las 2.45 horas de la madrugada tras un incendio en una subestaci\u00f3n en la regi\u00f3n de Cannes. El flujo se restableci\u00f3 parcialmente alrededor de las 6:30 horas, pero se produjo un debilitamiento general de la red, que horas despu\u00e9s deriv\u00f3 en un nuevo colapso.<\/p>\n<\/div>\n<div id=\"element-body-16\">\n<p>Obviamente no soy el \u00fanico acreditado que regres\u00f3 al hotel, fue a oscuras a buscar no notebook, el cargador y se dirigi\u00f3 a la Sala de Prensa del Palais. Es el \u00fanico lugar desde donde escribir. Nunca estuvo tan concurrida.<\/p>\n<\/div>\n<p><br \/>\n<br \/><a href=\"https:\/\/www.clarin.com\/espectaculos\/cannes-2025-apagon-toda-region-sabotaje-corre-peligro-ceremonia-clausura-noche_0_DSxTPqUVpa.html\">Fuente Clarin.com <\/a><\/p>\n","protected":false},"excerpt":{"rendered":"<p>Hoy, s\u00e1bado, iba a ser un d\u00eda tranquilo en el Festival de Cannes. Bueno, tranquilo en cuanto a que no ay proyecciones ni premi\u00e8res, solo la habitual repetici\u00f3n de todas las pel\u00edculas de la competencia oficial en las salas del Palais des Festivals, para quien se haya perdido alguna. Pero alrededor de las 10 de [&hellip;]<\/p>\n","protected":false},"author":1,"featured_media":28027,"comment_status":"open","ping_status":"open","sticky":false,"template":"","format":"standard","meta":{"footnotes":""},"categories":[2],"tags":[839,2620,16663,8146,300,1633,935,3025,2171,5049,3773],"class_list":["post-28026","post","type-post","status-publish","format-standard","has-post-thumbnail","hentry","category-ultimas-noticias","tag-apagon","tag-ceremonia","tag-clausura","tag-corre","tag-esta","tag-hubo","tag-noche","tag-peligro","tag-region","tag-sabotaje","tag-toda"],"_links":{"self":[{"href":"https:\/\/13.com.ar\/index.php\/wp-json\/wp\/v2\/posts\/28026","targetHints":{"allow":["GET"]}}],"collection":[{"href":"https:\/\/13.com.ar\/index.php\/wp-json\/wp\/v2\/posts"}],"about":[{"href":"https:\/\/13.com.ar\/index.php\/wp-json\/wp\/v2\/types\/post"}],"author":[{"embeddable":true,"href":"https:\/\/13.com.ar\/index.php\/wp-json\/wp\/v2\/users\/1"}],"replies":[{"embeddable":true,"href":"https:\/\/13.com.ar\/index.php\/wp-json\/wp\/v2\/comments?post=28026"}],"version-history":[{"count":0,"href":"https:\/\/13.com.ar\/index.php\/wp-json\/wp\/v2\/posts\/28026\/revisions"}],"wp:featuredmedia":[{"embeddable":true,"href":"https:\/\/13.com.ar\/index.php\/wp-json\/wp\/v2\/media\/28027"}],"wp:attachment":[{"href":"https:\/\/13.com.ar\/index.php\/wp-json\/wp\/v2\/media?parent=28026"}],"wp:term":[{"taxonomy":"category","embeddable":true,"href":"https:\/\/13.com.ar\/index.php\/wp-json\/wp\/v2\/categories?post=28026"},{"taxonomy":"post_tag","embeddable":true,"href":"https:\/\/13.com.ar\/index.php\/wp-json\/wp\/v2\/tags?post=28026"}],"curies":[{"name":"wp","href":"https:\/\/api.w.org\/{rel}","templated":true}]}}