{"id":2796,"date":"2025-02-07T07:56:45","date_gmt":"2025-02-07T10:56:45","guid":{"rendered":"https:\/\/13.com.ar\/index.php\/misiones-y-sus-reservas-privadas-un-modelo-de-conservacion\/"},"modified":"2025-02-07T07:56:45","modified_gmt":"2025-02-07T10:56:45","slug":"misiones-y-sus-reservas-privadas-un-modelo-de-conservacion","status":"publish","type":"post","link":"https:\/\/13.com.ar\/index.php\/misiones-y-sus-reservas-privadas-un-modelo-de-conservacion\/","title":{"rendered":"Misiones y sus reservas privadas: un modelo de conservaci\u00f3n"},"content":{"rendered":"<p> <br \/>\n<\/p>\n<div id=\"cuerpo\">\n<div class=\"sc-80531b6b-0 chRIGJ container-text text-embed\">\n<p><strong>Misiones tiene 3 millones de hect\u00e1reas<\/strong>, y el total de superficie bajo alguna categor\u00eda de <strong>protecci\u00f3n ambiental alcanza 1.394.000 hect\u00e1reas<\/strong>.<\/p>\n<\/div>\n<div class=\"sc-80531b6b-0 chRIGJ container-text text-embed\">\n<p><strong>Karina Schiaffino<\/strong> integra la <strong>Fundaci\u00f3n Vida Silvestre Argentina y<\/strong> la <strong>Red Argentina de Reservas Naturales Privadas<\/strong> y ha sido clara con respecto a lo que ocurre en Misiones: &#8220;La selva misionera enamora. Tanto, que hay personas que compran un pedacito para conservar su maravillosa biodiversidad o hasta los mismos propietarios misioneros \u2018mezquinan el monte\u2019 de su chacra y crean reservas naturales para cuidarlas con genuino compromiso. Misiones es una de las provincias con el mayor n\u00famero de reservas privadas del pa\u00eds: son 70 las que se han identificado, algunas formalmente constituidas y otras \u2018autodenominadas\u2019. Esta provincia fue tambi\u00e9n una de las primeras en incluir la figura de reserva natural privada e incorporarla al Sistema Provincial de \u00c1reas Naturales Protegidas&#8221;.<\/p>\n<\/div>\n<div class=\"sc-198be8ec-0 cynXbu image-embed  image-embed \"><picture class=\"sc-198be8ec-1 kOjRiQ\"><source media=\"(min-width: 975px)\" width=\"720\" height=\"480\" \/><img alt=\"Las iniciativas privadas se suman a las \u00e1reas preservadas por el Estado.\" loading=\"lazy\" width=\"720\" height=\"480\" decoding=\"async\" data-nimg=\"1\" style=\"color:transparent\" src=\"https:\/\/13.com.ar\/wp-content\/uploads\/2025\/02\/Misiones-y-sus-reservas-privadas-un-modelo-de-conservacion.jpg\"\/><span class=\"epigraphe\">Las iniciativas privadas se suman a las \u00e1reas preservadas por el Estado.<\/span><span class=\"bkg\"\/><span class=\"picture-open\"><button class=\"open-image\" aria-label=\"Open Image\"\/><\/span><\/picture><\/div>\n<div class=\"sc-80531b6b-0 chRIGJ container-text text-embed\">\n<p>La incorporaci\u00f3n de <strong>reservas privadas a las ANP<\/strong> permite a los propietarios mantener sus <strong>derechos sobre la tierra mientras contribuyen a la conservaci\u00f3n del ambiente<\/strong>. A cambio, reciben protecci\u00f3n legal bajo las normativas provinciales y <strong>acceso a beneficios impositivos y crediticios<\/strong>, lo que incentiva la preservaci\u00f3n de los recursos naturales. A las \u00e1reas preservadas por el Estado se suman estas loables iniciativas privadas.<\/p>\n<\/div>\n<div class=\"sc-80531b6b-0 chRIGJ container-text text-embed\">\n<p><strong>Ricardo Zardi y su esposa, Ver\u00f3nica C\u00e1rcamo Pizarro<\/strong>, son un matrimonio de la provincia de Buenos Aires que compr\u00f3 una chacra en Ameghino (zona sur de Misiones) y la transform\u00f3 en una reserva privada. Usan paneles solares y tienen un montecito donde habitan animales silvestres.<\/p>\n<\/div>\n<div class=\"sc-198be8ec-0 cynXbu image-embed  image-embed \"><picture class=\"sc-198be8ec-1 kOjRiQ\"><source media=\"(min-width: 975px)\" width=\"720\" height=\"480\" \/><img alt=\"Ricardo Zardi y Ver\u00f3nica C\u00e1rcamo Pizarro transformaron una chacra en reserva privada.\" loading=\"lazy\" width=\"720\" height=\"480\" decoding=\"async\" data-nimg=\"1\" style=\"color:transparent\" src=\"https:\/\/13.com.ar\/wp-content\/uploads\/2025\/02\/1738925805_929_Misiones-y-sus-reservas-privadas-un-modelo-de-conservacion.jpg\"\/><span class=\"epigraphe\">Ricardo Zardi y Ver\u00f3nica C\u00e1rcamo Pizarro transformaron una chacra en reserva privada.<\/span><span class=\"bkg\"\/><span class=\"picture-open\"><button class=\"open-image\" aria-label=\"Open Image\"\/><\/span><\/picture><\/div>\n<div class=\"sc-80531b6b-0 chRIGJ container-text text-embed\">\n<p>Zardi y C\u00e1rcamo Pizarro firmaron un <strong>convenio con el Ministerio de Ecolog\u00eda de Misiones <\/strong>para que su chacra de 29 hect\u00e1reas se transforme en la <strong>reserva privada Pozo Tarum\u00e1<\/strong>. Cari\u00f1osamente, el matrimonio la llama &#8220;Mboyer\u00e9&#8221; (palabra de origen guaran\u00ed que significa &#8220;mezcla&#8221;, &#8220;entrevero&#8221;, &#8220;revuelto&#8221;). Y es entendible. All\u00ed, todo es un revoltijo suficiente como para asustar a cualquiera, pero no a ellos. \u00c9l saca fotos y encontr\u00f3 en Misiones \u2014as\u00ed como en el Impenetrable del Chaco\u2014 buenos temas para sus tomas, y ella es docente. Ambos aman la naturaleza y desean cuidarla. Est\u00e1n haciendo su aporte: poseen 29 hect\u00e1reas y construyeron un edificio. Esperan que, en el futuro, la gente pueda hospedarse all\u00ed para hacer turismo rural. Por lo pronto, tratar\u00e1n de conservar el lugar tal como est\u00e1, o mejor a\u00fan: van a plantar especies nativas, cuidar los bordes del arroyo Once Vueltas y admirar, claro est\u00e1, la naturaleza palpitante del entorno. La historia de esta pareja est\u00e1 ligada a la profunda admiraci\u00f3n que sienten por la ecolog\u00eda y a su convicci\u00f3n de que Misiones es uno de los pulmones del mundo.<\/p>\n<\/div>\n<div class=\"sc-198be8ec-0 cynXbu image-embed  image-embed \"><picture class=\"sc-198be8ec-1 kOjRiQ\"><source media=\"(min-width: 975px)\" width=\"720\" height=\"480\" \/><img alt=\"Las reservas realizan un gran aporte para la conservaci\u00f3n del medio ambiente.\" loading=\"lazy\" width=\"720\" height=\"480\" decoding=\"async\" data-nimg=\"1\" style=\"color:transparent\" src=\"https:\/\/13.com.ar\/wp-content\/uploads\/2025\/02\/1738925805_69_Misiones-y-sus-reservas-privadas-un-modelo-de-conservacion.jpg\"\/><span class=\"epigraphe\">Las reservas realizan un gran aporte para la conservaci\u00f3n del medio ambiente.<\/span><span class=\"bkg\"\/><span class=\"picture-open\"><button class=\"open-image\" aria-label=\"Open Image\"\/><\/span><\/picture><\/div>\n<div class=\"sc-80531b6b-0 chRIGJ container-text text-embed\">\n<p>La contribuci\u00f3n de las reservas privadas en t\u00e9rminos de superficie no es grande. De hecho, m\u00e1s de la mitad tiene menos de 100 hect\u00e1reas, precisa Schiaffino. &#8220;Pero el verdadero aporte a la conservaci\u00f3n lo realizan cumpliendo funciones clave: <strong>forman corredores biol\u00f3gicos<\/strong> que garantizan la conectividad entre \u00e1reas naturales, <strong>conservan ambientes para muchas especies end\u00e9micas<\/strong> o de valor especial, ampl\u00edan la superficie mejorando el dise\u00f1o de parques y reservas p\u00fablicas mayores y, a la vez, <strong>constituyen zonas de amortiguamiento<\/strong>. Algunos ejemplos los brindan las reservas privadas que garantizan la conectividad entre los parques provinciales Urugua-\u00ed y Guardaparque Horacio Foerster (noreste de la provincia), como la Reserva Natural Osunun\u00fa&#8221;.<\/p>\n<\/div>\n<div class=\"sc-198be8ec-0 cynXbu image-embed  image-embed \"><picture class=\"sc-198be8ec-1 kOjRiQ\"><source media=\"(min-width: 975px)\" width=\"720\" height=\"480\" \/><img alt=\"Irene Marion Lehmann constituy\u00f3 su propia reserva privada.\" loading=\"lazy\" width=\"720\" height=\"480\" decoding=\"async\" data-nimg=\"1\" style=\"color:transparent\" src=\"https:\/\/13.com.ar\/wp-content\/uploads\/2025\/02\/1738925805_234_Misiones-y-sus-reservas-privadas-un-modelo-de-conservacion.jpg\"\/><span class=\"epigraphe\">Irene Marion Lehmann constituy\u00f3 su propia reserva privada.<\/span><span class=\"bkg\"\/><span class=\"picture-open\"><button class=\"open-image\" aria-label=\"Open Image\"\/><\/span><\/picture><\/div>\n<div class=\"sc-80531b6b-0 chRIGJ container-text text-embed\">\n<p><strong>Irene Marion Lehmann es de Eldorado<\/strong>, una localidad ubicada a 100 kil\u00f3metros de Iguaz\u00fa. En Bariloche, hace medio siglo, vivenci\u00f3 el cuidado de la naturaleza. Al volver a su tierra de origen, traslad\u00f3 esa experiencia a su <strong>chacra de 700 hect\u00e1reas<\/strong>. M\u00e1s de 600 de ellas ahora <strong>constituyen una reserva privada.<\/strong><\/p>\n<\/div>\n<div class=\"sc-198be8ec-0 cynXbu image-embed  image-embed \"><picture class=\"sc-198be8ec-1 kOjRiQ\"><source media=\"(min-width: 975px)\" width=\"720\" height=\"480\" \/><img alt=\"Lehman naci\u00f3 en Eldorado y all\u00ed estableci\u00f3 la reserva.\" loading=\"lazy\" width=\"720\" height=\"480\" decoding=\"async\" data-nimg=\"1\" style=\"color:transparent\" src=\"https:\/\/13.com.ar\/wp-content\/uploads\/2025\/02\/1738925805_616_Misiones-y-sus-reservas-privadas-un-modelo-de-conservacion.jpg\"\/><span class=\"epigraphe\">Lehman naci\u00f3 en Eldorado y all\u00ed estableci\u00f3 la reserva.<\/span><span class=\"bkg\"\/><span class=\"picture-open\"><button class=\"open-image\" aria-label=\"Open Image\"\/><\/span><\/picture><\/div>\n<div class=\"sc-80531b6b-0 chRIGJ container-text text-embed\">\n<p>La creaci\u00f3n de <strong>reservas privadas<\/strong> se realiza a trav\u00e9s de un <strong>convenio entre Ecolog\u00eda y el propietario<\/strong>, con un plazo m\u00ednimo de 20 a\u00f1os. El propietario se compromete a <strong>conservar el espacio<\/strong> y, como contraparte, la cartera ecol\u00f3gica brinda <strong>apoyo t\u00e9cnico y asistencia a la reserva<\/strong> con su cuerpo de guardaparques.<\/p>\n<\/div>\n<div class=\"sc-80531b6b-0 chRIGJ container-text text-embed\">\n<p>&#8220;De las 778 hect\u00e1reas, tengo 600 de monte, y las dem\u00e1s con campo y pastura bajo \u00e1rboles nativos. Ahora est\u00e1 tercerizado, lo que est\u00e1 permitido dentro del convenio firmado con el Ministerio de Ecolog\u00eda\u201d, indic\u00f3 Lehmann.<\/p>\n<\/div>\n<div class=\"sc-80531b6b-0 chRIGJ container-text text-embed\">\n<p>Adem\u00e1s, <strong>la existencia de la reserva no impide realizar operaciones de compra y venta.<\/strong><\/p>\n<\/div>\n<div class=\"sc-80531b6b-0 chRIGJ container-text text-embed\">\n<p>&#8220;S\u00ed, mi intenci\u00f3n es vender 200 hect\u00e1reas. El comprador deber\u00e1 cumplir con el convenio, que ya est\u00e1 hecho. Recordemos que se trata de un \u00e1rea apta para emprendimientos de ecoturismo, apicultura y toda actividad econ\u00f3micamente rentable que se permita dentro de la reserva\u201d, agreg\u00f3.<\/p>\n<\/div>\n<div class=\"sc-198be8ec-0 cynXbu image-embed  image-embed \"><picture class=\"sc-198be8ec-1 kOjRiQ\"><source media=\"(min-width: 975px)\" width=\"720\" height=\"480\" \/><img alt=\"Las reservas representan un compromiso con la selva misionera.\" loading=\"lazy\" width=\"720\" height=\"480\" decoding=\"async\" data-nimg=\"1\" style=\"color:transparent\" src=\"https:\/\/13.com.ar\/wp-content\/uploads\/2025\/02\/1738925805_834_Misiones-y-sus-reservas-privadas-un-modelo-de-conservacion.jpg\"\/><span class=\"epigraphe\">Las reservas representan un compromiso con la selva misionera.<\/span><span class=\"bkg\"\/><span class=\"picture-open\"><button class=\"open-image\" aria-label=\"Open Image\"\/><\/span><\/picture><\/div>\n<div class=\"sc-80531b6b-0 chRIGJ container-text text-embed\">\n<p>Como dicen en el \u00e1mbito del cuidado ambiental, se trata de <strong>un c\u00edrculo virtuoso.<\/strong><\/p>\n<\/div>\n<div class=\"sc-80531b6b-0 chRIGJ container-text text-embed\">\n<p>&#8220;Estas reservas realizan un gran aporte con sus diferentes perfiles y caracter\u00edsticas. Todas son modelos y todas merecen reconocimiento por su esfuerzo y compromiso con la selva misionera. En conjunto, demuestran que hay otra forma de concebir el territorio, donde la naturaleza es protagonista central&#8221;, finaliz\u00f3 Schiaffino.<\/p>\n<\/div>\n<\/div>\n<p><br \/>\n<br \/><a href=\"https:\/\/www.clarin.com\/brandstudio\/misiones-reservas-privadas-modelo-conservacion_0_8ME0YQEy53.html\">Fuente Clarin.com <\/a><\/p>\n","protected":false},"excerpt":{"rendered":"<p>Misiones tiene 3 millones de hect\u00e1reas, y el total de superficie bajo alguna categor\u00eda de protecci\u00f3n ambiental alcanza 1.394.000 hect\u00e1reas. Karina Schiaffino integra la Fundaci\u00f3n Vida Silvestre Argentina y la Red Argentina de Reservas Naturales Privadas y ha sido clara con respecto a lo que ocurre en Misiones: &#8220;La selva misionera enamora. Tanto, que hay [&hellip;]<\/p>\n","protected":false},"author":1,"featured_media":2797,"comment_status":"open","ping_status":"open","sticky":false,"template":"","format":"standard","meta":{"footnotes":""},"categories":[2],"tags":[4802,4800,844,4801,1525,40],"class_list":["post-2796","post","type-post","status-publish","format-standard","has-post-thumbnail","hentry","category-ultimas-noticias","tag-conservacion","tag-misiones","tag-modelo","tag-privadas","tag-reservas","tag-sus"],"_links":{"self":[{"href":"https:\/\/13.com.ar\/index.php\/wp-json\/wp\/v2\/posts\/2796","targetHints":{"allow":["GET"]}}],"collection":[{"href":"https:\/\/13.com.ar\/index.php\/wp-json\/wp\/v2\/posts"}],"about":[{"href":"https:\/\/13.com.ar\/index.php\/wp-json\/wp\/v2\/types\/post"}],"author":[{"embeddable":true,"href":"https:\/\/13.com.ar\/index.php\/wp-json\/wp\/v2\/users\/1"}],"replies":[{"embeddable":true,"href":"https:\/\/13.com.ar\/index.php\/wp-json\/wp\/v2\/comments?post=2796"}],"version-history":[{"count":0,"href":"https:\/\/13.com.ar\/index.php\/wp-json\/wp\/v2\/posts\/2796\/revisions"}],"wp:featuredmedia":[{"embeddable":true,"href":"https:\/\/13.com.ar\/index.php\/wp-json\/wp\/v2\/media\/2797"}],"wp:attachment":[{"href":"https:\/\/13.com.ar\/index.php\/wp-json\/wp\/v2\/media?parent=2796"}],"wp:term":[{"taxonomy":"category","embeddable":true,"href":"https:\/\/13.com.ar\/index.php\/wp-json\/wp\/v2\/categories?post=2796"},{"taxonomy":"post_tag","embeddable":true,"href":"https:\/\/13.com.ar\/index.php\/wp-json\/wp\/v2\/tags?post=2796"}],"curies":[{"name":"wp","href":"https:\/\/api.w.org\/{rel}","templated":true}]}}