{"id":2790,"date":"2025-02-07T06:52:11","date_gmt":"2025-02-07T09:52:11","guid":{"rendered":"https:\/\/13.com.ar\/index.php\/fuerte-alerta-para-el-kirchnerismo-y-karina-milei\/"},"modified":"2025-02-07T06:52:11","modified_gmt":"2025-02-07T09:52:11","slug":"fuerte-alerta-para-el-kirchnerismo-y-karina-milei","status":"publish","type":"post","link":"https:\/\/13.com.ar\/index.php\/fuerte-alerta-para-el-kirchnerismo-y-karina-milei\/","title":{"rendered":"fuerte alerta para el kirchnerismo y Karina Milei"},"content":{"rendered":"<p> <br \/>\n<br \/><img decoding=\"async\" src=\"https:\/\/13.com.ar\/wp-content\/uploads\/2025\/02\/fuerte-alerta-para-el-kirchnerismo-y-Karina-Milei.jpg\" \/><\/p>\n<div id=\"cuerpo\">\n<div class=\"sc-80531b6b-0 chRIGJ container-text text-embed\">\n<p>Hay una hip\u00f3tesis que circula dentro de <strong>La Libertad Avanza<\/strong>, a partir de la decisi\u00f3n de <strong>Karina Milei<\/strong> de frezar o expulsar a figuras de renombre en el espacio, como la vice <strong>Victoria Villarruel<\/strong> o el legislador <strong>Ramiro Marra.<\/strong> La presunci\u00f3n es que la secretaria de Presidencia no quiere dirigentes que opaquen la figura de su hermano, pero adem\u00e1s, ella misma estar\u00eda analizando seriamente ser candidata en las pr\u00f3ximas legislativas. <\/p>\n<\/div>\n<div class=\"sc-80531b6b-0 chRIGJ container-text text-embed\">\n<p><strong>Su nombre fue mencionado varias veces como una alternativa en la provincia de Buenos Aires y una nueva encuesta enciende un alerta para esta posibilidad. Karina Milei fue medida entre una decena de posibles candidatos, oficialistas y opositores, y termin\u00f3 bastante relegada.<\/strong><\/p>\n<\/div>\n<div class=\"sc-80531b6b-0 chRIGJ container-text text-embed\">\n<p>Pero quiz\u00e1 m\u00e1s fuerte es la alarma que puede dispararse en Uni\u00f3n por la Patria, que nuevamente termina postergado por los libertarios en territorio bonaerense. <strong>Clar\u00edn<\/strong> adelant\u00f3 esta semana un sondeo de la consultora <strong><em>Pulso Research <\/em><\/strong>que tra\u00eda esta noticia. Ahora se suma el estudio de la firma <strong>CIGP<\/strong>.<\/p>\n<\/div>\n<div class=\"sc-80531b6b-0 chRIGJ container-text text-embed\">\n<p>Se trata de una encuestadora chica, pero ya con varios a\u00f1os en el mercado. Suele sacar informes peri\u00f3dicos de coyuntura y mide para las elecciones nacionales. <\/p>\n<\/div>\n<div class=\"sc-80531b6b-0 chRIGJ container-text text-embed\">\n<p>Entre el 25 y 29 de enero hicieron un <strong>relevamiento nacional<\/strong> de<strong> 1.200 casos<\/strong>, con<strong> recortes de resultados en la provincia de Buenos Aires<\/strong>. De cara a las legislativas en este distrito, evaluaron la pelea por espacio y por candidatos.<\/p>\n<\/div>\n<p><h2>Bien el oficialismo, m\u00e1s o menos la oposici\u00f3n<\/h2>\n<\/p>\n<div class=\"sc-80531b6b-0 chRIGJ container-text text-embed\">\n<p>Antes de entrar en el terreno electoral bonaerense, la encuesta muestra distintos cuadros a nivel pa\u00eds, en general con datos positivos para el Gobierno y no tanto para sus rivales. <\/p>\n<\/div>\n<div class=\"sc-80531b6b-0 chRIGJ container-text text-embed\">\n<p>1) La evaluaci\u00f3n de la <strong>gesti\u00f3n de Milei<\/strong> termina con<strong> 48,75% de apoyo y 40,25% de rechazo<\/strong> (resto ns\/nc).<\/p>\n<\/div>\n<div class=\"sc-80531b6b-0 chRIGJ container-text text-embed\">\n<p>2) Si bien la mirada sobre la <strong>situaci\u00f3n actual del pa\u00eds<\/strong> tiene<strong> balance negativo <\/strong>(+ 33% y &#8211; 45,5%), las <strong>expectativas son favorables<\/strong> (52,25% espera una mejora contra 32,50% que se mantiene pesimista).<\/p>\n<\/div>\n<div class=\"sc-80531b6b-0 chRIGJ container-text text-embed\">\n<p>3) El <strong>50,5% est\u00e1 de acuerdo con las reformas<\/strong> que impulsa Milei contra un 39% que las cuestiona.<\/p>\n<\/div>\n<div class=\"sc-80531b6b-0 chRIGJ container-text text-embed\">\n<p>4) Respecto al<strong> rol de la oposici\u00f3n<\/strong>, el <strong>39,25%<\/strong> dice que <strong>&#8220;no est\u00e1 funcionando como deber\u00eda&#8221; <\/strong>y el <strong>31%<\/strong> asegura que<strong> &#8220;est\u00e1 intentando desestabilizar al Gobierno&#8221;<\/strong>.<\/p>\n<\/div>\n<p><h2>Intenci\u00f3n de voto por espacio y por candidato en la Provincia<\/h2>\n<\/p>\n<div class=\"sc-80531b6b-0 chRIGJ container-text text-embed\">\n<p>Luego s\u00ed viene el tramo electoral, con foco en la provincia de Buenos Aires. Primero plantean: &#8220;<strong>\u00bfSi las elecciones legislativas fueran hoy, \u00bfa qu\u00e9 fuerza pol\u00edtica votar\u00eda?<\/strong>&#8220;. <\/p>\n<\/div>\n<div class=\"sc-80531b6b-0 chRIGJ container-text text-embed\">\n<p>Ese primer alerta suena para el peronismo K, ya que<strong> Uni\u00f3n por la Patria queda en segundo lugar<\/strong>. <\/p>\n<\/div>\n<div class=\"sc-80531b6b-0 chRIGJ container-text text-embed\">\n<p>1) La Libertad Avanza: 34%.<\/p>\n<\/div>\n<div class=\"sc-80531b6b-0 chRIGJ container-text text-embed\">\n<p>2) Uni\u00f3n por la Patria: 26%.<\/p>\n<\/div>\n<div class=\"sc-80531b6b-0 chRIGJ container-text text-embed\">\n<p>4) Frente de Izquierda: 8,5%.<\/p>\n<\/div>\n<div class=\"sc-80531b6b-0 chRIGJ container-text text-embed\">\n<p>5) Peronismo disidente: 5,5%.<\/p>\n<\/div>\n<p><iframe title=\"Intenci\u00f3n de voto en Provincia para las legislativas\" aria-label=\"Gr\u00e1fico de anillo\" id=\"datawrapper-chart-LFODl\" src=\"https:\/\/datawrapper.dwcdn.net\/LFODl\/1\/\" scrolling=\"no\" frameborder=\"0\" style=\"width: 0; min-width: 100% !important; border: none;\" height=\"550\" data-external=\"1\"><\/iframe><br \/>\n<iframe title=\"Intenci\u00f3n de voto en Provincia para las legislativas (Copy)\" aria-label=\"Gr\u00e1fico de anillo\" id=\"datawrapper-chart-xzkgd\" src=\"https:\/\/datawrapper.dwcdn.net\/xzkgd\/1\/\" scrolling=\"no\" frameborder=\"0\" style=\"width: 0; min-width: 100% !important; border: none;\" height=\"454\" data-external=\"1\"><\/iframe><\/p>\n<div class=\"sc-80531b6b-0 chRIGJ container-text text-embed\">\n<p>Despu\u00e9s, <strong><em>CIGP<\/em><\/strong> pregunta: &#8220;Si tuviera que elegir entre estos candidatos para ocupar un cargo en el Congreso, \u00bfa qui\u00e9n elegir\u00eda?&#8221;.<\/p>\n<\/div>\n<div class=\"sc-80531b6b-0 chRIGJ container-text text-embed\">\n<p><strong>Lidera Cristina, pero con margen acotado. Para el oficialismo, la posici\u00f3n de Espert es muy buena, pero sorprenden los magros 7,5 puntos de Karina Milei. Queda debajo incluso del posible aliado Diego Santilli, del PRO, que llega a 8,5%.<\/strong><\/p>\n<\/div>\n<div class=\"sc-80531b6b-0 chRIGJ container-text text-embed\">\n<p>1) Cristina Kirchner: 35%.<\/p>\n<\/div>\n<div class=\"sc-80531b6b-0 chRIGJ container-text text-embed\">\n<p>2) Jos\u00e9 Luis Espert: 32,25%.<\/p>\n<\/div>\n<div class=\"sc-80531b6b-0 chRIGJ container-text text-embed\">\n<p>3) Guillermo Moreno: 8,5%.<\/p>\n<\/div>\n<div class=\"sc-80531b6b-0 chRIGJ container-text text-embed\">\n<p>Como viene advirtiendo<strong> Clar\u00edn<\/strong>, se trata de <strong>mediciones muy prematuras<\/strong>. En estos d\u00edas est\u00e1 debatiendo el Congreso si suspende las PASO y a\u00fan est\u00e1 claro c\u00f3mo se configurar\u00e1n las alianzas. <\/p>\n<\/div>\n<\/div>\n<p><br \/>\n<br \/><a href=\"https:\/\/www.clarin.com\/politica\/nueva-encuesta-electoral-provincia-fuerte-alerta-kirchnerismo-karina-milei_0_dFsN0JHszH.html\">Fuente Clarin.com <\/a><\/p>\n","protected":false},"excerpt":{"rendered":"<p>Hay una hip\u00f3tesis que circula dentro de La Libertad Avanza, a partir de la decisi\u00f3n de Karina Milei de frezar o expulsar a figuras de renombre en el espacio, como la vice Victoria Villarruel o el legislador Ramiro Marra. La presunci\u00f3n es que la secretaria de Presidencia no quiere dirigentes que opaquen la figura de [&hellip;]<\/p>\n","protected":false},"author":1,"featured_media":2791,"comment_status":"open","ping_status":"open","sticky":false,"template":"","format":"standard","meta":{"footnotes":""},"categories":[2],"tags":[985,624,4337,2825,77,16],"class_list":["post-2790","post","type-post","status-publish","format-standard","has-post-thumbnail","hentry","category-ultimas-noticias","tag-alerta","tag-fuerte","tag-karina","tag-kirchnerismo","tag-milei","tag-para"],"_links":{"self":[{"href":"https:\/\/13.com.ar\/index.php\/wp-json\/wp\/v2\/posts\/2790","targetHints":{"allow":["GET"]}}],"collection":[{"href":"https:\/\/13.com.ar\/index.php\/wp-json\/wp\/v2\/posts"}],"about":[{"href":"https:\/\/13.com.ar\/index.php\/wp-json\/wp\/v2\/types\/post"}],"author":[{"embeddable":true,"href":"https:\/\/13.com.ar\/index.php\/wp-json\/wp\/v2\/users\/1"}],"replies":[{"embeddable":true,"href":"https:\/\/13.com.ar\/index.php\/wp-json\/wp\/v2\/comments?post=2790"}],"version-history":[{"count":0,"href":"https:\/\/13.com.ar\/index.php\/wp-json\/wp\/v2\/posts\/2790\/revisions"}],"wp:featuredmedia":[{"embeddable":true,"href":"https:\/\/13.com.ar\/index.php\/wp-json\/wp\/v2\/media\/2791"}],"wp:attachment":[{"href":"https:\/\/13.com.ar\/index.php\/wp-json\/wp\/v2\/media?parent=2790"}],"wp:term":[{"taxonomy":"category","embeddable":true,"href":"https:\/\/13.com.ar\/index.php\/wp-json\/wp\/v2\/categories?post=2790"},{"taxonomy":"post_tag","embeddable":true,"href":"https:\/\/13.com.ar\/index.php\/wp-json\/wp\/v2\/tags?post=2790"}],"curies":[{"name":"wp","href":"https:\/\/api.w.org\/{rel}","templated":true}]}}