{"id":2788,"date":"2025-02-07T06:48:55","date_gmt":"2025-02-07T09:48:55","guid":{"rendered":"https:\/\/13.com.ar\/index.php\/lla-y-pro-van-separados-en-santa-fe-y-macri-se-entusiasma-con-una-paliza-que-haga-recapacitar-a-milei\/"},"modified":"2025-02-07T06:48:55","modified_gmt":"2025-02-07T09:48:55","slug":"lla-y-pro-van-separados-en-santa-fe-y-macri-se-entusiasma-con-una-paliza-que-haga-recapacitar-a-milei","status":"publish","type":"post","link":"https:\/\/13.com.ar\/index.php\/lla-y-pro-van-separados-en-santa-fe-y-macri-se-entusiasma-con-una-paliza-que-haga-recapacitar-a-milei\/","title":{"rendered":"LLA y PRO van separados en Santa Fe y Macri se entusiasma con una paliza que haga recapacitar a Milei"},"content":{"rendered":"<p> <br \/>\n<br \/><img decoding=\"async\" src=\"https:\/\/13.com.ar\/wp-content\/uploads\/2025\/02\/LLA-y-PRO-van-separados-en-Santa-Fe-y-Macri.jpg\" \/><\/p>\n<div id=\"cuerpo\">\n<div class=\"sc-80531b6b-0 chRIGJ container-text text-embed\">\n<p>El cierre de las <strong>alianzas provinciales en Santa Fe<\/strong> de cara a las elecciones de convencionales constituyentes son una instant\u00e1nea del <strong>v\u00ednculo resquebrajado entre Javier Milei y Mauricio Macri<\/strong>.<\/p>\n<\/div>\n<div class=\"sc-80531b6b-0 chRIGJ container-text text-embed\">\n<p>La hermana del Presidente habilit\u00f3 a su delegada en el tercer distrito electoral del pa\u00eds, la presidenta del partido provincial <strong>Romina Diez<\/strong>, para que La Libertad Avanza compita sin aliados y lejos del PRO en los comicios del 13 de abril.<\/p>\n<\/div>\n<div class=\"sc-80531b6b-0 chRIGJ container-text text-embed\">\n<p>Macri, en tanto, autoriz\u00f3 a que su partido, que en la provincia lidera la vicegobernadora <strong>Gisela Scaglia,<\/strong> permaneciera dentro del frente Unidos, en el que tambi\u00e9n conviven <strong>los radicales y el socialismo<\/strong>, entre otras fuerzas.<\/p>\n<\/div>\n<div class=\"sc-80531b6b-0 chRIGJ container-text text-embed\">\n<p>Quienes hablan con el ex presidente sostienen que la idea del l\u00edder del PRO es que un <strong>traspi\u00e9 electoral de La Libertad Avanza en Santa Fe<\/strong> le haga &#8220;<strong>entender a los Milei la necesidad<\/strong>&#8221; de un acuerdo nacional y otros a nivel local.<\/p>\n<\/div>\n<div class=\"sc-80531b6b-0 chRIGJ container-text text-embed\">\n<p>En el cronograma electoral, tras la elecci\u00f3n santafesina figura <strong>la PASO porte\u00f1a<\/strong> que tiene fecha para el 29 de ese mes y que la legislatura porte\u00f1a se apresta a suspender como quiere Jorge Macri.<\/p>\n<\/div>\n<div class=\"sc-80531b6b-0 chRIGJ container-text text-embed\">\n<p>Una vez que se garantice que no habr\u00e1 primarias en la Capital, <strong>el jefe de Gobierno Jorge Macri quiere adelantar lo m\u00e1s posible los comicios locales<\/strong>, que ya desdobl\u00f3 de los nacionales y donde hoy no parece haber margen para un entendimiento electoral.<\/p>\n<\/div>\n<div class=\"sc-80531b6b-0 chRIGJ container-text text-embed\">\n<p>El ejecutivo porte\u00f1o promueve una <strong>candidatura a senador de su primo<\/strong>. Esperan que el oficialismo entienda que los \u201cnecesita\u201d.<\/p>\n<\/div>\n<p><h2>El efecto Amalia Granata<\/h2>\n<\/p>\n<div class=\"sc-80531b6b-0 chRIGJ container-text text-embed\">\n<p>La posibilidad latente de que LLA <strong>tropiece en su primer test electoral<\/strong> con partido propio se potencia por actores externos al macrismo y al radicalismo del gobernador Maximiliano Pullaro. <\/p>\n<\/div>\n<div class=\"sc-80531b6b-0 chRIGJ container-text text-embed\">\n<p><strong>Amalia Granata conduce su propio frente<\/strong>: Somos vida y libertad, en el que convive con el partido Inspirar del evangelista Juan Arga\u00f1araz, el partido Celeste y Blanco y hasta con la Coalici\u00f3n C\u00edvica de Elisa Carri\u00f3.<\/p>\n<\/div>\n<div class=\"sc-80531b6b-0 chRIGJ container-text text-embed\">\n<p>La ex medi\u00e1tica mide bien en su provincia y no disimula su malestar con la Casa Rosada. En el mundo libertario no lo disimulan. \u201c<strong>Granata mide bien y salir terceros no ser\u00eda un buen resultado<\/strong>\u201d, consign\u00f3 un dirigente santafesino.<\/p>\n<\/div>\n<div class=\"sc-80531b6b-0 chRIGJ container-text text-embed\">\n<p><strong>Podr\u00eda ser peor.<\/strong> Para la suerte del Gobierno, el PJ atomizado se esmera en disimular la estrategia temeraria del oficialismo. El espacio del ex gobernador Omar Perotti no jugar\u00e1 y el senador <strong>Marcelo Lewandoski no acept\u00f3 la invitaci\u00f3n de Cristina Kirchner<\/strong> para compartir espacio con los <strong>referentes de La C\u00e1mpora<\/strong> Florencia Carignano y Marcos Cleri. El Evita y el ex alfil de Agust\u00edn Rossi y yerno de Pepe Albistur, <strong>Leandro Bussatto<\/strong>, jugar\u00e1n con los sectores vinculados a <strong>Juan Grabois<\/strong>. <\/p>\n<\/div>\n<div class=\"sc-80531b6b-0 chRIGJ container-text text-embed\">\n<p><strong>En total, hay 9 frentes electorales para la elecci\u00f3n de constituyentes y los libertarios son de los pocos que ir\u00e1n en soledad.<\/strong><\/p>\n<\/div>\n<div class=\"sc-80531b6b-0 chRIGJ container-text text-embed\">\n<p>En tanto, el <strong>desembarco pausado de Patricia Bullrich en LLA<\/strong>, ya es una realidad en Santa Fe, donde los delegados del ex diputado rosarino y otrora macrista y subsecretario de Intervenci\u00f3n Federal <strong>Federico Angelini<\/strong> ya trabajan con el armado libertario que conduce Diez. Lo mismo ocurre en C\u00f3rdoba, donde tambi\u00e9n se <strong>arrima Luis Juez<\/strong>, que pas\u00f3 en la noche del mi\u00e9rcoles por Olivos para cenar con el Presidente.<\/p>\n<\/div>\n<div class=\"sc-80531b6b-0 chRIGJ container-text text-embed\">\n<p>El armado libertario en todas las provincias, que depende de Karina y de los primos <strong>Mart\u00edn y Eduardo \u201cLule\u201d Menem<\/strong>, provoca ruidos internos.<\/p>\n<\/div>\n<p><h2>El caso Corrientes<\/h2>\n<\/p>\n<div class=\"sc-80531b6b-0 chRIGJ container-text text-embed\">\n<p>Corrientes es uno de los casos m\u00e1s emblem\u00e1ticos del <strong>dilema del oficialismo<\/strong>. El Ejecutivo deshoja la margarita para la elecci\u00f3n a gobernador entre u<strong>na alianza con el senador Camau Esp\u00ednola<\/strong>, un acuerdo con el mandatario saliente y radical <strong>Gustavo Vald\u00e9s, <\/strong>que busca posicionarse como \u201cel gran elector\u201d, o una boleta violeta pura -como la santafesina- que empuja <strong>Lisandro Almir\u00f3n<\/strong>, aunque no tiene potencia electoral y lo precede una trayectoria extensa.<\/p>\n<\/div>\n<div class=\"sc-80531b6b-0 chRIGJ container-text text-embed\">\n<p>Mientras se ilusiona con una unci\u00f3n y <strong>habla en privado con Santiago Caputo<\/strong>, el ex medallista ol\u00edmpico y ex compa\u00f1ero de banca de Edgardo Kueider se qued\u00f3 con lugares para los suyos en el directorio del Ente Binacional Yacyret\u00e1. <\/p>\n<\/div>\n<div class=\"sc-80531b6b-0 chRIGJ container-text text-embed\">\n<p>El asesor presidencial, al que la secretaria general de Presidencia le mont\u00f3 una guardia permanente de Casa Militar en la antesala de su despacho, se afili\u00f3 en la tarde de este jueves al partido libertario en la Capital. Caputo es el m\u00e1s resistido por el universo del PRO.<\/p>\n<\/div>\n<div class=\"sc-80531b6b-0 chRIGJ container-text text-embed\">\n<p>En el macrismo se celebr\u00f3 la expulsi\u00f3n de Ramiro Marra de LLA ordenada por Karina, porque argumentan que le podr\u00eda quitar votos al oficialismo, igual que Granata en Santa Fe.<\/p>\n<\/div>\n<div class=\"sc-80531b6b-0 chRIGJ container-text text-embed\">\n<p>La hermana del Presidente, que este jueves recibi\u00f3 a solas a la jefa del robustecido bloque porte\u00f1o de LLA, Pilar Ram\u00edrez, explora al mismo tiempo acuerdos con gobernadores de otras fuerzas como Rogelio Frigerio, en Entre R\u00edos, o el radical Alfredo Cornejo, en Mendoza, quien habilit\u00f3 la <strong>excursi\u00f3n de su vice Hebe Casado la semana pasada<\/strong> a la Rosada como un primer paso de cara a una posible alianza. El resultado de la solitaria experiencia santafesina acaso le sirva para cambiar de opini\u00f3n o profundizar el rumbo.<\/p>\n<\/div>\n<\/div>\n<p><br \/>\n<br \/><a href=\"https:\/\/www.clarin.com\/politica\/lla-pro-van-separados-santa-fe-macri-entusiasma-paliza-haga-recapacitar-milei_0_eOQqrrGRS4.html\">Fuente Clarin.com <\/a><\/p>\n","protected":false},"excerpt":{"rendered":"<p>El cierre de las alianzas provinciales en Santa Fe de cara a las elecciones de convencionales constituyentes son una instant\u00e1nea del v\u00ednculo resquebrajado entre Javier Milei y Mauricio Macri. La hermana del Presidente habilit\u00f3 a su delegada en el tercer distrito electoral del pa\u00eds, la presidenta del partido provincial Romina Diez, para que La Libertad [&hellip;]<\/p>\n","protected":false},"author":1,"featured_media":2789,"comment_status":"open","ping_status":"open","sticky":false,"template":"","format":"standard","meta":{"footnotes":""},"categories":[2],"tags":[18,4794,3665,1115,1109,77,4795,1111,4796,4311,4793,73,1021],"class_list":["post-2788","post","type-post","status-publish","format-standard","has-post-thumbnail","hentry","category-ultimas-noticias","tag-con","tag-entusiasma","tag-haga","tag-lla","tag-macri","tag-milei","tag-paliza","tag-pro","tag-recapacitar","tag-santa","tag-separados","tag-una","tag-van"],"_links":{"self":[{"href":"https:\/\/13.com.ar\/index.php\/wp-json\/wp\/v2\/posts\/2788","targetHints":{"allow":["GET"]}}],"collection":[{"href":"https:\/\/13.com.ar\/index.php\/wp-json\/wp\/v2\/posts"}],"about":[{"href":"https:\/\/13.com.ar\/index.php\/wp-json\/wp\/v2\/types\/post"}],"author":[{"embeddable":true,"href":"https:\/\/13.com.ar\/index.php\/wp-json\/wp\/v2\/users\/1"}],"replies":[{"embeddable":true,"href":"https:\/\/13.com.ar\/index.php\/wp-json\/wp\/v2\/comments?post=2788"}],"version-history":[{"count":0,"href":"https:\/\/13.com.ar\/index.php\/wp-json\/wp\/v2\/posts\/2788\/revisions"}],"wp:featuredmedia":[{"embeddable":true,"href":"https:\/\/13.com.ar\/index.php\/wp-json\/wp\/v2\/media\/2789"}],"wp:attachment":[{"href":"https:\/\/13.com.ar\/index.php\/wp-json\/wp\/v2\/media?parent=2788"}],"wp:term":[{"taxonomy":"category","embeddable":true,"href":"https:\/\/13.com.ar\/index.php\/wp-json\/wp\/v2\/categories?post=2788"},{"taxonomy":"post_tag","embeddable":true,"href":"https:\/\/13.com.ar\/index.php\/wp-json\/wp\/v2\/tags?post=2788"}],"curies":[{"name":"wp","href":"https:\/\/api.w.org\/{rel}","templated":true}]}}