{"id":2786,"date":"2025-02-07T06:45:46","date_gmt":"2025-02-07T09:45:46","guid":{"rendered":"https:\/\/13.com.ar\/index.php\/la-incertidumbre-y-la-angustia-de-las-familias-a-un-ano-del-derrumbe-de-un-ph-caballito\/"},"modified":"2025-02-07T06:45:46","modified_gmt":"2025-02-07T09:45:46","slug":"la-incertidumbre-y-la-angustia-de-las-familias-a-un-ano-del-derrumbe-de-un-ph-caballito","status":"publish","type":"post","link":"https:\/\/13.com.ar\/index.php\/la-incertidumbre-y-la-angustia-de-las-familias-a-un-ano-del-derrumbe-de-un-ph-caballito\/","title":{"rendered":"la incertidumbre y la angustia de las familias, a un a\u00f1o del derrumbe de un PH Caballito"},"content":{"rendered":"<p> <br \/>\n<\/p>\n<div id=\"cuerpo\">\n<div class=\"sc-80531b6b-0 chRIGJ container-text text-embed\">\n<p>Era el mediod\u00eda del 8 de febrero de 2024. El cielo se oscurec\u00eda. Anunciaban una tormenta descomunal en la Ciudad. Ingrid Vadala sali\u00f3 a comprar minutos antes y vio una rajadura enorme en la parte de la casa donde viv\u00edan los hermanos <strong>Ram\u00f3n y N\u00e9lida Acu\u00f1a<\/strong>. Se preocup\u00f3 y se lo hizo saber a Ram\u00f3n. \u00c9l llam\u00f3 al arquitecto, quien <strong>le asegur\u00f3 que no hab\u00eda de qu\u00e9 preocuparse.<\/strong><\/p>\n<\/div>\n<div class=\"sc-80531b6b-0 chRIGJ container-text text-embed\">\n<p>A los pocos minutos se hizo de noche. La lluvia ca\u00eda con fuerza. De repente, un cimbronazo sacudi\u00f3 la cuadra. Los vecinos del Ph ubicado en <strong>Pedro Goyena 555<\/strong> abrieron sus puertas y <strong>el pasillo ya no estaba. Tampoco el suelo.<\/strong> Todo se lo hab\u00eda tragado la tierra. Ram\u00f3n y N\u00e9lida fueron devorados por un sinf\u00edn de escombros. <strong>Los dos murieron.<\/strong><\/p>\n<\/div>\n<div class=\"sc-80531b6b-0 chRIGJ container-text text-embed\">\n<p>Ya pas\u00f3 un a\u00f1o y el vac\u00edo sigue ah\u00ed. No solo en el terreno, donde a\u00fan no se ha movido un ladrillo para la reconstrucci\u00f3n, sino en la vida de los vecinos, que a\u00fan deambulan en alquileres con la <strong>incertidumbre<\/strong> de no saber qu\u00e9 pasar\u00e1 con sus hogares ni tampoco si van a renovar sus casas provisorias.<\/p>\n<\/div>\n<p><h3>Despu\u00e9s de la tragedia<\/h3>\n<\/p>\n<div class=\"sc-80531b6b-0 chRIGJ container-text text-embed\">\n<p>Las familias afectadas lograron rescatar algunas cosas y a sus mascotas, pero todo lo dem\u00e1s qued\u00f3 en un limbo. La constructora MAB Inversiones SRL \u2014constituida por Yanina Natalia Cueto, Fernando Jos\u00e9 Cueto y Jorge Ezequiel Cueto\u2014 <strong>al principio no brind\u00f3 una ayuda concreta<\/strong>. Incluso en su momento enviaron un formulario para que los vecinos, a cambio de dinero, los eximieran de toda responsabilidad. Finalmente, con la intervenci\u00f3n del Gobierno de la Ciudad,<strong> aceptaron pagar los alquileres. <\/strong>Pero con una condici\u00f3n: renovaciones mes a mes, sin certezas.<\/p>\n<\/div>\n<div class=\"sc-198be8ec-0 cynXbu image-embed  image-embed \"><picture class=\"sc-198be8ec-1 kOjRiQ\"><source media=\"(min-width: 975px)\" width=\"720\" height=\"480\" \/><img alt=\"La pasarela por la que las familias del PH que se derrumb\u00f3 en Pedro Goyena pudieron ingresar a sacar sus pertenencias el a\u00f1o pasado. Foto: Emmanuel Fern\u00e1ndez\" loading=\"lazy\" width=\"720\" height=\"480\" decoding=\"async\" data-nimg=\"1\" style=\"color:transparent\" src=\"https:\/\/13.com.ar\/wp-content\/uploads\/2025\/02\/la-incertidumbre-y-la-angustia-de-las-familias-a-un.jpg\"\/><span class=\"epigraphe\">La pasarela por la que las familias del PH que se derrumb\u00f3 en Pedro Goyena pudieron ingresar a sacar sus pertenencias el a\u00f1o pasado. Foto: Emmanuel Fern\u00e1ndez<\/span><span class=\"bkg\"\/><span class=\"picture-open\"><button class=\"open-image\" aria-label=\"Open Image\"\/><\/span><\/picture><\/div>\n<div class=\"sc-80531b6b-0 chRIGJ container-text text-embed\">\n<p>El desgaste emocional de los vecinos es enorme. No hay estabilidad ni respuestas claras. As\u00ed lo expresa Ingrid Vadala: &#8220;A trav\u00e9s de mi abogado, yo renov\u00e9 mi alquiler por seis meses y vence en mayo. Ellos no me quisieron renovar por un a\u00f1o como yo lo solicit\u00e9 porque la realidad es que<strong> nuestra vida se va renovando por seis meses<\/strong>. Es una locura, no te dan posibilidad de proyecci\u00f3n, est\u00e1s todo el tiempo pensando de ac\u00e1 a seis meses qu\u00e9 va a pasar.&#8221;<\/p>\n<\/div>\n<div class=\"sc-80531b6b-0 chRIGJ container-text text-embed\">\n<p>Elisa est\u00e1 en una situaci\u00f3n a\u00fan m\u00e1s desesperante: &#8220;No he tenido ninguna respuesta de la constructora respecto a si van a darme el dinero para poder renovar o no. Y lo vengo pidiendo con mi abogado hace dos meses. No soy la \u00fanica que est\u00e1 as\u00ed. Ha habido otros casos donde la gente ha tenido que esperar y ah\u00ed negociar con las inmobiliarias porque<strong> la constructora se demor\u00f3 dos semanas en darles el dinero<\/strong>. No sabemos si quieren desgastarnos o qu\u00e9 buscan, porque la realidad es que nos tienen en una incertidumbre y una angustia tremenda. Ni siquiera sabemos, en mi caso, <strong>si en ocho d\u00edas voy a tener d\u00f3nde vivir con mi hija&#8221;.<\/strong><\/p>\n<\/div>\n<div class=\"sc-80531b6b-0 chRIGJ container-text text-embed\">\n<p>Lucas, otro de los damnificados, resume lo que sienten los vecinos: &#8220;La verdad es que mucho no cambi\u00f3. En la parte legal podemos decir que un poco mejor\u00f3 porque todos los peritos iban a favor nuestro: <strong>la culpa es la constructora&#8221;<\/strong>.<\/p>\n<\/div>\n<div class=\"sc-198be8ec-0 cynXbu image-embed  image-embed \"><picture class=\"sc-198be8ec-1 kOjRiQ\"><source media=\"(min-width: 975px)\" width=\"720\" height=\"480\" \/><img alt=\"Congelado. As\u00ed qued\u00f3 el departamento que se derrumb\u00f3 hace una a\u00f1o en Pedro Goyena, junto a una obra en construcci\u00f3n. Foto: Emmanuel Fern\u00e1ndez\" loading=\"lazy\" width=\"720\" height=\"480\" decoding=\"async\" data-nimg=\"1\" style=\"color:transparent\" src=\"https:\/\/13.com.ar\/wp-content\/uploads\/2025\/02\/1738921546_61_la-incertidumbre-y-la-angustia-de-las-familias-a-un.jpg\"\/><span class=\"epigraphe\">Congelado. As\u00ed qued\u00f3 el departamento que se derrumb\u00f3 hace una a\u00f1o en Pedro Goyena, junto a una obra en construcci\u00f3n. Foto: Emmanuel Fern\u00e1ndez<\/span><span class=\"bkg\"\/><span class=\"picture-open\"><button class=\"open-image\" aria-label=\"Open Image\"\/><\/span><\/picture><\/div>\n<div class=\"sc-80531b6b-0 chRIGJ container-text text-embed\">\n<p>Los vecinos repiten lo mismo  que el Gobierno de la Ciudad les &#8220;solt\u00f3 la mano&#8221;. Y afirman: &#8220;Nadie contesta nada. Es trist\u00edsimo. Cerraron las puertas de nuestra vivienda y nadie se hace cargo de volvernos a abrir para ingresar y ver c\u00f3mo est\u00e1n nuestras casas. Tratamos de mantenernos como podemos. No est\u00e1n haciendo nada por nosotros y volvemos a estar solos, no tenemos acompa\u00f1amiento y estamos luchando como podemos&#8221;.<\/p>\n<\/div>\n<div class=\"sc-80531b6b-0 chRIGJ container-text text-embed\">\n<p><strong>&#8220;No pudimos ingresar nunca m\u00e1s a nuestras casas desde junio<\/strong>, por lo cual te imaginar\u00e1s en el estado en el que deben estar sin mantenimiento, sin poder limpiarlas. No se hizo ning\u00fan tipo de apuntalamiento nuevo. Hay una pasarela provisoria que se hizo en su momento, pero tiene un desgaste total&#8221;, remarc\u00f3 Ingrid.<\/p>\n<\/div>\n<div class=\"sc-198be8ec-0 cynXbu image-embed  image-embed \"><picture class=\"sc-198be8ec-1 kOjRiQ\"><source media=\"(min-width: 975px)\" width=\"720\" height=\"480\" \/><img alt=\"Aunque se hicieron trabajos para apuntarla la estructura del PH que se durrumb\u00f3 el a\u00f1o pasado en Pedro Goyena, la Guardia de Auxilio mantiene clausurado el lugar porque es peligroso el ingreso. Foto: Emmanuel Fern\u00e1ndez.\" loading=\"lazy\" width=\"720\" height=\"480\" decoding=\"async\" data-nimg=\"1\" style=\"color:transparent\" src=\"https:\/\/13.com.ar\/wp-content\/uploads\/2025\/02\/1738921546_987_la-incertidumbre-y-la-angustia-de-las-familias-a-un.jpg\"\/><span class=\"epigraphe\">Aunque se hicieron trabajos para apuntarla la estructura del PH que se durrumb\u00f3 el a\u00f1o pasado en Pedro Goyena, la Guardia de Auxilio mantiene clausurado el lugar porque es peligroso el ingreso. Foto: Emmanuel Fern\u00e1ndez.<\/span><span class=\"bkg\"\/><span class=\"picture-open\"><button class=\"open-image\" aria-label=\"Open Image\"\/><\/span><\/picture><\/div>\n<div class=\"sc-80531b6b-0 chRIGJ container-text text-embed\">\n<p>Adem\u00e1s, denunci\u00f3 que la constructora sigue operando en la zona de Caballito bajo el nombre &#8220;Equipo 6C&#8221;. &#8220;Van enmascar\u00e1ndose con diferentes nombres, con diferentes sociedades y ellos <strong>siguen trabajando mientras nosotros dependemos de su buena voluntad para renovar un alquiler,<\/strong> para retomar nuestras vidas y para, sobre todo, que nos restituyan nuestras casas&#8221;, se\u00f1al\u00f3.<\/p>\n<\/div>\n<p><h3>La causa judicial<\/h3>\n<\/p>\n<div class=\"sc-80531b6b-0 chRIGJ container-text text-embed\">\n<p>Silvia, hija de N\u00e9lida Acu\u00f1a, no usa la palabra &#8220;tragedia&#8221;. &#8220;Se cumple un a\u00f1o de lo que yo llamo ni tragedia, ni fatalidad, <strong>sino un crimen con connivencia.<\/strong> El Gobierno de la Ciudad desde junio no nos deja entrar. Puedo entender que ese socav\u00f3n est\u00e1 destruyendo cada vez m\u00e1s nuestras propiedades. Pero si sab\u00edan que era peligroso, \u00bfpor qu\u00e9 no aseguraron la zona? Todas las promesas que hicieron Jorge Macri y la vicejefa Muzzio quedaron en la nada. <strong>Nos fueron delegando a distintas personas sin soluci\u00f3n alguna&#8221;,<\/strong> considera.<\/p>\n<\/div>\n<div class=\"sc-80531b6b-0 chRIGJ container-text text-embed\">\n<p>Consultadas por <strong>Clar\u00edn, <\/strong>desde el Gobierno porte\u00f1o explicaron que &#8220;desde la Ciudad se viene haciendo todo lo posible para poder resolver las cuestiones pendientes&#8221;. Afirmaron que, desde la Secretar\u00eda de Seguridad, a cargo de Ezequiel Daglio, y la Subsecretar\u00eda de Relaciones con la Comunidad y Atenci\u00f3n a la V\u00edctima, del Ministerio de Seguridad, est\u00e1n en comunicaci\u00f3n con los vecinos para trabajar en soluciones a las necesidades. Agregaron que se gestionaron subsidios y<strong> se medi\u00f3 con la constructora para el pago de alquileres.<\/strong> <\/p>\n<\/div>\n<div class=\"sc-198be8ec-0 cynXbu image-embed  image-embed \"><picture class=\"sc-198be8ec-1 kOjRiQ\"><source media=\"(min-width: 975px)\" width=\"720\" height=\"480\" \/><img alt=\"El obrador de la construcci\u00f3n que caus\u00f3 un derrumbe y la muerte de dos personas en un PH de la avenida Pedro Goyena, en Caballito. Foto: Emmanuel Fern\u00e1ndez\" loading=\"lazy\" width=\"720\" height=\"480\" decoding=\"async\" data-nimg=\"1\" style=\"color:transparent\" src=\"https:\/\/13.com.ar\/wp-content\/uploads\/2025\/02\/1738921546_468_la-incertidumbre-y-la-angustia-de-las-familias-a-un.jpg\"\/><span class=\"epigraphe\">El obrador de la construcci\u00f3n que caus\u00f3 un derrumbe y la muerte de dos personas en un PH de la avenida Pedro Goyena, en Caballito. Foto: Emmanuel Fern\u00e1ndez<\/span><span class=\"bkg\"\/><span class=\"picture-open\"><button class=\"open-image\" aria-label=\"Open Image\"\/><\/span><\/picture><\/div>\n<div class=\"sc-80531b6b-0 chRIGJ container-text text-embed\">\n<p>Agregaron que, a fines de febrero de 2024, se otorg\u00f3 un subsidio excepcional para cubrir una primera tanda de necesidades b\u00e1sicas, como ropa, \u00fatiles y uniformes escolares, hasta tanto pudieran ingresar a sus propiedades. Y que el apuntalamiento para permitir el ingreso de los vecinos durante tres meses lo hizo la Guardia de Auxilio. <\/p>\n<\/div>\n<div class=\"sc-80531b6b-0 chRIGJ container-text text-embed\">\n<p>Las mismas fuentes se\u00f1alaron que en la actualidad <strong>&#8220;ni la estructura ni el terreno son garant\u00eda de estabilidad. Por eso est\u00e1n clausuradas la obra y la propiedad&#8221;. <\/strong>Y remarcaron que &#8220;hay un expediente judicial que investiga las razones del derrumbe para establecer responsabilidades, ya que se trata de un tema entre privados (vecinos y empresa constructora) y que define las medidas a tomar&#8221;.<\/p>\n<\/div>\n<div class=\"sc-80531b6b-0 chRIGJ container-text text-embed\">\n<p>&#8220;Se habla de conflicto entre privados, lo cual es absolutamente err\u00f3neo, porque el desastre lo armaron entre la empresa constructora y la corrupci\u00f3n con los inspectores. Me gustar\u00eda saber el nombre de cada inspector que fue y no par\u00f3 la obra. <strong>Estoy devastada.<\/strong> El Gobierno de la Ciudad cada vez que se present\u00f3 dijo que estaba &#8216;a disposici\u00f3n. Pero esas fueron solo palabras vac\u00edas. No se traducen en hechos&#8221;, sostuvo la hija de N\u00e9lida.<\/p>\n<\/div>\n<div class=\"sc-198be8ec-0 cynXbu image-embed  image-embed \"><picture class=\"sc-198be8ec-1 kOjRiQ\"><source media=\"(min-width: 975px)\" width=\"720\" height=\"480\" \/><img alt=\"Sobre la avenida Pedro Goyena, en Caballito, a\u00fan est\u00e1 el cartel del proyecto que caus\u00f3 el derrumbe de un PH y la muerte de dos personas. Hay siete imputados que ya fueron indagados. \" loading=\"lazy\" width=\"720\" height=\"480\" decoding=\"async\" data-nimg=\"1\" style=\"color:transparent\" src=\"https:\/\/13.com.ar\/wp-content\/uploads\/2025\/02\/1738921546_667_la-incertidumbre-y-la-angustia-de-las-familias-a-un.jpg\"\/><span class=\"epigraphe\">Sobre la avenida Pedro Goyena, en Caballito, a\u00fan est\u00e1 el cartel del proyecto que caus\u00f3 el derrumbe de un PH y la muerte de dos personas. Hay siete imputados que ya fueron indagados. <\/span><span class=\"bkg\"\/><span class=\"picture-open\"><button class=\"open-image\" aria-label=\"Open Image\"\/><\/span><\/picture><\/div>\n<div class=\"sc-80531b6b-0 chRIGJ container-text text-embed\">\n<p>Tania, otra de las damnificadas, comparte una sensaci\u00f3n similar y asegura que les cost\u00f3 mucho volver a empezar y <strong>arrancar de cero de un d\u00eda para el otro. <\/strong>&#8220;Mi hija de 18 a\u00f1os me dijo: \u2018Es como estar de vacaciones, pero no poder volver nunca a tu casa\u2019. No pudimos entrar m\u00e1s por nuestras cosas. Pasamos y vemos todo clausurado, abandonado. Todo fue quedando en el olvido&#8221;, se\u00f1ala.<\/p>\n<\/div>\n<div class=\"sc-80531b6b-0 chRIGJ container-text text-embed\">\n<p>En cuanto al juicio, <strong>Clar\u00edn<\/strong> pudo saber que lo \u00faltimo que se hizo fue a mediados de diciembre, cuando se cit\u00f3 a indagatoria a los imputados. Las audiencias se realizaron el 20 de diciembre. Con respecto a las pericias, el resultado respald\u00f3 la hip\u00f3tesis de la fiscal\u00eda, en cuanto a que hubo <strong>irregularidades varias y negligencia<\/strong>. La imputaci\u00f3n de 7 personas es por estrago culposo. Y a\u00fan resta indagar a un imputado, el arquitecto, que est\u00e1 citado para febrero&#8221;, informaron fuentes judiciales.<\/p>\n<\/div>\n<\/div>\n<p><br \/>\n<br \/><a href=\"https:\/\/www.clarin.com\/ciudades\/vida-va-renovando-6-meses-dia-dia-incertidumbre-angustia-familias-ano-derrumbe-ph-caballito_0_6bYb67LFrn.html\">Fuente Clarin.com <\/a><\/p>\n","protected":false},"excerpt":{"rendered":"<p>Era el mediod\u00eda del 8 de febrero de 2024. El cielo se oscurec\u00eda. Anunciaban una tormenta descomunal en la Ciudad. Ingrid Vadala sali\u00f3 a comprar minutos antes y vio una rajadura enorme en la parte de la casa donde viv\u00edan los hermanos Ram\u00f3n y N\u00e9lida Acu\u00f1a. Se preocup\u00f3 y se lo hizo saber a Ram\u00f3n. [&hellip;]<\/p>\n","protected":false},"author":1,"featured_media":2787,"comment_status":"open","ping_status":"open","sticky":false,"template":"","format":"standard","meta":{"footnotes":""},"categories":[2],"tags":[2630,530,4792,100,4791,2237,4790,48],"class_list":["post-2786","post","type-post","status-publish","format-standard","has-post-thumbnail","hentry","category-ultimas-noticias","tag-angustia","tag-ano","tag-caballito","tag-del","tag-derrumbe","tag-familias","tag-incertidumbre","tag-las"],"_links":{"self":[{"href":"https:\/\/13.com.ar\/index.php\/wp-json\/wp\/v2\/posts\/2786","targetHints":{"allow":["GET"]}}],"collection":[{"href":"https:\/\/13.com.ar\/index.php\/wp-json\/wp\/v2\/posts"}],"about":[{"href":"https:\/\/13.com.ar\/index.php\/wp-json\/wp\/v2\/types\/post"}],"author":[{"embeddable":true,"href":"https:\/\/13.com.ar\/index.php\/wp-json\/wp\/v2\/users\/1"}],"replies":[{"embeddable":true,"href":"https:\/\/13.com.ar\/index.php\/wp-json\/wp\/v2\/comments?post=2786"}],"version-history":[{"count":0,"href":"https:\/\/13.com.ar\/index.php\/wp-json\/wp\/v2\/posts\/2786\/revisions"}],"wp:featuredmedia":[{"embeddable":true,"href":"https:\/\/13.com.ar\/index.php\/wp-json\/wp\/v2\/media\/2787"}],"wp:attachment":[{"href":"https:\/\/13.com.ar\/index.php\/wp-json\/wp\/v2\/media?parent=2786"}],"wp:term":[{"taxonomy":"category","embeddable":true,"href":"https:\/\/13.com.ar\/index.php\/wp-json\/wp\/v2\/categories?post=2786"},{"taxonomy":"post_tag","embeddable":true,"href":"https:\/\/13.com.ar\/index.php\/wp-json\/wp\/v2\/tags?post=2786"}],"curies":[{"name":"wp","href":"https:\/\/api.w.org\/{rel}","templated":true}]}}