{"id":2782,"date":"2025-02-07T06:38:42","date_gmt":"2025-02-07T09:38:42","guid":{"rendered":"https:\/\/13.com.ar\/index.php\/buscan-acelerar-la-expulsion-del-pais-de-los-extranjeros-detenidos-por-delitos-en-la-ciudad\/"},"modified":"2025-02-07T06:38:42","modified_gmt":"2025-02-07T09:38:42","slug":"buscan-acelerar-la-expulsion-del-pais-de-los-extranjeros-detenidos-por-delitos-en-la-ciudad","status":"publish","type":"post","link":"https:\/\/13.com.ar\/index.php\/buscan-acelerar-la-expulsion-del-pais-de-los-extranjeros-detenidos-por-delitos-en-la-ciudad\/","title":{"rendered":"Buscan acelerar la expulsi\u00f3n del pa\u00eds de los extranjeros detenidos por delitos en la Ciudad"},"content":{"rendered":"<p> <br \/>\n<\/p>\n<div id=\"cuerpo\">\n<div class=\"sc-80531b6b-0 chRIGJ container-text text-embed\">\n<p>A veces los n\u00fameros pueden parecer fr\u00edos pero dependiendo la \u00f3ptica con la que se los mire tambi\u00e9n pueden decir mucho. Y un Informe de detenidos en la Ciudad Aut\u00f3noma de Buenos Aires al que tuvo acceso <strong>Clar\u00edn <\/strong>sirve como radiograf\u00eda de lo que pasa con el delito en CABA.<\/p>\n<\/div>\n<div class=\"sc-80531b6b-0 chRIGJ container-text text-embed\">\n<p>En las comisar\u00edas y alcald\u00edas de la Polic\u00eda de la Ciudad hay 2.269 detenidos. Esa es la foto al 27 de enero. El n\u00famero var\u00eda a cada hora con nuevas detenciones y liberaciones. Pero la tendencia marca un <strong>crecimiento constante, en un contexto de sobrepoblaci\u00f3n<\/strong>. El a\u00f1o pasado, en plena crisis por las fugas, los presos no llegaban a 2.000.<\/p>\n<\/div>\n<div class=\"sc-80531b6b-0 chRIGJ container-text text-embed\">\n<p>\u201cTuvimos un <strong>35 % m\u00e1s de detenidos<\/strong> en 2024 que en 2023\u201d, dice a <strong>Clar\u00edn <\/strong>una alta fuente del Ministerio de Seguridad de la Ciudad. Una de las razones de la mayor cantidad de detenciones tiene que ver con el aumento del patrullaje, que pas\u00f3 de 50.000 kil\u00f3metros diarios en 2023 a 100.000 el mes pasado.<\/p>\n<\/div>\n<div class=\"sc-80531b6b-0 chRIGJ container-text text-embed\">\n<p>De los 2.269 detenidos,<strong> 431 son extranjeros. Es decir, el 20 %.<\/strong> Seg\u00fan los datos del \u00faltimo censo, en la Ciudad el 13,54 % de los habitantes nacieron en otro pa\u00eds. Es decir, su incidencia en el delito es mayor en relaci\u00f3n a la poblaci\u00f3n total.<\/p>\n<\/div>\n<div class=\"sc-80531b6b-0 chRIGJ container-text text-embed\">\n<p>Pero en un contexto de sobrepoblaci\u00f3n carcelaria, el problema se amplifica. Y justamente con los detenidos extranjeros existe una posibilidad de descomprimir, aunque sea un poco, la situaci\u00f3n apremiante en los calabozos. Es por esto que la Ciudad busca expulsar a los que la ley le permite hacerlo.<\/p>\n<\/div>\n<div class=\"sc-80531b6b-0 chRIGJ container-text text-embed\">\n<p>Vale recordar que el Gobierno de Alberto Fern\u00e1ndez derog\u00f3 en marzo de 2021 el decreto que permit\u00eda el tr\u00e1mite de <strong>expulsi\u00f3n express<\/strong>. Ese DNU hab\u00eda sido firmado por Mauricio Macri en 2017 y modificaba la Ley de Migraciones creando un \u201cprocedimiento migratorio especial sumar\u00edsimo&#8221; para acelerar la deportaci\u00f3n y la prohibici\u00f3n de ingreso al pa\u00eds a cualquier extranjero que tuviera una causa penal en Argentina.<\/p>\n<\/div>\n<div class=\"sc-80531b6b-0 chRIGJ container-text text-embed\">\n<p>De esa manera se volvi\u00f3 al sistema anterior en el que para expulsar a un inmigrante que cometi\u00f3 un delito, se necesita la decisi\u00f3n de Migraciones y el aval de la Justicia.<\/p>\n<\/div>\n<div class=\"sc-80531b6b-0 chRIGJ container-text text-embed\">\n<p>Hoy los supuestos por los que se puede expulsar a un extranjero son: por la figura de <strong>extra\u00f1amiento<\/strong>, es decir, cuando hayan cumplido la mitad de la pena recibida; cuando est\u00e9n procesados y la condena en expectativa sea de<strong> ejecuci\u00f3n condicional<\/strong>, por lo que no cabr\u00eda la figura del extra\u00f1amiento; y cuando se trata de un extranjero que delinque sobre el que <strong>ya pesaba una orden administrativa de expulsi\u00f3n<\/strong>.<\/p>\n<\/div>\n<div class=\"sc-80531b6b-0 chRIGJ container-text text-embed\">\n<p>En estas condiciones hoy hay <strong>148 detenidos<\/strong> nacidos en otro pa\u00eds que la Ciudad busca que sean expulsados del pa\u00eds. Pero no es una decisi\u00f3n que dependa del Gobierno porte\u00f1o, sino de la Direcci\u00f3n Nacional de Migraciones y cada tribunal que tiene a cargo las causas por las que fueron imputados.<\/p>\n<\/div>\n<div class=\"sc-80531b6b-0 chRIGJ container-text text-embed\">\n<p>Se trata de<strong> 51 condenados sobre los que nunca se le comunic\u00f3 a Migraciones <\/strong>el dictado de la sentencia en su contra. A trav\u00e9s de un convenio con el Ministerio de Interior \u2013cuando el que estaba a cargo todav\u00eda era Guillermo Francos\u2013 se cre\u00f3 una mesa de trabajo para comenzar con los procedimientos de expulsi\u00f3n, en la medida que la ley migratoria y los juzgados lo permitan. Son 20 peruanos, 10 chilenos, 7 paraguayos, 5 bolivianos, 5 uruguayos, 3 colombianos y un espa\u00f1ol.<\/p>\n<\/div>\n<div class=\"sc-198be8ec-0 cynXbu image-embed  image-embed \"><picture class=\"sc-198be8ec-1 kOjRiQ\"><source media=\"(min-width: 975px)\" width=\"720\" height=\"480\" \/><img alt=\"En abril hubo una fuga en la comisar\u00eda de Villa Urquiza. La ciudad destina 2.000 polic\u00edas para el cuidado de los presos. Foto Luciano Thieberger \" loading=\"lazy\" width=\"720\" height=\"480\" decoding=\"async\" data-nimg=\"1\" style=\"color:transparent\" src=\"https:\/\/13.com.ar\/wp-content\/uploads\/2025\/02\/Buscan-acelerar-la-expulsion-del-pais-de-los-extranjeros-detenidos.jpg\"\/><span class=\"epigraphe\">En abril hubo una fuga en la comisar\u00eda de Villa Urquiza. La ciudad destina 2.000 polic\u00edas para el cuidado de los presos. Foto Luciano Thieberger <\/span><span class=\"bkg\"\/><span class=\"picture-open\"><button class=\"open-image\" aria-label=\"Open Image\"\/><\/span><\/picture><\/div>\n<div class=\"sc-80531b6b-0 chRIGJ container-text text-embed\">\n<p>Tambi\u00e9n hay <strong>97 extranjeros<\/strong> que se encuentran alojados en las comisar\u00edas porte\u00f1as<strong> sin una situaci\u00f3n procesal definida<\/strong>, lo que podr\u00eda derivar en procesos de expulsi\u00f3n, seg\u00fan la lectura que hacen en la Ciudad sobre la ley migratoria.<\/p>\n<\/div>\n<div class=\"sc-80531b6b-0 chRIGJ container-text text-embed\">\n<p>Se trata de 34 chilenos, 24 peruanos, 14 colombianos, 11 paraguayos, 6 uruguayos, 5 bolivianos, 1 estadounidense, 1 venezolano y otro que \u201cno aporta\u201d su nacionalidad.<\/p>\n<\/div>\n<div class=\"sc-80531b6b-0 chRIGJ container-text text-embed\">\n<p>\u201cEstamos ocupando <strong>casi 2.000 polic\u00edas para cuidar detenidos y eso es un problem\u00f3n<\/strong>. Son recursos que tendr\u00edan que estar en la calle\u201d, dice la fuente consultada por <strong>Clar\u00edn<\/strong>.<\/p>\n<\/div>\n<div class=\"sc-80531b6b-0 chRIGJ container-text text-embed\">\n<p>Para aplacar el problema de las reiteradas fugas que hubo durante el a\u00f1o pasado, dicen en la cartera de seguridad que trabajan en un plan de refuerzo de alcaid\u00edas, comisar\u00edas y techos. Adem\u00e1s de una nueva clasificaci\u00f3n para los detenidos y de esa manera ubicarlos en los lugares adecuados para ellos. \u201cHasta que se resuelva lo del traspaso\u201d, dicen.<\/p>\n<\/div>\n<div class=\"sc-80531b6b-0 chRIGJ container-text text-embed\">\n<p>En noviembre, la Ciudad y la Naci\u00f3n acordaron la transferencia del Servicio Penitenciario en el \u00e1mbito porte\u00f1o para los delitos no federales. No ser\u00e1 algo que ocurra de la noche a la ma\u00f1ana pero ya hay una mesa de trabajo para definir los detalles.<\/p>\n<\/div>\n<p><h2>M\u00e1s de la mitad de los detenidos est\u00e1 preso por robo<\/h2>\n<\/p>\n<div class=\"sc-80531b6b-0 chRIGJ container-text text-embed\">\n<p>Los datos que arroja el informe al que accedi\u00f3 <strong>Clar\u00edn <\/strong>indican que el<strong> 56,06 % de los detenidos est\u00e1n acusados de robos y hurtos<\/strong>. Le siguen los imputados por abuso sexual (11,55 %), distintos delitos en tentativa (11,28 %), homicidio (1,5 %) y en delitos relacionados con menores (0,34 %). El 19,3 % restante est\u00e1 categorizado como \u201cotros delitos\u201d.<\/p>\n<\/div>\n<div class=\"sc-80531b6b-0 chRIGJ container-text text-embed\">\n<p>En cuanto a la situaci\u00f3n procesal, el <strong>57,91 % est\u00e1 con prisi\u00f3n preventiva<\/strong>, el 24,77 % sin resolver su situaci\u00f3n, 11,02 % condenado sin sentencia firme y el 6,3 % con condenado con sentencia firme.<\/p>\n<\/div>\n<div class=\"sc-80531b6b-0 chRIGJ container-text text-embed\">\n<p>Del total de la poblaci\u00f3n carcelaria en la Ciudad de Buenos Aires, se desprende que<strong> la gran mayor\u00eda son argentinos (1.838)<\/strong>, a los que le siguen los detenidos de nacionalidad peruana (112) chilena (101), paraguaya (76), colombiana (56), boliviana (47), uruguaya (12), venezolana (8), dominicana (3), ucraniana (3), \u201cno aporta\u201d (3), brasile\u00f1a (2), armenia (1), centroafricana (1), china (1), croata (1), espa\u00f1ola (1), estadounidense (1), mexicana (1), otra (1).<\/p>\n<\/div>\n<div class=\"sc-80531b6b-0 chRIGJ container-text text-embed\">\n<p>La gran mayor\u00eda de los detenidos tienen <strong>entre 21 a 40 a\u00f1os (1.686)<\/strong>, seguidos por los de 41 a 60 (452), 0 a 20 (54), m\u00e1s de 60 (49), \u201cno aporta\u201d (28).<\/p>\n<\/div>\n<div class=\"sc-80531b6b-0 chRIGJ container-text text-embed\">\n<p>Adem\u00e1s, la gran mayor\u00eda, el 96,83 %, son varones. Solo hay 72 mujeres detenidas.<\/p>\n<\/div>\n<\/div>\n<p><br \/>\n<br \/><a href=\"https:\/\/www.clarin.com\/policiales\/buscan-acelerar-expulsion-pais-extranjeros-detenidos-delitos-ciudad_0_u8FH2guUgg.html\">Fuente Clarin.com <\/a><\/p>\n","protected":false},"excerpt":{"rendered":"<p>A veces los n\u00fameros pueden parecer fr\u00edos pero dependiendo la \u00f3ptica con la que se los mire tambi\u00e9n pueden decir mucho. Y un Informe de detenidos en la Ciudad Aut\u00f3noma de Buenos Aires al que tuvo acceso Clar\u00edn sirve como radiograf\u00eda de lo que pasa con el delito en CABA. En las comisar\u00edas y alcald\u00edas [&hellip;]<\/p>\n","protected":false},"author":1,"featured_media":2783,"comment_status":"open","ping_status":"open","sticky":false,"template":"","format":"standard","meta":{"footnotes":""},"categories":[2],"tags":[3070,3235,984,100,1189,3791,1925,1540,28,134,142],"class_list":["post-2782","post","type-post","status-publish","format-standard","has-post-thumbnail","hentry","category-ultimas-noticias","tag-acelerar","tag-buscan","tag-ciudad","tag-del","tag-delitos","tag-detenidos","tag-expulsion","tag-extranjeros","tag-los","tag-pais","tag-por"],"_links":{"self":[{"href":"https:\/\/13.com.ar\/index.php\/wp-json\/wp\/v2\/posts\/2782","targetHints":{"allow":["GET"]}}],"collection":[{"href":"https:\/\/13.com.ar\/index.php\/wp-json\/wp\/v2\/posts"}],"about":[{"href":"https:\/\/13.com.ar\/index.php\/wp-json\/wp\/v2\/types\/post"}],"author":[{"embeddable":true,"href":"https:\/\/13.com.ar\/index.php\/wp-json\/wp\/v2\/users\/1"}],"replies":[{"embeddable":true,"href":"https:\/\/13.com.ar\/index.php\/wp-json\/wp\/v2\/comments?post=2782"}],"version-history":[{"count":0,"href":"https:\/\/13.com.ar\/index.php\/wp-json\/wp\/v2\/posts\/2782\/revisions"}],"wp:featuredmedia":[{"embeddable":true,"href":"https:\/\/13.com.ar\/index.php\/wp-json\/wp\/v2\/media\/2783"}],"wp:attachment":[{"href":"https:\/\/13.com.ar\/index.php\/wp-json\/wp\/v2\/media?parent=2782"}],"wp:term":[{"taxonomy":"category","embeddable":true,"href":"https:\/\/13.com.ar\/index.php\/wp-json\/wp\/v2\/categories?post=2782"},{"taxonomy":"post_tag","embeddable":true,"href":"https:\/\/13.com.ar\/index.php\/wp-json\/wp\/v2\/tags?post=2782"}],"curies":[{"name":"wp","href":"https:\/\/api.w.org\/{rel}","templated":true}]}}