{"id":27698,"date":"2025-05-23T06:33:27","date_gmt":"2025-05-23T09:33:27","guid":{"rendered":"https:\/\/13.com.ar\/index.php\/mi-lado-minita\/"},"modified":"2025-05-23T06:33:27","modified_gmt":"2025-05-23T09:33:27","slug":"mi-lado-minita","status":"publish","type":"post","link":"https:\/\/13.com.ar\/index.php\/mi-lado-minita\/","title":{"rendered":"Mi lado minita"},"content":{"rendered":"<p> <br \/>\n<br \/><img decoding=\"async\" src=\"https:\/\/13.com.ar\/wp-content\/uploads\/2025\/05\/Mi-lado-minita.jpg\" \/><\/p>\n<div id=\"element-body-0\">\n<p>Quienes me conocen sabr\u00e1n que no soy \u201caesthetic\u201d. Si no sab\u00e9s lo que significa, googlealo, no puedo estar en todo.<\/p>\n<\/div>\n<div id=\"element-body-1\">\n<p>Bueno, que no soy est\u00e9tica,<strong> quer\u00eda meter una palabra joven.<\/strong><\/p>\n<\/div>\n<div id=\"element-body-2\">\n<p>A lo que voy es nunca fui de esas minas a las que le interese demasiado la moda, la belleza y la decoraci\u00f3n, y todos esos slogans t\u00edpicos de las revistas de los a\u00f1os 90.<\/p>\n<\/div>\n<div id=\"element-body-3\">\n<p><strong>Pero tengo mi lado minita fuerte y lo quiero compartir<\/strong>: me vinculo emocionalmente con las cosas.<\/p>\n<\/div>\n<div id=\"element-body-4\">\n<p>Por ejemplo, voy caminando por la calle, veo algo que me gusta en una vidriera. Una camperita, ponele. <strong>Siento amor a primera vista<\/strong>, me emociono un poco. Entro al negocio llena de fe y esperanza en la vida. Con la sensaci\u00f3n de que si esa camperita llegara a ser m\u00eda, el mundo puede convertirse en un lugar mucho mejor. Me aflora de pronto ese<strong> sentimiento consumista capitalista iluso<\/strong> de creer que tenerla me va a ayudar a ser m\u00e1s feliz. \u201c\u00a1Tiene mi nombre!\u201d \u201cEs todo lo que est\u00e1 bien!\u201d \u201cLa necesito\u201d y todas esas<strong> frases minita que me digo cuando siento un flechazo<\/strong> con algo que me encanta.<\/p>\n<\/div>\n<div id=\"element-body-5\">\n<p>Entro al local, y como tengo una tendencia asombrosa por desfocalizarme, empiezo a recorrer todos los percheros, los estantes, me empiezan a gustar mil cosas, me mareo, estoy como drogada ah\u00ed adentro. Veo una remerita, un pantal\u00f3n, una pollera, un pul\u00f3ver. <strong>Todo es precioso. Todo quiero.<\/strong> <\/p>\n<\/div>\n<div id=\"element-body-6\">\n<p>Voy al probador con 23 prendas y <strong>me alegro por todas las que me quedan mal<\/strong>. Pero las que me quedan bien <strong>\u201c\u00a1Guau, mir\u00e1 lo que soy, pero qu\u00e9 bomba Dalia!\u201d. <\/strong><\/p>\n<\/div>\n<div id=\"element-body-7\">\n<p>El probador de algunos locales sabe muy bien c\u00f3mo convencernos: No s\u00e9 si es la iluminaci\u00f3n, el espejo, el enamoramiento por esa prenda que todav\u00eda no es tuya\u2026 <strong>Veo el precio, no me copa, me hace dudar. \u00bfme lo llevo? <\/strong>Y ah\u00ed empieza esa lucha interna por autoconvencerme de que s\u00ed, de que por supuesto \u00bfpara qu\u00e9 laburo, loco? Para qu\u00e9 me rompo el alma si cuando algo me gusta no pongo lo que hay que poner para que sea m\u00edo. \u201cBasta de no invertir en m\u00ed, mediocre\u201d -me digo a m\u00ed misma-.<\/p>\n<\/div>\n<div id=\"element-body-8\">\n<p>Entonces me lo llevo, orgullosa por haberme hecho el auto regalo.<\/p>\n<\/div>\n<div id=\"element-body-9\">\n<p>Porque s\u00ed, la intensidad me acompa\u00f1a en cada paso de la vida. A veces puede ocurrir que en tu casa pierda un poco esa magia que ten\u00eda en el local. Y otras veces no, otras veces la magia est\u00e1 intacta, y la us\u00e1s, y la gente te dice \u201cque linda\u201d, y vos te sent\u00eds orgullosa de tu adquisici\u00f3n. Y despu\u00e9s pasa el tiempo, y no se entiende bien si es la convivencia, la falta de cuidado, o de novedad, pero un d\u00eda ya no sent\u00eds lo mismo por esa camperita. Ya no es como al principio. <strong>Hasta pens\u00e1s en separarte de ella, echarla de tu casa,<\/strong> que se vaya con otra, no importa. Vivimos momentos muy lindos pero tambi\u00e9n es cierto que el ciclo con ella est\u00e1 terminado.<\/p>\n<\/div>\n<div id=\"element-body-10\">\n<p>La camperita no tiene la culpa. Sos vos la que cambi\u00f3. La que est\u00e1 en otra etapa, la que necesita un cambio, una renovaci\u00f3n.<\/p>\n<\/div>\n<div id=\"element-body-12\">\n<p>No sab\u00e9s si alguna vez vas a conocer a otra camperita que la reemplace, o tal vez nunca m\u00e1s sientas lo que sentiste por ella, pero algo se cort\u00f3 y quer\u00e9s hacerme cargo.<\/p>\n<\/div>\n<div id=\"element-body-13\">\n<p>Porque las personas vamos actualizando nuestras versiones y esa camperita que era parte de tu vida, de tu identidad, en un momento sent\u00eds que no quer\u00e9s usarla m\u00e1s.<\/p>\n<\/div>\n<div id=\"element-body-14\">\n<p>Y como soy mujer, y por lo tanto c\u00edclica, hay cosas con las que adem\u00e1s me vinculo dependiendo del momento del mes. <strong>Como con las bombachas por ejemplo<\/strong>: no es lo mismo la bombacha que elijo si estoy ovulando, que si estoy indispuesta. Tambi\u00e9n est\u00e1 esa bombacha favorita, que dilat\u00e1s todo lo posible el momento de deshacerte de ella, y hasta le das un besito llegado el momento de tirarla a la basura agradeci\u00e9ndole por todo lo vivido. O aquella otra que todas tenemos en el caj\u00f3n hace a\u00f1os, y<strong> la vivimos evitando porque nunca pegamos onda, <\/strong>y usarla nos molesta, nos incomoda.<\/p>\n<\/div>\n<div id=\"element-body-15\">\n<p>As\u00ed me vinculo con algunas cosas. No se si ser\u00e1 cosa de minas, sospecho que puede ser. Al menos a m\u00ed estas cosas me pasan. <\/p>\n<\/div>\n<p><br \/>\n<br \/><a href=\"https:\/\/www.clarin.com\/opinion\/lado-minita_0_8wcBcyYb8P.html\">Fuente Clarin.com <\/a><\/p>\n","protected":false},"excerpt":{"rendered":"<p>Quienes me conocen sabr\u00e1n que no soy \u201caesthetic\u201d. Si no sab\u00e9s lo que significa, googlealo, no puedo estar en todo. Bueno, que no soy est\u00e9tica, quer\u00eda meter una palabra joven. A lo que voy es nunca fui de esas minas a las que le interese demasiado la moda, la belleza y la decoraci\u00f3n, y todos [&hellip;]<\/p>\n","protected":false},"author":1,"featured_media":27699,"comment_status":"open","ping_status":"open","sticky":false,"template":"","format":"standard","meta":{"footnotes":""},"categories":[2],"tags":[3049,19072],"class_list":["post-27698","post","type-post","status-publish","format-standard","has-post-thumbnail","hentry","category-ultimas-noticias","tag-lado","tag-minita"],"_links":{"self":[{"href":"https:\/\/13.com.ar\/index.php\/wp-json\/wp\/v2\/posts\/27698","targetHints":{"allow":["GET"]}}],"collection":[{"href":"https:\/\/13.com.ar\/index.php\/wp-json\/wp\/v2\/posts"}],"about":[{"href":"https:\/\/13.com.ar\/index.php\/wp-json\/wp\/v2\/types\/post"}],"author":[{"embeddable":true,"href":"https:\/\/13.com.ar\/index.php\/wp-json\/wp\/v2\/users\/1"}],"replies":[{"embeddable":true,"href":"https:\/\/13.com.ar\/index.php\/wp-json\/wp\/v2\/comments?post=27698"}],"version-history":[{"count":0,"href":"https:\/\/13.com.ar\/index.php\/wp-json\/wp\/v2\/posts\/27698\/revisions"}],"wp:featuredmedia":[{"embeddable":true,"href":"https:\/\/13.com.ar\/index.php\/wp-json\/wp\/v2\/media\/27699"}],"wp:attachment":[{"href":"https:\/\/13.com.ar\/index.php\/wp-json\/wp\/v2\/media?parent=27698"}],"wp:term":[{"taxonomy":"category","embeddable":true,"href":"https:\/\/13.com.ar\/index.php\/wp-json\/wp\/v2\/categories?post=27698"},{"taxonomy":"post_tag","embeddable":true,"href":"https:\/\/13.com.ar\/index.php\/wp-json\/wp\/v2\/tags?post=27698"}],"curies":[{"name":"wp","href":"https:\/\/api.w.org\/{rel}","templated":true}]}}