{"id":27696,"date":"2025-05-23T06:30:46","date_gmt":"2025-05-23T09:30:46","guid":{"rendered":"https:\/\/13.com.ar\/index.php\/y-zamba-lo-estamos-arreglando\/"},"modified":"2025-05-23T06:30:46","modified_gmt":"2025-05-23T09:30:46","slug":"y-zamba-lo-estamos-arreglando","status":"publish","type":"post","link":"https:\/\/13.com.ar\/index.php\/y-zamba-lo-estamos-arreglando\/","title":{"rendered":"\u00bfY Zamba? Lo estamos arreglando"},"content":{"rendered":"<p> <br \/>\n<br \/><img decoding=\"async\" src=\"https:\/\/13.com.ar\/wp-content\/uploads\/2025\/05\/\u00bfY-Zamba-Lo-estamos-arreglando.jpg\" \/><\/p>\n<div id=\"element-body-0\">\n<p>El canal infantil <strong>Pakapaka<\/strong> anunci\u00f3 en las \u00faltimas horas su nueva programaci\u00f3n, a tono con los tiempos del Gobierno de Javier Milei. La se\u00f1al incluir\u00e1 por primera vez t\u00edtulos internacionales de la productora Toei Animation, responsable, entre otros, del <strong>universo Dragon Ball<\/strong>. En sinton\u00eda con la gesti\u00f3n libertaria, desde Pakapaka prometieron una grilla &#8220;sin bajada de l\u00ednea ideol\u00f3gica&#8221; y dejaron una chicana sobre un personaje caracter\u00edstico de los tiempos del kirchnerismo: <strong>&#8220;\u00bfY Zamba? Lo estamos arreglando&#8221;<\/strong>.<\/p>\n<\/div>\n<div id=\"element-body-1\">\n<p>En agosto de 2024, con ocasi\u00f3n del D\u00eda del Ni\u00f1o, el canal ya hab\u00eda dejado entrever una modificaci\u00f3n en sus contenidos. &#8220;Estamos trabajando para traerles educaci\u00f3n y entretenimiento en un ambiente seguro&#8221; a los chicos, anticiparon. En ese momento no hab\u00edan informado a partir de cu\u00e1ndo llegar\u00edan los cambios. La noticia de este jueves, en cambio, <strong>le puso fecha<\/strong> a esa nueva programaci\u00f3n.<\/p>\n<\/div>\n<div id=\"element-body-2\">\n<p>&#8220;\u00a1Prep\u00e1rense para una aventura totalmente renovada en Pakapaka! Despu\u00e9s de meses de mucho trabajo, llega una nueva programaci\u00f3n pensada para divertir, sorprender y acompa\u00f1ar a chicos de hasta 12 a\u00f1os \u2026 <strong>sin bajada de l\u00ednea ideol\u00f3gica<\/strong> y poniendo el foco en los valores&#8221;, comienza el comunicado que difundieron en redes y que r\u00e1pidamente cosech\u00f3 m\u00e1s de 2 mil retuits y 8 mil &#8220;Me gusta&#8221;.<\/p>\n<\/div>\n<div id=\"element-body-3\">\n<p>El video que acompa\u00f1a la publicaci\u00f3n comienza con un fragmento de la presentaci\u00f3n de <strong>Dragon Ball Z<\/strong>, una de las ramificaciones de la franquicia Dragon Ball que en 2021 fue el eje de una pol\u00e9mica, luego de que el ahora extinto <strong>Ministerio de las Mujeres<\/strong>, Pol\u00edticas de G\u00e9nero y Diversidad Sexual denunciase a su reversi\u00f3n -Dragon Ball Super- por &#8220;violencia simb\u00f3lica&#8221;, lo que le vali\u00f3 ser levantada de la grilla de Cartoon Network, la se\u00f1al por la que en ese momento se emit\u00eda.<\/p>\n<\/div>\n<div id=\"element-body-4\">\n<blockquote class=\"twitter-tweet\">\n<p lang=\"es\" dir=\"ltr\">\ud83d\udcabNUEVA PROGRAMACI\u00d3N DE PAKA PAKA A PARTIR DE JULIO\ud83d\udcab<\/p>\n<p>\u00a1Prep\u00e1rense para una aventura totalmente renovada en Paka Paka! Despu\u00e9s de meses de mucho trabajo, llega una nueva programaci\u00f3n pensada para divertir, sorprender y acompa\u00f1ar a chicos de hasta 12 a\u00f1os \u2026 sin bajada de l\u00ednea\u2026 <a rel=\"nofollow\" target=\"_blank\" href=\"https:\/\/t.co\/ZLty5dfYzs\">pic.twitter.com\/ZLty5dfYzs<\/a><\/p>\n<p>\u2014 Paka Paka (@PakaPakaArg) <a rel=\"nofollow\" target=\"_blank\" href=\"https:\/\/twitter.com\/PakaPakaArg\/status\/1925629455667433905?ref_src=twsrc%5Etfw\">May 22, 2025<\/a><\/p><\/blockquote>\n<\/div>\n<div id=\"element-body-5\">\n<p>Desde la se\u00f1al afirmaron adem\u00e1s que, en la nueva programaci\u00f3n, tambi\u00e9n habr\u00e1 lugar para ciclos de producci\u00f3n nacional, entre los que se incluir\u00e1 &#8220;un programa de <strong>ajedrez animado,<\/strong> hecho por el primer estudio de animaci\u00f3n propia del canal&#8221;. En el video se ve tambi\u00e9n al youtuber y divulgador espa\u00f1ol <strong>Javier Santaolalla<\/strong>, por lo que no se descarta que forme parte tambi\u00e9n de la nueva grilla.<\/p>\n<\/div>\n<div id=\"element-body-6\">\n<p>&#8220;En la nueva visi\u00f3n de la se\u00f1al, el entretenimiento, el conocimiento y<strong> los valores se dan la mano<\/strong>&#8220;, afirmaron en el escrito que la se\u00f1al comparti\u00f3 en redes. <\/p>\n<\/div>\n<div id=\"element-body-7\">\n<p>Otro punto del comunicado que hizo ruido fue el de Zamba, el ni\u00f1o animado que durante a\u00f1os fue el emblema de la se\u00f1al y que tambi\u00e9n lleg\u00f3 a despertar rispideces, tras ser utilizado con fines de promoci\u00f3n pol\u00edtica. &#8220;\u00bfY Zamba? Tranquilos\u2026 <strong>lo estamos arreglando<\/strong>, y muy pronto habr\u00e1 sorpresas que van a dar que hablar&#8221;, asegura el comunicado.<\/p>\n<\/div>\n<div id=\"element-body-8\">\n<blockquote class=\"twitter-tweet\">\n<p lang=\"es\" dir=\"ltr\">\ud83c\udf89 \u00a1Feliz D\u00eda del Ni\u00f1o! En Argentina celebramos en familia y con regalos. \u00bfQu\u00e9 le habr\u00e1n regalado a Zamba? \u00a1Seguinos en nuestras nuevas redes sociales! <\/p>\n<p>Estamos trabajando para traerles educaci\u00f3n y entretenimiento en un ambiente seguro para los chicos. <\/p>\n<p>\u00a1Pronto novedades! <a rel=\"nofollow\" target=\"_blank\" href=\"https:\/\/t.co\/eGmbxNAFg0\">pic.twitter.com\/eGmbxNAFg0<\/a><\/p>\n<p>\u2014 Paka Paka (@PakaPakaArg) <a rel=\"nofollow\" target=\"_blank\" href=\"https:\/\/twitter.com\/PakaPakaArg\/status\/1825181937998164039?ref_src=twsrc%5Etfw\">August 18, 2024<\/a><\/p><\/blockquote>\n<\/div>\n<div id=\"element-body-9\">\n<p>La noticia llega un a\u00f1o casi exacto despu\u00e9s de que el Gobierno anunciase la suspensi\u00f3n &#8220;de manera temporal&#8221;, de varios portales, Pakapaka entre ellos, con el motivo de <strong>&#8220;unificar criterios&#8221;<\/strong>. La medida hab\u00eda afectado tambi\u00e9n las webs de otros medios, como la TV P\u00fablica, Radio Nacional y Canal Encuentro, que aparec\u00edan con un mensaje de &#8220;en reconstrucci\u00f3n&#8221;.<\/p>\n<\/div>\n<p><script async src=\"\/\/platform.twitter.com\/widgets.js\" charset=\"utf-8\"><\/script><br \/>\n<br \/><br \/>\n<br \/><a href=\"https:\/\/www.clarin.com\/politica\/pakapaka-anuncia-nueva-programacion-bajada-linea-universo-dragon-ball-zamba-arreglando_0_lODCw1XKAX.html\">Fuente Clarin.com <\/a><\/p>\n","protected":false},"excerpt":{"rendered":"<p>El canal infantil Pakapaka anunci\u00f3 en las \u00faltimas horas su nueva programaci\u00f3n, a tono con los tiempos del Gobierno de Javier Milei. La se\u00f1al incluir\u00e1 por primera vez t\u00edtulos internacionales de la productora Toei Animation, responsable, entre otros, del universo Dragon Ball. En sinton\u00eda con la gesti\u00f3n libertaria, desde Pakapaka prometieron una grilla &#8220;sin bajada [&hellip;]<\/p>\n","protected":false},"author":1,"featured_media":27697,"comment_status":"open","ping_status":"open","sticky":false,"template":"","format":"standard","meta":{"footnotes":""},"categories":[2],"tags":[19071,4376,19070],"class_list":["post-27696","post","type-post","status-publish","format-standard","has-post-thumbnail","hentry","category-ultimas-noticias","tag-arreglando","tag-estamos","tag-zamba"],"_links":{"self":[{"href":"https:\/\/13.com.ar\/index.php\/wp-json\/wp\/v2\/posts\/27696","targetHints":{"allow":["GET"]}}],"collection":[{"href":"https:\/\/13.com.ar\/index.php\/wp-json\/wp\/v2\/posts"}],"about":[{"href":"https:\/\/13.com.ar\/index.php\/wp-json\/wp\/v2\/types\/post"}],"author":[{"embeddable":true,"href":"https:\/\/13.com.ar\/index.php\/wp-json\/wp\/v2\/users\/1"}],"replies":[{"embeddable":true,"href":"https:\/\/13.com.ar\/index.php\/wp-json\/wp\/v2\/comments?post=27696"}],"version-history":[{"count":0,"href":"https:\/\/13.com.ar\/index.php\/wp-json\/wp\/v2\/posts\/27696\/revisions"}],"wp:featuredmedia":[{"embeddable":true,"href":"https:\/\/13.com.ar\/index.php\/wp-json\/wp\/v2\/media\/27697"}],"wp:attachment":[{"href":"https:\/\/13.com.ar\/index.php\/wp-json\/wp\/v2\/media?parent=27696"}],"wp:term":[{"taxonomy":"category","embeddable":true,"href":"https:\/\/13.com.ar\/index.php\/wp-json\/wp\/v2\/categories?post=27696"},{"taxonomy":"post_tag","embeddable":true,"href":"https:\/\/13.com.ar\/index.php\/wp-json\/wp\/v2\/tags?post=27696"}],"curies":[{"name":"wp","href":"https:\/\/api.w.org\/{rel}","templated":true}]}}