{"id":2768,"date":"2025-02-07T04:24:45","date_gmt":"2025-02-07T07:24:45","guid":{"rendered":"https:\/\/13.com.ar\/index.php\/el-polemico-mensaje-de-un-concejal-del-partido-de-la-costa-y-su-controvertida-defensa\/"},"modified":"2025-02-07T04:24:45","modified_gmt":"2025-02-07T07:24:45","slug":"el-polemico-mensaje-de-un-concejal-del-partido-de-la-costa-y-su-controvertida-defensa","status":"publish","type":"post","link":"https:\/\/13.com.ar\/index.php\/el-polemico-mensaje-de-un-concejal-del-partido-de-la-costa-y-su-controvertida-defensa\/","title":{"rendered":"el pol\u00e9mico mensaje de un concejal del Partido de la Costa y su controvertida defensa"},"content":{"rendered":"<p> <br \/>\n<br \/><img decoding=\"async\" src=\"https:\/\/13.com.ar\/wp-content\/uploads\/2025\/02\/el-polemico-mensaje-de-un-concejal-del-Partido-de-la.jpg\" \/><\/p>\n<div id=\"cuerpo\">\n<div class=\"sc-80531b6b-0 chRIGJ container-text text-embed\">\n<p>\u201cEste a\u00f1o <strong>se llen\u00f3 de turismo marr\u00f3n<\/strong> lamentablemente\u201d. <strong>Sergio Santana<\/strong>, concejal de Mar de Aj\u00f3 con mandato cumplido en el Partido de La Costa, realiz\u00f3 en los \u00faltimos d\u00edas esa pol\u00e9mica publicaci\u00f3n en redes sociales.<\/p>\n<\/div>\n<div class=\"sc-80531b6b-0 chRIGJ container-text text-embed\">\n<p>No menos controversial fue la explicaci\u00f3n que intent\u00f3 dar despu\u00e9s. \u201c<strong>No me refiero al color de la piel<\/strong>, lo digo por c\u00f3mo es la persona por dentro\u201d, argument\u00f3.<\/p>\n<\/div>\n<div class=\"sc-80531b6b-0 chRIGJ container-text text-embed\">\n<p>\u201cEl posteo es m\u00edo, la cuenta es m\u00eda y lo hice yo al posteo, y <strong>me hago cargo de lo que digo<\/strong>\u201d, afirm\u00f3 Santana en declaraciones realizadas a radios y canales de televisi\u00f3n locales en los \u00faltimos d\u00edas, pero viralizadas este jueves.<\/p>\n<\/div>\n<div class=\"sc-80531b6b-0 chRIGJ container-text text-embed\">\n<p>En ese sentido, el exfuncionario expres\u00f3: \u201cPong\u00e1moslo as\u00ed: <strong>discrimino al que pone la m\u00fasica alta y falta el respeto<\/strong>, porque nos est\u00e1 faltando el respeto a los residentes y a los turistas buenos, de ley, a las familias\u201d.<\/p>\n<\/div>\n<div class=\"sc-80531b6b-0 chRIGJ container-text text-embed\">\n<p>Su enojo, admiti\u00f3, deriva de distintas causas. \u201cEstamos teniendo problemas en la playa por el grado de violencia que hay, con los parlantes a todo lo que da, juegan a la pelota donde est\u00e1 acumulada la gente. Entonces <strong>me sali\u00f3 un exabrupto, dije \u2018est\u00e1 viniendo mucho turismo marr\u00f3n\u2019<\/strong>, y ah\u00ed salieron muchos a darme la raz\u00f3n\u201d, manifest\u00f3.<\/p>\n<\/div>\n<div class=\"sc-80531b6b-0 chRIGJ container-text text-embed\">\n<p>\u201c<strong>Yo no descalifico al que viene a pasar un d\u00eda ni nada<\/strong>. Tengo departamentos en alquiler y veo que vienen y bajan toda la comida que traen de Buenos Aires, y no dejan mucha plata en la playa\u201d, cuestion\u00f3, aunque de inmediato intent\u00f3 bajar el tono de su queja. \u201cNo lo veo mal tampoco, son gente con pocos recursos\u201d, apunt\u00f3.<\/p>\n<\/div>\n<div class=\"sc-80531b6b-0 chRIGJ container-text text-embed\">\n<p>Y agreg\u00f3: \u201c<strong>Tienen poca plata, vienen con lo justo<\/strong> y tienen que disfrutar las vacaciones. Eso lo veo perfecto, la variedad de turismo\u201d.<\/p>\n<\/div>\n<div class=\"sc-80531b6b-0 chRIGJ container-text text-embed\">\n<p>\u201cYo <strong>dije marr\u00f3n por los desmanes<\/strong> que est\u00e1 haciendo ese turismo. En este caso era por la m\u00fasica fuerte y encima cuando le piden bajar la m\u00fasica los increpan. Le digo marr\u00f3n al que deja la basura en la playa, a eso me refiero\u201d, trat\u00f3 de defenderse.<\/p>\n<\/div>\n<div class=\"sc-80531b6b-0 chRIGJ container-text text-embed\">\n<p>Sin embargo, cuando parec\u00eda que encontraba el camino para salir del atolladero, volvi\u00f3 a tropezar con sus palabras, cargadas de un sesgo discriminatorio, algo que apuntaron sus entrevistadores.<\/p>\n<\/div>\n<div class=\"sc-80531b6b-0 chRIGJ container-text text-embed\">\n<p>\u201cTurismo marr\u00f3n es el que hace los desmanes. El otro que venga, <strong>que venga la gente del Conurbano<\/strong>\u201d, indic\u00f3.<\/p>\n<\/div>\n<div class=\"sc-80531b6b-0 chRIGJ container-text text-embed\">\n<p>No conforme con esa frase, y ante la consulta de qu\u00e9 har\u00eda con esos veraneantes, sugiri\u00f3: \u201c<strong>Que vayan a veranear al Riachuelo de La Matanza<\/strong>, ya que estamos vamos a embarrar bien la cancha\u201d.<\/p>\n<\/div>\n<div class=\"sc-80531b6b-0 chRIGJ container-text text-embed\">\n<p>\u201c<strong>Es gente sin empat\u00eda hacia los dem\u00e1s, que no le importa nada<\/strong>. Cuando uno dice marr\u00f3n, o negro o \u2018negro de m\u2019, lo que sea, lo dice no despectivamente hacia la persona sino ac\u00e1 (se toca la cabeza), de mente\u201d, insisti\u00f3 en una de las entrevistas.<\/p>\n<\/div>\n<div class=\"sc-80531b6b-0 chRIGJ container-text text-embed\">\n<p>Por \u00faltimo, este jueves por la noche coment\u00f3 una publicaci\u00f3n de X con el video de sus llamativas explicaciones. Lejos de mostrarse arrepentido por sus anteriores apreciaciones, escribi\u00f3: \u201cVamos por un Partido de La Costa pujante que se respeten los derechos del turismo y las familias\u201d. <\/p>\n<\/div>\n<\/div>\n<p><br \/>\n<br \/><a href=\"https:\/\/www.clarin.com\/politica\/turismo-marron-polemico-mensaje-concejal-partido-costa-controvertida-defensa_0_ZiH4UiWb9O.html\">Fuente Clarin.com <\/a><\/p>\n","protected":false},"excerpt":{"rendered":"<p>\u201cEste a\u00f1o se llen\u00f3 de turismo marr\u00f3n lamentablemente\u201d. Sergio Santana, concejal de Mar de Aj\u00f3 con mandato cumplido en el Partido de La Costa, realiz\u00f3 en los \u00faltimos d\u00edas esa pol\u00e9mica publicaci\u00f3n en redes sociales. No menos controversial fue la explicaci\u00f3n que intent\u00f3 dar despu\u00e9s. \u201cNo me refiero al color de la piel, lo digo [&hellip;]<\/p>\n","protected":false},"author":1,"featured_media":2769,"comment_status":"open","ping_status":"open","sticky":false,"template":"","format":"standard","meta":{"footnotes":""},"categories":[2],"tags":[1805,4775,1740,4776,100,211,1899,2717],"class_list":["post-2768","post","type-post","status-publish","format-standard","has-post-thumbnail","hentry","category-ultimas-noticias","tag-concejal","tag-controvertida","tag-costa","tag-defensa","tag-del","tag-mensaje","tag-partido","tag-polemico"],"_links":{"self":[{"href":"https:\/\/13.com.ar\/index.php\/wp-json\/wp\/v2\/posts\/2768","targetHints":{"allow":["GET"]}}],"collection":[{"href":"https:\/\/13.com.ar\/index.php\/wp-json\/wp\/v2\/posts"}],"about":[{"href":"https:\/\/13.com.ar\/index.php\/wp-json\/wp\/v2\/types\/post"}],"author":[{"embeddable":true,"href":"https:\/\/13.com.ar\/index.php\/wp-json\/wp\/v2\/users\/1"}],"replies":[{"embeddable":true,"href":"https:\/\/13.com.ar\/index.php\/wp-json\/wp\/v2\/comments?post=2768"}],"version-history":[{"count":0,"href":"https:\/\/13.com.ar\/index.php\/wp-json\/wp\/v2\/posts\/2768\/revisions"}],"wp:featuredmedia":[{"embeddable":true,"href":"https:\/\/13.com.ar\/index.php\/wp-json\/wp\/v2\/media\/2769"}],"wp:attachment":[{"href":"https:\/\/13.com.ar\/index.php\/wp-json\/wp\/v2\/media?parent=2768"}],"wp:term":[{"taxonomy":"category","embeddable":true,"href":"https:\/\/13.com.ar\/index.php\/wp-json\/wp\/v2\/categories?post=2768"},{"taxonomy":"post_tag","embeddable":true,"href":"https:\/\/13.com.ar\/index.php\/wp-json\/wp\/v2\/tags?post=2768"}],"curies":[{"name":"wp","href":"https:\/\/api.w.org\/{rel}","templated":true}]}}