{"id":2766,"date":"2025-02-07T01:17:11","date_gmt":"2025-02-07T04:17:11","guid":{"rendered":"https:\/\/13.com.ar\/index.php\/la-primera-se-la-otorgo-de-manera-postuma-al-delivery-asesinado-en-moreno\/"},"modified":"2025-02-07T01:17:11","modified_gmt":"2025-02-07T04:17:11","slug":"la-primera-se-la-otorgo-de-manera-postuma-al-delivery-asesinado-en-moreno","status":"publish","type":"post","link":"https:\/\/13.com.ar\/index.php\/la-primera-se-la-otorgo-de-manera-postuma-al-delivery-asesinado-en-moreno\/","title":{"rendered":"la primera se la otorg\u00f3 de manera p\u00f3stuma al delivery asesinado en Moreno"},"content":{"rendered":"<p> <br \/>\n<br \/><img decoding=\"async\" src=\"https:\/\/13.com.ar\/wp-content\/uploads\/2025\/02\/la-primera-se-la-otorgo-de-manera-postuma-al-delivery.jpg\" \/><\/p>\n<div>\n<p>Tal como hab\u00eda adelantado, Javier Milei cre\u00f3 este viernes la condecoraci\u00f3n \u201cAl Valor del Ciudadano\u201d, que estar\u00e1 destinada \u201ca aquellas personas que se hayan distinguido meritoriamente por sus acciones o servicios como ejemplo de conducta ciudadana\u201d y ser\u00e1 entregada por el Presidente de la Naci\u00f3n. Es, al menos, lo que estableci\u00f3 el Decreto 64\/2025 del Poder Ejecutivo, publicado en la \u00faltima edici\u00f3n del Bolet\u00edn Oficial.<\/p>\n<\/div>\n<div>\n<p>En tanto, a trav\u00e9s de otro decreto, el 65\/2025, se confirm\u00f3 otro adelanto del mandatario: la primera distinci\u00f3n de ese tipo ser\u00e1 entregada a Lucas Aguilar, el joven delivery que muri\u00f3 tras recibir al menos 7 pu\u00f1aladas cuando intentaba defender de un asalto a un vendedor ambulante.<\/p>\n<\/div>\n<div>\n<p>En los considerandos de la primera medida, el Gobierno manifest\u00f3 que &#8220;en el r\u00e9gimen jur\u00eddico actual no se encuentra previsto un reconocimiento que pueda ser concedido a los ciudadanos argentinos por sus acciones extraordinarias en el \u00e1mbito civil&#8221;.<\/p>\n<\/div>\n<div>\n<p>Adem\u00e1s, argument\u00f3 que &#8220;a trav\u00e9s de una conmemoraci\u00f3n de este tipo, se consolida la idea de que el cambio social y el progreso no dependen \u00fanicamente de las instituciones, sino que tambi\u00e9n nacen y se construyen a partir de acciones individuales capaces de transformar realidades&#8221;.<\/p>\n<\/div>\n<div>\n<p>&#8220;Este acto de reconocimiento y gratitud inspirar\u00e1 a otros ciudadanos en el compromiso activo con la mejora de su entorno, a trav\u00e9s de acciones individuales y grupales para la consolidaci\u00f3n de un ciclo continuo de inspiraci\u00f3n y progreso&#8221;, pronostic\u00f3 el texto.<\/p>\n<\/div>\n<div>\n<p>El decreto cre\u00f3, en paralelo, el \u201cRegistro de Condecoraci\u00f3n Al Valor del Ciudadano\u201d en el \u00e1mbito de la Secretar\u00eda General de la Presidencia de la Naci\u00f3n, que contendr\u00e1 el listado de las personas reconocidas con la condecoraci\u00f3n y un detalle de la acci\u00f3n que haya dado lugar al reconocimiento.<\/p>\n<\/div>\n<div>\n<p>La distinci\u00f3n, seg\u00fan se precis\u00f3, ser\u00e1 otorgada a una persona por \u00fanica vez, aunque si alguien que ya la recibi\u00f3 vuelve a participar de uno o m\u00e1s actos que la hicieran nuevamente merecedora del reconocimiento, &#8220;se le otorgar\u00e1n barretas, las que se adosar\u00e1n a la cinta de la condecoraci\u00f3n&#8221;. <\/p>\n<\/div>\n<div>\n<p>En cambio, si la persona muere al momento en que le otorgan el reconocimiento, la medalla o barretas ser\u00e1n conferidas de forma p\u00f3stuma, tal como sucedi\u00f3 en este caso con Lucas Aguilar.<\/p>\n<\/div>\n<p><br \/>\n<br \/><a href=\"https:\/\/www.clarin.com\/politica\/javier-milei-creo-condecoracion-valor-ciudadano-primera-otorgo-manera-postuma-delivery-asesinado-moreno_0_lR9NFSiwBc.html\">Fuente Clarin.com <\/a><\/p>\n","protected":false},"excerpt":{"rendered":"<p>Tal como hab\u00eda adelantado, Javier Milei cre\u00f3 este viernes la condecoraci\u00f3n \u201cAl Valor del Ciudadano\u201d, que estar\u00e1 destinada \u201ca aquellas personas que se hayan distinguido meritoriamente por sus acciones o servicios como ejemplo de conducta ciudadana\u201d y ser\u00e1 entregada por el Presidente de la Naci\u00f3n. Es, al menos, lo que estableci\u00f3 el Decreto 64\/2025 del [&hellip;]<\/p>\n","protected":false},"author":1,"featured_media":2767,"comment_status":"open","ping_status":"open","sticky":false,"template":"","format":"standard","meta":{"footnotes":""},"categories":[2],"tags":[2102,2101,4773,1383,4772,4774,89],"class_list":["post-2766","post","type-post","status-publish","format-standard","has-post-thumbnail","hentry","category-ultimas-noticias","tag-asesinado","tag-delivery","tag-manera","tag-moreno","tag-otorgo","tag-postuma","tag-primera"],"_links":{"self":[{"href":"https:\/\/13.com.ar\/index.php\/wp-json\/wp\/v2\/posts\/2766","targetHints":{"allow":["GET"]}}],"collection":[{"href":"https:\/\/13.com.ar\/index.php\/wp-json\/wp\/v2\/posts"}],"about":[{"href":"https:\/\/13.com.ar\/index.php\/wp-json\/wp\/v2\/types\/post"}],"author":[{"embeddable":true,"href":"https:\/\/13.com.ar\/index.php\/wp-json\/wp\/v2\/users\/1"}],"replies":[{"embeddable":true,"href":"https:\/\/13.com.ar\/index.php\/wp-json\/wp\/v2\/comments?post=2766"}],"version-history":[{"count":0,"href":"https:\/\/13.com.ar\/index.php\/wp-json\/wp\/v2\/posts\/2766\/revisions"}],"wp:featuredmedia":[{"embeddable":true,"href":"https:\/\/13.com.ar\/index.php\/wp-json\/wp\/v2\/media\/2767"}],"wp:attachment":[{"href":"https:\/\/13.com.ar\/index.php\/wp-json\/wp\/v2\/media?parent=2766"}],"wp:term":[{"taxonomy":"category","embeddable":true,"href":"https:\/\/13.com.ar\/index.php\/wp-json\/wp\/v2\/categories?post=2766"},{"taxonomy":"post_tag","embeddable":true,"href":"https:\/\/13.com.ar\/index.php\/wp-json\/wp\/v2\/tags?post=2766"}],"curies":[{"name":"wp","href":"https:\/\/api.w.org\/{rel}","templated":true}]}}