{"id":27653,"date":"2025-05-22T22:03:38","date_gmt":"2025-05-23T01:03:38","guid":{"rendered":"https:\/\/13.com.ar\/index.php\/identificaron-a-dos-personas-que-tomaban-imagenes\/"},"modified":"2025-05-22T22:03:38","modified_gmt":"2025-05-23T01:03:38","slug":"identificaron-a-dos-personas-que-tomaban-imagenes","status":"publish","type":"post","link":"https:\/\/13.com.ar\/index.php\/identificaron-a-dos-personas-que-tomaban-imagenes\/","title":{"rendered":"identificaron a dos personas que tomaban im\u00e1genes"},"content":{"rendered":"<p> <br \/>\n<br \/><img decoding=\"async\" src=\"https:\/\/13.com.ar\/wp-content\/uploads\/2025\/05\/identificaron-a-dos-personas-que-tomaban-imagenes.jpg\" \/><\/p>\n<div id=\"element-body-0\">\n<p>Tras las denuncias que postergaron diez d\u00edas el juicio por la muerte de Diego Maradona, fueron identificadas en las \u00faltimas horas dos personas se\u00f1aladas por grabar un presunto documental en plenos tribunales y se llev\u00f3 a cabo una serie de allanamientos en zona norte del Gran Buenos Aires y en la Ciudad.<\/p>\n<\/div>\n<div id=\"element-body-1\">\n<p>Dos de ellos fueron a instalaciones de las productoras <strong>La Doble<\/strong>, en Machain al 4.500 (Ciudad de Buenos Aires), y de <strong>Feel Co<\/strong>, en Villa Martelli. Los otros cuatro procedimientos se realizaron en cuatro viviendas, de Olivos, Villa Urquiza, San Isidro y Beccar.<\/p>\n<\/div>\n<div id=\"element-body-2\">\n<p>En el centro de la investigaci\u00f3n quedaron Jos\u00e9 Arnal, de Feel Co, y Jorge Huarte. Arnal ser\u00eda el hombre canoso y de anteojos que aparece en las im\u00e1genes de la primera audiencia del juicio por la muerte de Maradona. En tanto, Huarte ser\u00eda el camar\u00f3grafo que tomaba im\u00e1genes para el supuesto documental.<\/p>\n<\/div>\n<div id=\"element-body-3\">\n<p>Particip\u00f3 personal de Investigaciones de tecnolog\u00edas especiales de la Polic\u00eda de la Ciudad y de la DDI de San Isidro. Intervienen los fiscales Jos\u00e9 Amallo, Carolina Asprella y Cecilia Chaieb.<\/p>\n<\/div>\n<div id=\"element-body-4\">\n<p>El esc\u00e1ndalo estall\u00f3 el viernes pasado, cuando los abogados Fernando Burlando y Mario Baudry presentaron una denuncia por la supuesta grabaci\u00f3n de un presunto documental, sin el consentimiento de los hijos del Diez.<\/p>\n<\/div>\n<div id=\"element-body-5\">\n<p>Al menos tres personas quedaron registradas en una filmaci\u00f3n de la Corte Suprema de Justicia bonaerense en la primera audiencia del debate. En las im\u00e1genes se observa c\u00f3mo una de las personas tom\u00f3 una c\u00e1mara tipo reflex y comienza a filmar. El acto fue alertado por una mujer polic\u00eda que custodia la sala. Luego de detener la filmaci\u00f3n unos minutos, regresa a tomar registro.<\/p>\n<\/div>\n<p><br \/>\n<br \/><a href=\"https:\/\/www.clarin.com\/policiales\/allanamientos-supuesto-documental-juicio-diego-maradona-identificaron-personas-tomaban-imagenes_0_HPiYxTOzdB.html\">Fuente Clarin.com <\/a><\/p>\n","protected":false},"excerpt":{"rendered":"<p>Tras las denuncias que postergaron diez d\u00edas el juicio por la muerte de Diego Maradona, fueron identificadas en las \u00faltimas horas dos personas se\u00f1aladas por grabar un presunto documental en plenos tribunales y se llev\u00f3 a cabo una serie de allanamientos en zona norte del Gran Buenos Aires y en la Ciudad. Dos de ellos [&hellip;]<\/p>\n","protected":false},"author":1,"featured_media":27654,"comment_status":"open","ping_status":"open","sticky":false,"template":"","format":"standard","meta":{"footnotes":""},"categories":[2],"tags":[59,531,996,2125,19043],"class_list":["post-27653","post","type-post","status-publish","format-standard","has-post-thumbnail","hentry","category-ultimas-noticias","tag-dos","tag-identificaron","tag-imagenes","tag-personas","tag-tomaban"],"_links":{"self":[{"href":"https:\/\/13.com.ar\/index.php\/wp-json\/wp\/v2\/posts\/27653","targetHints":{"allow":["GET"]}}],"collection":[{"href":"https:\/\/13.com.ar\/index.php\/wp-json\/wp\/v2\/posts"}],"about":[{"href":"https:\/\/13.com.ar\/index.php\/wp-json\/wp\/v2\/types\/post"}],"author":[{"embeddable":true,"href":"https:\/\/13.com.ar\/index.php\/wp-json\/wp\/v2\/users\/1"}],"replies":[{"embeddable":true,"href":"https:\/\/13.com.ar\/index.php\/wp-json\/wp\/v2\/comments?post=27653"}],"version-history":[{"count":0,"href":"https:\/\/13.com.ar\/index.php\/wp-json\/wp\/v2\/posts\/27653\/revisions"}],"wp:featuredmedia":[{"embeddable":true,"href":"https:\/\/13.com.ar\/index.php\/wp-json\/wp\/v2\/media\/27654"}],"wp:attachment":[{"href":"https:\/\/13.com.ar\/index.php\/wp-json\/wp\/v2\/media?parent=27653"}],"wp:term":[{"taxonomy":"category","embeddable":true,"href":"https:\/\/13.com.ar\/index.php\/wp-json\/wp\/v2\/categories?post=27653"},{"taxonomy":"post_tag","embeddable":true,"href":"https:\/\/13.com.ar\/index.php\/wp-json\/wp\/v2\/tags?post=27653"}],"curies":[{"name":"wp","href":"https:\/\/api.w.org\/{rel}","templated":true}]}}