{"id":27652,"date":"2025-05-22T21:45:35","date_gmt":"2025-05-23T00:45:35","guid":{"rendered":"https:\/\/13.com.ar\/index.php\/sancion-ejemplar-de-afa-a-un-futbolista-de-gimnasia-de-jujuy-por-la-escalofriante-lesion-al-capitan-de-nueva-chicago-en-la-primera-nacional\/"},"modified":"2025-05-22T21:45:35","modified_gmt":"2025-05-23T00:45:35","slug":"sancion-ejemplar-de-afa-a-un-futbolista-de-gimnasia-de-jujuy-por-la-escalofriante-lesion-al-capitan-de-nueva-chicago-en-la-primera-nacional","status":"publish","type":"post","link":"https:\/\/13.com.ar\/index.php\/sancion-ejemplar-de-afa-a-un-futbolista-de-gimnasia-de-jujuy-por-la-escalofriante-lesion-al-capitan-de-nueva-chicago-en-la-primera-nacional\/","title":{"rendered":"Sanci\u00f3n &#8220;ejemplar&#8221; de AFA a un futbolista de Gimnasia de Jujuy por la escalofriante lesi\u00f3n al capit\u00e1n de Nueva Chicago en la Primera Nacional"},"content":{"rendered":"<p> <br \/>\n<br \/><img decoding=\"async\" src=\"https:\/\/13.com.ar\/wp-content\/uploads\/2025\/05\/Escalofriante-lesion-del-capitan-de-Nueva-Chicago-Stefano-Callegari-contra.jpg\" \/><\/p>\n<div id=\"element-body-0\">\n<p>Los que vieron la infracci\u00f3n no se sorprender\u00e1n con el bolet\u00edn 6694 del <strong>Tribunal de Disciplina <\/strong>de AFA y el fallo de <strong>seis meses de suspensi\u00f3n para Jerem\u00edas Perales<\/strong>, el futbolista de <strong>Gimnasia <\/strong>de Jujuy que le fractur\u00f3 el tobillo a <strong>St\u00e9fano Callegari<\/strong>, capit\u00e1n de <strong>Nueva Chicago<\/strong>, que emplear\u00e1 un lapso similar para su rehabilitaci\u00f3n en el torneo de la Primera Nacional, la Segunda Divisi\u00f3n del f\u00fatbol argentino.<\/p>\n<\/div>\n<div id=\"element-body-1\">\n<p><em>&#8220;Se impone la sanci\u00f3n de suspensi\u00f3n por el t\u00e9rmino de seis (6) meses, contados desde el d\u00eda 15 de mayo de 2025, por infracci\u00f3n al art\u00edculo 13 inciso 1 apartado e) del C\u00f3digo Disciplinario (juego brusco grave con lesi\u00f3n)&#8221;<\/em>, dice el segundo p\u00e1rrafo que el Tribunal dispuso para indicar y fundamentar el fallo. <\/p>\n<\/div>\n<div id=\"element-body-2\">\n<p>El documento detalla no solo el informe del \u00e1rbitro <strong>Fabricio Llobet<\/strong>, sino los detalles del parte m\u00e9dico que present\u00f3 Nueva Chicago y que fueron fundamentales para definir la sanci\u00f3n. El informe destaca una <em>&#8220;rotura ligamentaria m\u00faltiple, fractura distal de peron\u00e9 y compromiso sindesm\u00f3tico&#8221;<\/em>, lesiones que demandar\u00e1n un prolongado per\u00edodo de rehabilitaci\u00f3n y reposo deportivo.<\/p>\n<\/div>\n<div id=\"element-body-3\">\n<p><strong>La suspensi\u00f3n de Perales podr\u00eda ser ampliada o reducida<\/strong>, seg\u00fan el alta m\u00e9dica de Callegari: si se excede en los seis meses pronosticados para la recuperaci\u00f3n, la sanci\u00f3n crecer\u00e1 en funci\u00f3n del tiempo extra de rehabilitaci\u00f3n, del mismo modo que si recibe el alta antes de la fecha prevista, tambi\u00e9n se levantar\u00e1 el castigo.<\/p>\n<\/div>\n<div id=\"element-body-4\">\n<blockquote class=\"twitter-tweet\">\n<p lang=\"es\" dir=\"ltr\">\ud83d\udea8\u00a1DUR\u00cdSIMA LESI\u00d3N DE CALLEGARI EN GIMNASIA-CHICAGO! <br \/>(ATENCI\u00d3N: imagenes sensibles) As\u00ed fue la entrada de Jerem\u00edas Perales al zaguero del Torito en el final del encuentro. El delantero del Lobo vio la roja, y el defensor tiene una posible fractura de tibia y perone. <a rel=\"nofollow\" target=\"_blank\" href=\"https:\/\/t.co\/YdCLfAlEOg\">pic.twitter.com\/YdCLfAlEOg<\/a><\/p>\n<p>\u2014 TyC Sports Play (@TyCSportsPlay) <a rel=\"nofollow\" target=\"_blank\" href=\"https:\/\/twitter.com\/TyCSportsPlay\/status\/1921321644930297893?ref_src=twsrc%5Etfw\">May 10, 2025<\/a><\/p><\/blockquote>\n<\/div>\n<div id=\"element-body-5\">\n<p>Para ello, Nueva Chicago deber\u00e1 remitir mensualmente a la AFA un panorama m\u00e9dico, al tiempo que deber\u00e1 notificar fehacientemente el alta m\u00e9dica definitiva.<\/p>\n<\/div>\n<div id=\"element-body-6\">\n<p>En el fallo, el Tribunal admite haber valorado el descargo formulado por Perales, en el que neg\u00f3 &#8220;intenci\u00f3n lesiva&#8221; y calific\u00f3 el contacto como &#8220;desafortunado&#8221; y con el que intent\u00f3 la morigeraci\u00f3n de la sanci\u00f3n destacando su &#8220;correcci\u00f3n deportiva y ausencia de antecedentes&#8221;, pero que opt\u00f3 por aplicar una &#8220;sanci\u00f3n ejemplar y proporcional, en atenci\u00f3n a la gravedad objetiva del da\u00f1o causado&#8221;.<\/p>\n<\/div>\n<div id=\"element-body-8\">\n<p>El partido de la grave lesi\u00f3n correspondi\u00f3 a la fecha 14 de la <strong>Primera Nacional<\/strong>, y se disput\u00f3 en el estadio 23 de Agosto de San Salvador. Sobre el final del encuentro que termin\u00f3 en victoria del local por 2-1, Callegari quiso salir jugando desde el fondo con pelota dominada cuando recibi\u00f3 desde un costado la zancada de Perales, quien intent\u00f3 sacarle la pelota con demasiada vehemencia, sin medir la brusquedad de su cruce.<\/p>\n<\/div>\n<div id=\"element-body-9\">\n<p>La acci\u00f3n, r\u00e1pida, dej\u00f3 a Callegari en el piso y revolc\u00e1ndose del dolor, y a Perales recibiendo de inmediato la tarjeta roja en mano del \u00e1rbitro Llobet, que no dud\u00f3 en expulsar al agresor, sin todav\u00eda detenerse en el da\u00f1o que hab\u00eda sufrido el zaguero.<\/p>\n<\/div>\n<div id=\"element-body-10\">\n<p>La secuencia fue confusa y dram\u00e1tica porque los jugadores de Gimnasia le protestaban al refer\u00ed mientras los futbolistas de Chicago se acercaban a mirar el tobillo izquierdo de Callegari, colgando en forma escalofriante de la pierna del defensor, que gritaba v\u00edctima de la bronca y el estupor. Un peque\u00f1o tumulto termin\u00f3 con el propio \u00e1rbitro cayendo sobre la humanidad del capit\u00e1n de Chicago.<\/p>\n<\/div>\n<div id=\"element-body-12\">\n<p>El partido tuvo que ser demorado durante unos minutos mientras los m\u00e9dicos del club de Mataderos atend\u00edan a Callegari y el entrenador Walter Perazzo dispon\u00eda su reemplazo. Chicago perd\u00eda 2-1 y necesitaba recuperarse mentalmente para tratar de buscar el empate contra un rival que se quedaba con 10 jugadores.<\/p>\n<\/div>\n<div id=\"element-body-13\">\n<p>Pero la cabeza de todos, incluida la de los propios jugadores del Lobo Juje\u00f1o, se hab\u00eda quedado con lo que le hab\u00eda pasado al pobre Callegari, de quien se aguarda un primer parte m\u00e9dico aunque se presume que pasar\u00e1 un largo tiempo fuera de las canchas tratando de recuperarse.<\/p>\n<\/div>\n<div id=\"element-body-14\">\n<p>Seg\u00fan medios juje\u00f1os, la fractura del tobillo de Callegari no fue expuesta por lo que el futbolista pudo viajar a Buenos Aires, donde se le realizar\u00e1n los estudios pertinentes.<\/p>\n<\/div>\n<p><script async src=\"\/\/platform.twitter.com\/widgets.js\" charset=\"utf-8\"><\/script><br \/>\n<br \/><br \/>\n<br \/><a href=\"https:\/\/www.clarin.com\/deportes\/sancion-ejemplar-afa-futbolista-gimnasia-jujuy-escalofriante-lesion-capitan-nueva-chicago-primera-nacional_0_kmGnoXGkkm.html\">Fuente Clarin.com <\/a><\/p>\n","protected":false},"excerpt":{"rendered":"<p>Los que vieron la infracci\u00f3n no se sorprender\u00e1n con el bolet\u00edn 6694 del Tribunal de Disciplina de AFA y el fallo de seis meses de suspensi\u00f3n para Jerem\u00edas Perales, el futbolista de Gimnasia de Jujuy que le fractur\u00f3 el tobillo a St\u00e9fano Callegari, capit\u00e1n de Nueva Chicago, que emplear\u00e1 un lapso similar para su rehabilitaci\u00f3n [&hellip;]<\/p>\n","protected":false},"author":1,"featured_media":24129,"comment_status":"open","ping_status":"open","sticky":false,"template":"","format":"standard","meta":{"footnotes":""},"categories":[2],"tags":[2308,1444,2294,17879,1507,3748,1654,11805,2959,2349,19,142,89,4754],"class_list":["post-27652","post","type-post","status-publish","format-standard","has-post-thumbnail","hentry","category-ultimas-noticias","tag-afa","tag-capitan","tag-chicago","tag-ejemplar","tag-escalofriante","tag-futbolista","tag-gimnasia","tag-jujuy","tag-lesion","tag-nacional","tag-nueva","tag-por","tag-primera","tag-sancion"],"_links":{"self":[{"href":"https:\/\/13.com.ar\/index.php\/wp-json\/wp\/v2\/posts\/27652","targetHints":{"allow":["GET"]}}],"collection":[{"href":"https:\/\/13.com.ar\/index.php\/wp-json\/wp\/v2\/posts"}],"about":[{"href":"https:\/\/13.com.ar\/index.php\/wp-json\/wp\/v2\/types\/post"}],"author":[{"embeddable":true,"href":"https:\/\/13.com.ar\/index.php\/wp-json\/wp\/v2\/users\/1"}],"replies":[{"embeddable":true,"href":"https:\/\/13.com.ar\/index.php\/wp-json\/wp\/v2\/comments?post=27652"}],"version-history":[{"count":0,"href":"https:\/\/13.com.ar\/index.php\/wp-json\/wp\/v2\/posts\/27652\/revisions"}],"wp:featuredmedia":[{"embeddable":true,"href":"https:\/\/13.com.ar\/index.php\/wp-json\/wp\/v2\/media\/24129"}],"wp:attachment":[{"href":"https:\/\/13.com.ar\/index.php\/wp-json\/wp\/v2\/media?parent=27652"}],"wp:term":[{"taxonomy":"category","embeddable":true,"href":"https:\/\/13.com.ar\/index.php\/wp-json\/wp\/v2\/categories?post=27652"},{"taxonomy":"post_tag","embeddable":true,"href":"https:\/\/13.com.ar\/index.php\/wp-json\/wp\/v2\/tags?post=27652"}],"curies":[{"name":"wp","href":"https:\/\/api.w.org\/{rel}","templated":true}]}}