{"id":27651,"date":"2025-05-22T21:42:30","date_gmt":"2025-05-23T00:42:30","guid":{"rendered":"https:\/\/13.com.ar\/index.php\/tras-el-anuncio-de-su-cierre-el-pj-quiere-que-le-transfieran-todos-los-bienes-y-los-documentos-del-instituto-juan-domingo-peron\/"},"modified":"2025-05-22T21:42:30","modified_gmt":"2025-05-23T00:42:30","slug":"tras-el-anuncio-de-su-cierre-el-pj-quiere-que-le-transfieran-todos-los-bienes-y-los-documentos-del-instituto-juan-domingo-peron","status":"publish","type":"post","link":"https:\/\/13.com.ar\/index.php\/tras-el-anuncio-de-su-cierre-el-pj-quiere-que-le-transfieran-todos-los-bienes-y-los-documentos-del-instituto-juan-domingo-peron\/","title":{"rendered":"Tras el anuncio de su cierre, el PJ quiere que le transfieran todos los bienes y los documentos del Instituto Juan Domingo Per\u00f3n"},"content":{"rendered":"<p> <br \/>\n<br \/><img decoding=\"async\" src=\"https:\/\/13.com.ar\/wp-content\/uploads\/2025\/03\/Siento-que-ayer-fue-el-primer-dia-de-tu-desgobierno.jpg\" \/><\/p>\n<div id=\"element-body-0\">\n<p>Despu\u00e9s de que el Gobierno de Milei anunciara la disoluci\u00f3n del Instituto Nacional Juan Domingo Per\u00f3n, el Partido Justicialista que preside Cristina Kirchner propuso hacerse cargo del organismo y todos sus bienes. Adem\u00e1s, apunt\u00f3 que el cierre de estos organismos &#8220;<strong>enmascara una persecuci\u00f3n ideol\u00f3gica&#8221;<\/strong> hacia el peronismo.<\/p>\n<\/div>\n<div id=\"element-body-1\">\n<p>La medida hab\u00eda sido anunciada por el vocero Manuel Adorni el 7 de mayo, el mismo d\u00eda en que el PJ recordaba el natalicio de Eva Per\u00f3n. Esa coincidencia gener\u00f3 una primera protesta de algunas figuras del peronismo.<\/p>\n<\/div>\n<div id=\"element-body-2\">\n<p>Aquella vez, el portavoz de <strong>Javier Milei<\/strong> justific\u00f3 la disposici\u00f3n en que &#8220;la investigaci\u00f3n sobre el expresidente&#8221; se hace en otros \u00e1mbitos, &#8220;libres de condicionamientos estatales&#8221; y agreg\u00f3 que el fin de sus existencia iba a liberar al Estado de &#8220;carga presupuestaria evitable que no aportaba ning\u00fan valor diferencial&#8221;.<\/p>\n<\/div>\n<div id=\"element-body-3\">\n<p>Dos semanas despu\u00e9s de esa comunicaci\u00f3n oficial, quien sali\u00f3 a confirmar el cierre del Instituto Juan Domingo Per\u00f3n -dedicado a la investigaci\u00f3n hist\u00f3rica- fue el ministro de Desregulaci\u00f3n y Transformaci\u00f3n del Estado, <strong>Federico Sturzenegger<\/strong>. El funcionario incluy\u00f3 al instituto entre \u201clos organismos dedicados a exaltar figuras hist\u00f3ricas&#8221; que fueron disueltos a partir de los decretos 345 y 346 de 2025, en una serie de mensajes que public\u00f3 este jueves a la ma\u00f1ana en su cuenta de X.<\/p>\n<\/div>\n<div id=\"element-body-4\">\n<blockquote class=\"twitter-tweet\">\n<p lang=\"es\" dir=\"ltr\">EL PARTIDO JUSTICIALISTA Y LA DEFENSA DEL PATRIMONIO HIST\u00d3RICO CULTURAL<br \/>\u00a0<br \/>El gobierno de Milei dispuso la disoluci\u00f3n del \u201cInstituto Nacional Juan Domingo Per\u00f3n de Estudios e Investigaciones Hist\u00f3ricas, Sociales y Pol\u00edticas\u201d y de la \u201cComisi\u00f3n Permanente Nacional de Homenaje al\u2026 <a rel=\"nofollow\" target=\"_blank\" href=\"https:\/\/t.co\/n7zIPc4srZ\">pic.twitter.com\/n7zIPc4srZ<\/a><\/p>\n<p>\u2014 Partido Justicialista (@p_justicialista) <a rel=\"nofollow\" target=\"_blank\" href=\"https:\/\/twitter.com\/p_justicialista\/status\/1925656426438856866?ref_src=twsrc%5Etfw\">May 22, 2025<\/a><\/p><\/blockquote>\n<\/div>\n<div id=\"element-body-5\">\n<p>Ambas normativas llevan la firmas del Presidente; del jefe de Gabinete, Guillermo Francos; y de la ministra de Capital Humano, Sandra Pettovello.<\/p>\n<\/div>\n<div id=\"element-body-6\">\n<p>Horas despu\u00e9s de los tuits de Sturzenegger, el PJ difundi\u00f3 un comunicado para expresar su repudio al cierre. En esa declaraci\u00f3n, aseguraron que la entidad \u201ccustodia un acervo documental, bibliogr\u00e1fico, archiv\u00edstico y museogr\u00e1fico de invaluable valor hist\u00f3rico\u201d.<\/p>\n<\/div>\n<div id=\"element-body-7\">\n<p>&#8220;El cierre de estos organismos, llevados a cabo <strong>de manera discrecional y abrupta<\/strong>, enmascara una <strong>persecuci\u00f3n ideol\u00f3gica<\/strong> hacia cualquier instituci\u00f3n, persona o entidad vinculada con el justicialismo y el movimiento peronista&#8221;, escribieron en la misma red social.<\/p>\n<\/div>\n<div id=\"element-body-8\">\n<p>En la publicaci\u00f3n, compartieron adem\u00e1s la carta que le enviaron a Francos para expresar su desacuerdo con la disposici\u00f3n y, el pedido de &#8220;preservar este legado cultural y evitar su dispersi\u00f3n o p\u00e9rdida&#8221;. Tambi\u00e9n solicitaron que se &#8220;arbitren los medios necesarios para <strong>transferir todos los bienes, objetos, documentos<\/strong> que componen el acervo completo del Instituto&#8221; a su cargo.<\/p>\n<\/div>\n<div id=\"element-body-9\">\n<p>En el texto que enviaron al jefe de ministros y que fue firmado por la Secretaria General del PJ, Teresa Garc\u00eda, explicaron que la puesta en marcha de su iniciativa se basa en &#8220;la suscripci\u00f3n de un convenio con el Estado Nacional, a trav\u00e9s de la Agencia de Administraci\u00f3n de Bienes del Estado (AABE) y el ministerio de Capital Humano, para asumir la gesti\u00f3n del Instituto y su acervo&#8221;.<\/p>\n<\/div>\n<div id=\"element-body-10\">\n<p>&#8220;Esto significa que el Consejo Nacional, como m\u00e1ximo \u00f3rgano partidario, <strong>asume todos los costos operativos y de conservaci\u00f3n<\/strong>, sin aporte financiero del Estado, garantizando la misma calidad de gesti\u00f3n; y se compromete a custodiar, conservar y garantizar el acceso del p\u00fablico con el fin de cuidar el acervo historiogr\u00e1fico del Instituto y lo que representa para la Naci\u00f3n Argentina&#8221;, finalizaron su pedido al Gobierno nacional.<\/p>\n<\/div>\n<p><script async src=\"\/\/platform.twitter.com\/widgets.js\" charset=\"utf-8\"><\/script><br \/>\n<br \/><br \/>\n<br \/><a href=\"https:\/\/www.clarin.com\/politica\/anuncio-cierre-pj-quiere-transfieran-bienes-documentos-instituto-juan-domingo-peron_0_uB7IiDCExw.html\">Fuente Clarin.com <\/a><\/p>\n","protected":false},"excerpt":{"rendered":"<p>Despu\u00e9s de que el Gobierno de Milei anunciara la disoluci\u00f3n del Instituto Nacional Juan Domingo Per\u00f3n, el Partido Justicialista que preside Cristina Kirchner propuso hacerse cargo del organismo y todos sus bienes. Adem\u00e1s, apunt\u00f3 que el cierre de estos organismos &#8220;enmascara una persecuci\u00f3n ideol\u00f3gica&#8221; hacia el peronismo. La medida hab\u00eda sido anunciada por el vocero [&hellip;]<\/p>\n","protected":false},"author":1,"featured_media":15966,"comment_status":"open","ping_status":"open","sticky":false,"template":"","format":"standard","meta":{"footnotes":""},"categories":[2],"tags":[324,6671,967,100,9998,2845,9282,1038,28,4963,1273,923,19042,312],"class_list":["post-27651","post","type-post","status-publish","format-standard","has-post-thumbnail","hentry","category-ultimas-noticias","tag-anuncio","tag-bienes","tag-cierre","tag-del","tag-documentos","tag-domingo","tag-instituto","tag-juan","tag-los","tag-peron","tag-quiere","tag-todos","tag-transfieran","tag-tras"],"_links":{"self":[{"href":"https:\/\/13.com.ar\/index.php\/wp-json\/wp\/v2\/posts\/27651","targetHints":{"allow":["GET"]}}],"collection":[{"href":"https:\/\/13.com.ar\/index.php\/wp-json\/wp\/v2\/posts"}],"about":[{"href":"https:\/\/13.com.ar\/index.php\/wp-json\/wp\/v2\/types\/post"}],"author":[{"embeddable":true,"href":"https:\/\/13.com.ar\/index.php\/wp-json\/wp\/v2\/users\/1"}],"replies":[{"embeddable":true,"href":"https:\/\/13.com.ar\/index.php\/wp-json\/wp\/v2\/comments?post=27651"}],"version-history":[{"count":0,"href":"https:\/\/13.com.ar\/index.php\/wp-json\/wp\/v2\/posts\/27651\/revisions"}],"wp:featuredmedia":[{"embeddable":true,"href":"https:\/\/13.com.ar\/index.php\/wp-json\/wp\/v2\/media\/15966"}],"wp:attachment":[{"href":"https:\/\/13.com.ar\/index.php\/wp-json\/wp\/v2\/media?parent=27651"}],"wp:term":[{"taxonomy":"category","embeddable":true,"href":"https:\/\/13.com.ar\/index.php\/wp-json\/wp\/v2\/categories?post=27651"},{"taxonomy":"post_tag","embeddable":true,"href":"https:\/\/13.com.ar\/index.php\/wp-json\/wp\/v2\/tags?post=27651"}],"curies":[{"name":"wp","href":"https:\/\/api.w.org\/{rel}","templated":true}]}}