{"id":27649,"date":"2025-05-22T21:33:32","date_gmt":"2025-05-23T00:33:32","guid":{"rendered":"https:\/\/13.com.ar\/index.php\/despues-del-fracaso-gallardo-busca-refuerzos-para-el-mundial-de-clubes\/"},"modified":"2025-05-22T21:33:32","modified_gmt":"2025-05-23T00:33:32","slug":"despues-del-fracaso-gallardo-busca-refuerzos-para-el-mundial-de-clubes","status":"publish","type":"post","link":"https:\/\/13.com.ar\/index.php\/despues-del-fracaso-gallardo-busca-refuerzos-para-el-mundial-de-clubes\/","title":{"rendered":"despu\u00e9s del fracaso, Gallardo busca refuerzos para el Mundial de Clubes"},"content":{"rendered":"<p> <br \/>\n<br \/><img decoding=\"async\" src=\"https:\/\/13.com.ar\/wp-content\/uploads\/2025\/05\/despues-del-fracaso-Gallardo-busca-refuerzos-para-el-Mundial-de.jpg\" \/><\/p>\n<div id=\"element-body-0\">\n<p><strong>La eliminaci\u00f3n ante Platense caus\u00f3 m\u00e1s bronca que dolor en River.<\/strong> Lo que genera fastidio es que el hecho de haber estado a un par de partidos de poder coronar y sumar un t\u00edtulo m\u00e1s, fundamentalmente porque no se pudo aprovechar el envi\u00f3n futbol\u00edstico que tra\u00eda el equipo en el \u00faltimo mes. Pero ya est\u00e1. El torneo Apertura es historia para el club de N\u00fa\u00f1ez y el camino sigue. De hecho, cerrar\u00e1 la fase de grupos de la Copa Libertadores la semana que viene y despu\u00e9s <strong>se enfocar\u00e1 en el Mundial de Clubes<\/strong>, para el que ya piensa en posibles refuerzos.<\/p>\n<\/div>\n<div id=\"element-body-1\">\n<p><strong><em>\u201cDa bronca no poder seguir y que nos corten el envi\u00f3n futbol\u00edstico que ven\u00eda teniendo el equipo. Pero hay que seguir, ven\u00edamos con buenas sensaciones, no va a quedar ac\u00e1, seguiremos mejorando para tener otras herramientas para afrontar este tipo de partidos. Tenemos que saberlos jugar\u201d<\/em><\/strong>, afirm\u00f3 Marcelo Gallardo en la conferencia de prensa posterior a la eliminaci\u00f3n con Platense. Y agreg\u00f3: \u201cM\u00e1s que preocupaci\u00f3n, es la frustraci\u00f3n de no haber podido llegar al final, que era el objetivo\u201d. Sus palabras no solo hicieron referencia a lo que pas\u00f3 sino tambi\u00e9n a los que se viene.<\/p>\n<\/div>\n<div id=\"element-body-2\">\n<p>El Mu\u00f1eco sabe que a partir de junio se vendr\u00e1n nuevos desaf\u00edos cargados de adrenalina y que las competencias que su equipo jugar\u00e1 tendr\u00e1n un formato similar al de este campeonato.<strong> El mano a mano ser\u00e1 la regla y no la excepci\u00f3n. Ya sea a partido \u00fanico o a ida y vuelta. <\/strong>Suceder\u00e1 en el Mundial de Clubes si logra pasar la primera fase, en la Libertadores arrancar\u00e1n los <em>mata-mata<\/em> en agosto, vendr\u00e1n los duelos de Copa Argentina y el desenlace del Clausura, a fin de a\u00f1o, tambi\u00e9n ser\u00e1 del mismo estilo que el Apertura.<\/p>\n<\/div>\n<div id=\"element-body-4\">\n<p>Cumplir los objetivos es otra de las cuestiones que lo desvela a Gallardo y compa\u00f1\u00eda. <strong>No pudo en la final de la Supercopa Internacional con Talleres y tampoco el Apertura. <\/strong>S\u00ed logr\u00f3 ganar el Supercl\u00e1sico y que su equipo se clasificara primero en la fase de grupos de la Libertadores.<\/p>\n<\/div>\n<div id=\"element-body-5\">\n<p>El martes, a las 21.30 en el Monumental, River jugar\u00e1 el \u00faltimo partido de su zona con Univeristario de Per\u00fa, el segundo, a cuatro puntos de distancias. Con 11 unidades, producto de tres triunfos y dos empates, y la clasificaci\u00f3n a octavos de final asegurada en el primer lugar, el prop\u00f3sito ahora es tratar de ganarle al conjunto peruano para llegar a los 14 puntos. <strong>Si lo logra, seguramente quedar\u00e1 como el segundo mejor primero detr\u00e1s de Palmeiras (15)<\/strong> ya que los otros dos que podr\u00edan alcanzar las 14 unidades son Central C\u00f3rdoba y San Pablo pero River tiene mejor diferencia de gol. En ese caso, antes de la final solo definir\u00eda de visitante con Palmeiras.<\/p>\n<\/div>\n<div id=\"element-body-6\">\n<p>Despu\u00e9s del encuentro del martes con Universitario, el plantel de River, que volvi\u00f3 al trabajo este jueves a la tarde tras la derrota con Platense, tendr\u00e1 unos d\u00edas de descanso y despu\u00e9s se vendr\u00e1 la preparac\u00f3n para el Mundial de Clubes, con trabajos de mantenimiento f\u00edsico para reforzar la base que ya traen de la pretemporada de verano realizada en San Mart\u00edn de Los Andes.<\/p>\n<\/div>\n<div id=\"element-body-7\">\n<p><strong>River viajar\u00e1 a Estados Unidos entre el 11 y el 12 de junio y debutar\u00e1 en la cita mundialista ante Urawa Red Diamonds de Jap\u00f3n el 17 de junio en Seattle<\/strong>, en un grupo que tambi\u00e9n compartir\u00e1 con Rayados de Monterrey, al que enfrentar\u00e1 el 21 de ese mes en Los \u00c1ngeles, y con Inter de Mil\u00e1n, con el que se medir\u00e1 el 25 en Seattle.<\/p>\n<\/div>\n<div id=\"element-body-9\">\n<p>De cara al Mundial de Clubes, <strong>River trabaja en silencio en la posibilidad de sumar refuerzos<\/strong>. FIFA abrir\u00e1 un per\u00edodo de inscripci\u00f3n excepcional del 1 al 10 de junio, d\u00eda que vencer\u00e1 el plazo de la lista definitiva que tiene un m\u00ednimo de 26 jugadores y un m\u00e1ximo de 35.<\/p>\n<\/div>\n<div id=\"element-body-10\">\n<p>Seg\u00fan pudo saber <strong>Clar\u00edn<\/strong>, Gallardo buscar\u00e1 incorporaciones en los puestos que le faltaron reforzar en el verano, es decir un lateral izquierdo y un delantero. Por el \u201c3\u201d se volver\u00e1 a hacer un intento por <strong>Lucas Esquivel<\/strong>, de Atl\u00e9tico Paranaense, jugador al que estuvo cerca de traer en hace unos meses. Y por el \u201c9\u201d, el apuntado es<strong> Lucas Beltr\u00e1n<\/strong>, aunque repatriarlo de Fiorentina no es una tarea sencilla ya que tiene contrato hasta mediados de 2028.<\/p>\n<\/div>\n<div id=\"element-body-11\">\n<p>El <em>Mu\u00f1eco<\/em> busca en esa posici\u00f3n alguien que se ponga la camiseta y juegue enseguida y Beltr\u00e1n surgi\u00f3 de River (despu\u00e9s de hacer parte de las Inferiores en Instituto y de un pr\u00e9stamo en Col\u00f3n ya en Primera) y ya fue dirigido por el entrenador oriundo de Merlo. <strong>La idea, igual, es traerlo no solo para el Mundial de Clubes, sino para que se quede despu\u00e9s de la competencia en Estados Unidos.<\/strong> En tanto, no se descarta que tambi\u00e9n vayan por un marcador central de jerarqu\u00eda, ya que los niveles de los actuales zagueros de River est\u00e1n en baja.<\/p>\n<\/div>\n<div id=\"element-body-12\">\n<p>De todos modos, m\u00e1s all\u00e1 de los nombres que puedan venir, River trabajar\u00e1 para retomar la senda futbol\u00edstica del \u00faltimo mes para competir e intentar cumplir los desaf\u00edos que tiene por delante y que lo de Platense quede solo como una piedra en el camino.<\/p>\n<\/div>\n<p><br \/>\n<br \/><a href=\"https:\/\/www.clarin.com\/deportes\/river-despues-fracaso-gallardo-busca-refuerzos-mundial-clubes_0_EIFxkdihiK.html\">Fuente Clarin.com <\/a><\/p>\n","protected":false},"excerpt":{"rendered":"<p>La eliminaci\u00f3n ante Platense caus\u00f3 m\u00e1s bronca que dolor en River. Lo que genera fastidio es que el hecho de haber estado a un par de partidos de poder coronar y sumar un t\u00edtulo m\u00e1s, fundamentalmente porque no se pudo aprovechar el envi\u00f3n futbol\u00edstico que tra\u00eda el equipo en el \u00faltimo mes. Pero ya est\u00e1. [&hellip;]<\/p>\n","protected":false},"author":1,"featured_media":27650,"comment_status":"open","ping_status":"open","sticky":false,"template":"","format":"standard","meta":{"footnotes":""},"categories":[2],"tags":[672,1613,100,1514,5451,3089,1612,16,3749],"class_list":["post-27649","post","type-post","status-publish","format-standard","has-post-thumbnail","hentry","category-ultimas-noticias","tag-busca","tag-clubes","tag-del","tag-despues","tag-fracaso","tag-gallardo","tag-mundial","tag-para","tag-refuerzos"],"_links":{"self":[{"href":"https:\/\/13.com.ar\/index.php\/wp-json\/wp\/v2\/posts\/27649","targetHints":{"allow":["GET"]}}],"collection":[{"href":"https:\/\/13.com.ar\/index.php\/wp-json\/wp\/v2\/posts"}],"about":[{"href":"https:\/\/13.com.ar\/index.php\/wp-json\/wp\/v2\/types\/post"}],"author":[{"embeddable":true,"href":"https:\/\/13.com.ar\/index.php\/wp-json\/wp\/v2\/users\/1"}],"replies":[{"embeddable":true,"href":"https:\/\/13.com.ar\/index.php\/wp-json\/wp\/v2\/comments?post=27649"}],"version-history":[{"count":0,"href":"https:\/\/13.com.ar\/index.php\/wp-json\/wp\/v2\/posts\/27649\/revisions"}],"wp:featuredmedia":[{"embeddable":true,"href":"https:\/\/13.com.ar\/index.php\/wp-json\/wp\/v2\/media\/27650"}],"wp:attachment":[{"href":"https:\/\/13.com.ar\/index.php\/wp-json\/wp\/v2\/media?parent=27649"}],"wp:term":[{"taxonomy":"category","embeddable":true,"href":"https:\/\/13.com.ar\/index.php\/wp-json\/wp\/v2\/categories?post=27649"},{"taxonomy":"post_tag","embeddable":true,"href":"https:\/\/13.com.ar\/index.php\/wp-json\/wp\/v2\/tags?post=27649"}],"curies":[{"name":"wp","href":"https:\/\/api.w.org\/{rel}","templated":true}]}}