{"id":27643,"date":"2025-05-22T21:15:31","date_gmt":"2025-05-23T00:15:31","guid":{"rendered":"https:\/\/13.com.ar\/index.php\/la-complicada-tarea-que-le-espera-al-entrenador-que-elija-riquelme\/"},"modified":"2025-05-22T21:15:31","modified_gmt":"2025-05-23T00:15:31","slug":"la-complicada-tarea-que-le-espera-al-entrenador-que-elija-riquelme","status":"publish","type":"post","link":"https:\/\/13.com.ar\/index.php\/la-complicada-tarea-que-le-espera-al-entrenador-que-elija-riquelme\/","title":{"rendered":"la complicada tarea que le espera al entrenador que elija Riquelme"},"content":{"rendered":"<p> <br \/>\n<br \/><img decoding=\"async\" src=\"https:\/\/13.com.ar\/wp-content\/uploads\/2025\/05\/la-complicada-tarea-que-le-espera-al-entrenador-que-elija.jpg\" \/><\/p>\n<div id=\"element-body-0\">\n<p><strong>Boca no tiene director t\u00e9cnico.<\/strong> Tampoco lo va a tener, por lo menos hasta el martes. Y por estas horas cualquiera que asegure saber el nombre del pr\u00f3ximo entrenador est\u00e1 mintiendo. Sin embargo, lo que s\u00ed se sabe es el escenario que se encontrar\u00e1 el nuevo conductor del plantel profesional de Boca cuando pise por primera vez el predio de Ezeiza, que entrada la noche del jueves parec\u00eda una fortaleza m\u00e1s que un centro deportivo.<\/p>\n<\/div>\n<div id=\"element-body-1\">\n<p>Es que <strong>Juan Rom\u00e1n Riquelme<\/strong>, el <em>presidente-\u00eddolo<\/em> del club, es quien tiene que elegir y tomar la decisi\u00f3n. No es que le tiemble el pulso -qued\u00f3 demostrado con el despido de Fernando Gago- sino que su estilo es el hermetismo y la cautela. <strong>La ansiedad es de la gente y de los medios, pero no del presidente<\/strong> que se toma su tiempo y se maneja como en la previa de la llegada de Jorge Almir\u00f3n: con total reserva y en secreto.<\/p>\n<\/div>\n<div id=\"element-body-2\">\n<p>Tampoco es seguro que el anuncio se haga el lunes, como se aseguraba en algunos canales de TV; ni que el t\u00e9cnico ya est\u00e1 decidido, ni que se hicieron llamados oficiales, ni se le ofreci\u00f3 el puesto a nadie. <strong><em>&#8220;Silencio total&#8221;<\/em><\/strong>, dice el mensaje de <em>WhatsApp<\/em> que parti\u00f3 desde la Bombonera y que recibe <strong>Clar\u00edn<\/strong>. <strong><em>&#8220;Todo depende&#8221;<\/em><\/strong>, le escriben a este diario desde BocaPredio sobre si en el inicio de la pr\u00f3xima semana se dar\u00e1 a conocer el nombre del pr\u00f3ximo det\u00e9. No hay certezas, todas son especulaciones.<\/p>\n<\/div>\n<div id=\"element-body-4\">\n<p>No importa qui\u00e9n, sino qu\u00e9 y c\u00f3mo. El pr\u00f3ximo entrenador de Boca enfrentar\u00e1 una crisis deportiva, el descontento de un p\u00fablico dividido, la obligaci\u00f3n de conseguir un boleto a la<strong> Copa Libertadores 2026<\/strong>, revisar la extensi\u00f3n y la calidad del plantel, y por \u00faltimo -aunque no menos importante-, preparar al equipo en menos de un mes para competir y dejar una buena imagen en el <strong>Mundial de Clubes<\/strong> (Boca debutar\u00e1 en Miami el 16 de junio ante el Benfica, por el Grupo C; el 20 ir\u00e1 ante Bayern M\u00fanich y cerrar\u00e1 el 24, frente al Auckland City, en Nashville).<\/p>\n<\/div>\n<div id=\"element-body-5\">\n<p>Entonces la escena ser\u00e1 m\u00e1s o menos as\u00ed: un entrenador recibir\u00e1 en su celular el llamado directo de Riquelme, se reunir\u00e1 con el presidente de Boca que le ofrecer\u00e1 el puesto y tras aceptar ver\u00e1 su cara y su nombre en todos los portales de noticias, la TV y las redes sociales. Brindar\u00eda una conferencia de prensa en la Bombonera o en BocaPredio y despu\u00e9s de las fotos de rigor llegar\u00e1 el momento de la verdad: <strong>pisar la cancha 1 de Ezeiza y enfrentar al plantel.<\/strong><\/p>\n<\/div>\n<div id=\"element-body-6\">\n<p>Se sospecha que la primera charla ser\u00e1 con <strong>Marcos Rojo<\/strong>. El segundo capit\u00e1n del equipo no estuvo en el partido ante Independiente por un cuadro febril (tambi\u00e9n trascendi\u00f3 que se hab\u00eda tratado de un castigo por un acto de indisciplina) y gener\u00f3 pol\u00e9mica porque estuvo en el banco de suplentes y no ingres\u00f3. <strong>El central que lleg\u00f3 en 2020 y acumula 118 partidos con la camiseta azul y oro (4 t\u00edtulos)<\/strong> ya no cuenta con el apoyo del p\u00fablico que en los \u00faltimos dos partidos en la Bombonera (ante Lan\u00fas e Independiente) lo silb\u00f3 cuando la voz del estadio anunci\u00f3 su nombre.<\/p>\n<\/div>\n<div id=\"element-body-7\">\n<p>Rojo exasper\u00f3 a la gente por sus ausencias por lesi\u00f3n (en la actual temporada se perdi\u00f3 cinco partidos), pero sobre todo por sus declaraciones tras el Supercl\u00e1sico cuando dijo que no sent\u00eda que el equipo estuviera <strong>&#8220;en deuda&#8221;<\/strong> con la gente. <strong>Su contrato vence en diciembre.<\/strong><\/p>\n<\/div>\n<div id=\"element-body-9\">\n<p>La siguiente reuni\u00f3n del flamante DT ser\u00e1 con <strong>Edinson Cavani, Luis Adv\u00edncula, Agust\u00edn Marches\u00edn, Ander Herrera y Miguel Merentiel<\/strong>, los otros referentes del equipo en busca de recuperar el nivel y medir el semblante y el compromiso del equipo para tener un diagn\u00f3stico de cara al Mundial de Clubes. Y despu\u00e9s revisar la n\u00f3mina de<strong> 35 futbolistas<\/strong> que Boca tiene para afrontar las tres competencias que le quedan en el a\u00f1o. Lucas Janson, Exequiel Zeballos, Kevin Zen\u00f3n, Sergio Romero, Javi Garc\u00eda, Marcelo Saracchi y m\u00e1s firmas podr\u00edan partir por tener ofertas o por bajos rendimientos.<\/p>\n<\/div>\n<div id=\"element-body-10\">\n<p>Antes, durante y despu\u00e9s de evaluar (\u00bfy depurar?) al plantel, el entrenador deber\u00e1 instalar su idea de juego. Para ello deber\u00e1 convencer a los jugadores y tener el respaldo de Riquelme y del Consejo de F\u00fatbol. <strong>\u00bfQu\u00e9 perfil elegir\u00e1 esta vez el presidente?<\/strong> \u00bfIr\u00e1 por la experiencia de Miguel Russo, el primer entrenador de la gesti\u00f3n? \u00bfApostar\u00e1 por t\u00e9cnicos ofensivos como hizo con Almir\u00f3n y Diego Mart\u00ednez? \u00bfLe dar\u00e1 la chance a alguien identificado con el club, como pas\u00f3 con Sebasti\u00e1n Battaglia, Hugo Ibarra y Gago?<\/p>\n<\/div>\n<div id=\"element-body-11\">\n<p>Ahora s\u00ed, \u00bfqui\u00e9n? \u00bfEs el momento para un nuevo ciclo de Russo, que a los 69 a\u00f1os busca un t\u00edtulo con San Lorenzo? \u00bfPara Antonio Mohamed, que al cierre de esta edici\u00f3n ten\u00eda una final con Toluca en M\u00e9xico? \u00bfO para Gustavo Quinteros, que viene de ser campe\u00f3n con V\u00e9lez? \u00bfTendr\u00e1 Riquelme un <em>tapado<\/em>? El desaf\u00edo ser\u00e1 enorme de asumir.<\/p>\n<\/div>\n<p><br \/>\n<br \/><a href=\"https:\/\/www.clarin.com\/deportes\/boca-complicada-tarea-espera-entrenador-elija-riquelme_0_gy5xgG1lee.html\">Fuente Clarin.com <\/a><\/p>\n","protected":false},"excerpt":{"rendered":"<p>Boca no tiene director t\u00e9cnico. Tampoco lo va a tener, por lo menos hasta el martes. Y por estas horas cualquiera que asegure saber el nombre del pr\u00f3ximo entrenador est\u00e1 mintiendo. Sin embargo, lo que s\u00ed se sabe es el escenario que se encontrar\u00e1 el nuevo conductor del plantel profesional de Boca cuando pise por [&hellip;]<\/p>\n","protected":false},"author":1,"featured_media":27644,"comment_status":"open","ping_status":"open","sticky":false,"template":"","format":"standard","meta":{"footnotes":""},"categories":[2],"tags":[18049,17376,8031,463,6,6538],"class_list":["post-27643","post","type-post","status-publish","format-standard","has-post-thumbnail","hentry","category-ultimas-noticias","tag-complicada","tag-elija","tag-entrenador","tag-espera","tag-riquelme","tag-tarea"],"_links":{"self":[{"href":"https:\/\/13.com.ar\/index.php\/wp-json\/wp\/v2\/posts\/27643","targetHints":{"allow":["GET"]}}],"collection":[{"href":"https:\/\/13.com.ar\/index.php\/wp-json\/wp\/v2\/posts"}],"about":[{"href":"https:\/\/13.com.ar\/index.php\/wp-json\/wp\/v2\/types\/post"}],"author":[{"embeddable":true,"href":"https:\/\/13.com.ar\/index.php\/wp-json\/wp\/v2\/users\/1"}],"replies":[{"embeddable":true,"href":"https:\/\/13.com.ar\/index.php\/wp-json\/wp\/v2\/comments?post=27643"}],"version-history":[{"count":0,"href":"https:\/\/13.com.ar\/index.php\/wp-json\/wp\/v2\/posts\/27643\/revisions"}],"wp:featuredmedia":[{"embeddable":true,"href":"https:\/\/13.com.ar\/index.php\/wp-json\/wp\/v2\/media\/27644"}],"wp:attachment":[{"href":"https:\/\/13.com.ar\/index.php\/wp-json\/wp\/v2\/media?parent=27643"}],"wp:term":[{"taxonomy":"category","embeddable":true,"href":"https:\/\/13.com.ar\/index.php\/wp-json\/wp\/v2\/categories?post=27643"},{"taxonomy":"post_tag","embeddable":true,"href":"https:\/\/13.com.ar\/index.php\/wp-json\/wp\/v2\/tags?post=27643"}],"curies":[{"name":"wp","href":"https:\/\/api.w.org\/{rel}","templated":true}]}}