{"id":27641,"date":"2025-05-22T21:12:28","date_gmt":"2025-05-23T00:12:28","guid":{"rendered":"https:\/\/13.com.ar\/index.php\/la-pasion-por-la-formula-1-llego-a-la-capital-y-fomento-un-espectaculo-de-otra-epoca\/"},"modified":"2025-05-22T21:12:28","modified_gmt":"2025-05-23T00:12:28","slug":"la-pasion-por-la-formula-1-llego-a-la-capital-y-fomento-un-espectaculo-de-otra-epoca","status":"publish","type":"post","link":"https:\/\/13.com.ar\/index.php\/la-pasion-por-la-formula-1-llego-a-la-capital-y-fomento-un-espectaculo-de-otra-epoca\/","title":{"rendered":"la pasi\u00f3n por la F\u00f3rmula 1 lleg\u00f3 a la capital y foment\u00f3 un espect\u00e1culo de otra \u00e9poca"},"content":{"rendered":"<p> <br \/>\n<br \/><img decoding=\"async\" src=\"https:\/\/13.com.ar\/wp-content\/uploads\/2025\/05\/la-pasion-por-la-Formula-1-llego-a-la-capital.jpg\" \/><\/p>\n<div id=\"element-body-0\">\n<p>El <strong>Gran Premio en Buenos Aires<\/strong> volvi\u00f3 a encender la emoci\u00f3n de los <strong>fan\u00e1ticos del automovilismo <\/strong>con una propuesta \u00fanica: <strong>revivir los or\u00edgenes de la competencia en Sudam\u00e9rica <\/strong>con <strong>autos<\/strong> centenarios, trajes de \u00e9poca y un recorrido hist\u00f3rico desde Recoleta hasta Tigre.<\/p>\n<\/div>\n<div id=\"element-body-1\">\n<p>La pasi\u00f3n por la <strong>F\u00f3rmula 1 <\/strong>lleg\u00f3 a la capital en forma de homenaje y se transform\u00f3 en un <strong>espect\u00e1culo de otra \u00e9poca<\/strong>, donde cada veh\u00edculo cont\u00f3 una historia y el pasado volvi\u00f3 a rugir sobre el asfalto porte\u00f1o.<\/p>\n<\/div>\n<div id=\"element-body-3\">\n<p>El evento, organizado por el <strong>Club de Autom\u00f3viles Cl\u00e1sicos<\/strong>, reuni\u00f3 a m\u00e1s de <strong>50 autos antiguos y 44 motos<\/strong>. El punto de partida fue el bar La Biela, desde donde los veh\u00edculos desfilaron por la<strong> Avenida Alvear hasta llegar al parque cerrado en la avenida Quintana<\/strong>. All\u00ed, la Orquesta Sinf\u00f3nica de la Fuerza A\u00e9rea marc\u00f3 el ritmo de la espera con un concierto en vivo.<\/p>\n<\/div>\n<div id=\"element-body-4\">\n<p><strong>El recorrido se complet\u00f3 el domingo a media ma\u00f1ana con la caravana rumbo al Museo de Arte Tigre<\/strong>, donde el p\u00fablico esperaba ansioso su llegada. El Imperia amarillo fue el primero en asomar por la calle Sald\u00edas, seguido de cerca por un Ballot blanco y un taxi con techo desmontable. <\/p>\n<\/div>\n<div id=\"element-body-5\">\n<p>Tambi\u00e9n particip\u00f3 el <strong>Dorchester a vapor de 1901<\/strong>, \u00fanico en <strong>Sudam\u00e9rica<\/strong>. Aplausos, celulares al aire y emoci\u00f3n pura: todos los autos, sin importar marca ni velocidad, fueron recibidos como campeones.<\/p>\n<\/div>\n<div id=\"element-body-8\">\n<p>El trazado original del <strong>evento<\/strong> rememora aquel que se corri\u00f3 en 1906, dividido en dos etapas y con un ganador que tard\u00f3 poco menos de 30 minutos en recorrer casi 40 kil\u00f3metros. Hoy, ese esp\u00edritu se mantiene vivo en cada giro de rueda, con autos Imp\u00e9ria, Ford, Chevrolet, Anasagasti \u2014el primero fabricado en serie en la Argentina\u2014, Fiat y tantos otros que siguen latiendo gracias al esfuerzo de sus due\u00f1os.<\/p>\n<\/div>\n<div id=\"element-body-10\">\n<p>Los participantes, adem\u00e1s de restaurar y mantener estas verdaderas joyas mec\u00e1nicas, se sumergen en el personaje: <strong>trajes de \u00e9poca, antiparras, guantes de cuero y sombreros de copa complementan la escena<\/strong>.<strong> <\/strong><\/p>\n<\/div>\n<div id=\"element-body-11\">\n<p>Es un <strong>viaje en el tiempo <\/strong>que no solo celebra el avance t\u00e9cnico del pa\u00eds en aquella \u00e9poca, sino tambi\u00e9n el glamour, el dise\u00f1o y la cultura que marcaron el inicio del siglo XX.<\/p>\n<\/div>\n<p><br \/>\n<br \/><a href=\"https:\/\/www.clarin.com\/informacion-general\/gran-premio-buenos-aires-pasion-formula-1-llego-capital-fomento-espectaculo-epoca_0_Sx5yBiolap.html\">Fuente Clarin.com <\/a><\/p>\n","protected":false},"excerpt":{"rendered":"<p>El Gran Premio en Buenos Aires volvi\u00f3 a encender la emoci\u00f3n de los fan\u00e1ticos del automovilismo con una propuesta \u00fanica: revivir los or\u00edgenes de la competencia en Sudam\u00e9rica con autos centenarios, trajes de \u00e9poca y un recorrido hist\u00f3rico desde Recoleta hasta Tigre. La pasi\u00f3n por la F\u00f3rmula 1 lleg\u00f3 a la capital en forma de [&hellip;]<\/p>\n","protected":false},"author":1,"featured_media":27642,"comment_status":"open","ping_status":"open","sticky":false,"template":"","format":"standard","meta":{"footnotes":""},"categories":[2],"tags":[4693,1853,5164,19038,3016,1096,305,3868,142],"class_list":["post-27641","post","type-post","status-publish","format-standard","has-post-thumbnail","hentry","category-ultimas-noticias","tag-capital","tag-epoca","tag-espectaculo","tag-fomento","tag-formula","tag-llego","tag-otra","tag-pasion","tag-por"],"_links":{"self":[{"href":"https:\/\/13.com.ar\/index.php\/wp-json\/wp\/v2\/posts\/27641","targetHints":{"allow":["GET"]}}],"collection":[{"href":"https:\/\/13.com.ar\/index.php\/wp-json\/wp\/v2\/posts"}],"about":[{"href":"https:\/\/13.com.ar\/index.php\/wp-json\/wp\/v2\/types\/post"}],"author":[{"embeddable":true,"href":"https:\/\/13.com.ar\/index.php\/wp-json\/wp\/v2\/users\/1"}],"replies":[{"embeddable":true,"href":"https:\/\/13.com.ar\/index.php\/wp-json\/wp\/v2\/comments?post=27641"}],"version-history":[{"count":0,"href":"https:\/\/13.com.ar\/index.php\/wp-json\/wp\/v2\/posts\/27641\/revisions"}],"wp:featuredmedia":[{"embeddable":true,"href":"https:\/\/13.com.ar\/index.php\/wp-json\/wp\/v2\/media\/27642"}],"wp:attachment":[{"href":"https:\/\/13.com.ar\/index.php\/wp-json\/wp\/v2\/media?parent=27641"}],"wp:term":[{"taxonomy":"category","embeddable":true,"href":"https:\/\/13.com.ar\/index.php\/wp-json\/wp\/v2\/categories?post=27641"},{"taxonomy":"post_tag","embeddable":true,"href":"https:\/\/13.com.ar\/index.php\/wp-json\/wp\/v2\/tags?post=27641"}],"curies":[{"name":"wp","href":"https:\/\/api.w.org\/{rel}","templated":true}]}}