{"id":27639,"date":"2025-05-22T21:09:41","date_gmt":"2025-05-23T00:09:41","guid":{"rendered":"https:\/\/13.com.ar\/index.php\/javier-milei-reflota-la-cara-amigable-del-pragmatismo\/"},"modified":"2025-05-22T21:09:41","modified_gmt":"2025-05-23T00:09:41","slug":"javier-milei-reflota-la-cara-amigable-del-pragmatismo","status":"publish","type":"post","link":"https:\/\/13.com.ar\/index.php\/javier-milei-reflota-la-cara-amigable-del-pragmatismo\/","title":{"rendered":"Javier Milei reflota la cara amigable del pragmatismo"},"content":{"rendered":"<p> <br \/>\n<br \/><img decoding=\"async\" src=\"https:\/\/13.com.ar\/wp-content\/uploads\/2025\/05\/Javier-Milei-reflota-la-cara-amigable-del-pragmatismo.jpg\" \/><\/p>\n<div id=\"element-body-0\">\n<p>En los pocos d\u00edas de tregua que se abrieron con el triunfo de Manuel Adorni en la Ciudad, <strong>el Gobierno acelerar\u00e1 las conversaciones con el PRO<\/strong> y tambi\u00e9n con un sector del radicalismo para buscar sellar una oferta conjunta que le permita enfrentar en mejores condiciones al kirchnerismo en la <strong>elecci\u00f3n de diputados nacionales de octubre<\/strong> en la Provincia de Buenos Aires.<\/p>\n<\/div>\n<div id=\"element-body-1\">\n<p>En ese distrito, el Gobierno prefiere un esquema que, aunque parezca una paradoja,<strong> est\u00e1 a medio camino entre el que defiende Karina Milei<\/strong> -una lista pura de La Libertad Avanza- <strong>y el que promociona Mauricio Macri<\/strong>, que quiere un frente electoral que una a LLA, el PRO y otros partidos.<\/p>\n<\/div>\n<div id=\"element-body-2\">\n<p>Santiago Caputo, que impulsa la s\u00edntesis de esas posturas, trabaja <strong>para que en octubre haya una transferencia de dirigentes del PRO y que a la vez el partido de Macri firme una adhesi\u00f3n a la lista de LLA<\/strong>. \u201cNo vamos a inventar un frente nuevo porque la marca de La Libertad Avanza mide 35 puntos en la Provincia. Hoy mide m\u00e1s que cualquier candidato del PRO y tambi\u00e9n mide m\u00e1s que los nuestros\u201d, explica uno de los hombres de la campa\u00f1a oficialista.<\/p>\n<\/div>\n<div id=\"element-body-3\">\n<p>Por eso mismo, Caputo quiere una boleta violeta que contenga candidatos macristas y que se complemente con una adhesi\u00f3n formal del PRO. Este \u00faltimo detalle, en realidad, es <strong>un reaseguro<\/strong>: en la Casa Rosada <strong>no quieren a un Macri enojado y suelto que promueva una lista amarilla<\/strong> que pueda conseguir votos en el interior bonaerense o en el norte del Conurbano y que termine perjudicando el gran objetivo de esa elecci\u00f3n, que es derrotar a Cristina Kirchner. Esta semana comenz\u00f3 el trabajo por recuperar el buen di\u00e1logo con Macri, cuando Milei le respondi\u00f3 con un mensaje muy afectuoso el saludo que le mand\u00f3 el ex presidente por la victoria de Adorni.<\/p>\n<\/div>\n<div id=\"element-body-4\">\n<p>Como blanque\u00f3 el vocero y legislador porte\u00f1o electo en la noche de su triunfo, el oficialismo buscar\u00e1 a partir de ahora el apoyo de todo el espectro antikirchnerista, un paraguas que incluye, tambi\u00e9n, a los intendentes radicales de la Provincia. Para lubricar esa negociaci\u00f3n, <strong>LLA usar\u00e1 la elecci\u00f3n de cargos provinciales del 7 de septiembre<\/strong>. All\u00ed apelar\u00e1 a su identidad m\u00e1s pragm\u00e1tica y buscar\u00e1 acuerdos -en muchos casos con aliados distintos- en cada una de las ocho secciones electorales bonaerenses. Esos acuerdos ser\u00e1n, b\u00e1sicamente, <strong>ceder en septiembre puestos de concejales y legisladores bonaerenses a los intendentes de la UCR y el PRO<\/strong> para pedirles en octubre el apoyo a la lista de diputados nacionales de LLA, en la que tambi\u00e9n podr\u00edan incluirse macristas y radicales dialoguistas. \u201cTodo ese armado para la elecci\u00f3n\u00a0bonaerense<strong> se va a hacer atendiendo al objetivo nuestro, que es ganarle a Cristina <\/strong>en las nacionales de octubre y conseguir diputados y senadores que defiendan al Presidente\u201d, admite el negociador.<\/p>\n<\/div>\n<div id=\"element-body-5\">\n<p>Esa regla, la de los acuerdos particulares que contribuyan al objetivo final, es <strong>la que va a ordenar la estrategia en todas las provincias<\/strong>. Por eso, en esta ocasi\u00f3n <strong>no habr\u00e1 una boleta violeta y con el logo de LLA en todas las provincias<\/strong>. En algunas de ellas, como la Capital Federal y Buenos Aires, el Gobierno procurar\u00e1 conseguirla, pero en otras, como Corrientes, Entre R\u00edos, Chaco, Santa Fe o Mendoza, ya es casi seguro que Milei buscar\u00e1 alianzas con los gobernadores\u00a0y jefes locales.<\/p>\n<\/div>\n<p><br \/>\n<br \/><a href=\"https:\/\/www.clarin.com\/opinion\/javier-milei-reflota-cara-amigable-pragmatismo_0_4WKSFA9At4.html\">Fuente Clarin.com <\/a><\/p>\n","protected":false},"excerpt":{"rendered":"<p>En los pocos d\u00edas de tregua que se abrieron con el triunfo de Manuel Adorni en la Ciudad, el Gobierno acelerar\u00e1 las conversaciones con el PRO y tambi\u00e9n con un sector del radicalismo para buscar sellar una oferta conjunta que le permita enfrentar en mejores condiciones al kirchnerismo en la elecci\u00f3n de diputados nacionales de [&hellip;]<\/p>\n","protected":false},"author":1,"featured_media":27640,"comment_status":"open","ping_status":"open","sticky":false,"template":"","format":"standard","meta":{"footnotes":""},"categories":[2],"tags":[11522,2812,100,273,77,4991,9332],"class_list":["post-27639","post","type-post","status-publish","format-standard","has-post-thumbnail","hentry","category-ultimas-noticias","tag-amigable","tag-cara","tag-del","tag-javier","tag-milei","tag-pragmatismo","tag-reflota"],"_links":{"self":[{"href":"https:\/\/13.com.ar\/index.php\/wp-json\/wp\/v2\/posts\/27639","targetHints":{"allow":["GET"]}}],"collection":[{"href":"https:\/\/13.com.ar\/index.php\/wp-json\/wp\/v2\/posts"}],"about":[{"href":"https:\/\/13.com.ar\/index.php\/wp-json\/wp\/v2\/types\/post"}],"author":[{"embeddable":true,"href":"https:\/\/13.com.ar\/index.php\/wp-json\/wp\/v2\/users\/1"}],"replies":[{"embeddable":true,"href":"https:\/\/13.com.ar\/index.php\/wp-json\/wp\/v2\/comments?post=27639"}],"version-history":[{"count":0,"href":"https:\/\/13.com.ar\/index.php\/wp-json\/wp\/v2\/posts\/27639\/revisions"}],"wp:featuredmedia":[{"embeddable":true,"href":"https:\/\/13.com.ar\/index.php\/wp-json\/wp\/v2\/media\/27640"}],"wp:attachment":[{"href":"https:\/\/13.com.ar\/index.php\/wp-json\/wp\/v2\/media?parent=27639"}],"wp:term":[{"taxonomy":"category","embeddable":true,"href":"https:\/\/13.com.ar\/index.php\/wp-json\/wp\/v2\/categories?post=27639"},{"taxonomy":"post_tag","embeddable":true,"href":"https:\/\/13.com.ar\/index.php\/wp-json\/wp\/v2\/tags?post=27639"}],"curies":[{"name":"wp","href":"https:\/\/api.w.org\/{rel}","templated":true}]}}