{"id":27635,"date":"2025-05-22T20:57:29","date_gmt":"2025-05-22T23:57:29","guid":{"rendered":"https:\/\/13.com.ar\/index.php\/como-cuidarlo-del-frio-de-mayo\/"},"modified":"2025-05-22T20:57:29","modified_gmt":"2025-05-22T23:57:29","slug":"como-cuidarlo-del-frio-de-mayo","status":"publish","type":"post","link":"https:\/\/13.com.ar\/index.php\/como-cuidarlo-del-frio-de-mayo\/","title":{"rendered":"c\u00f3mo cuidarlo del fr\u00edo de mayo"},"content":{"rendered":"<p> <br \/>\n<br \/><img decoding=\"async\" src=\"https:\/\/13.com.ar\/wp-content\/uploads\/2025\/05\/como-cuidarlo-del-frio-de-mayo.jpg\" \/><\/p>\n<div id=\"element-body-0\">\n<p><strong>El aloe vera<\/strong>, o s\u00e1bila, como tambi\u00e9n se la conoce, es una de esas <strong>plantas <\/strong>que no pueden faltar en casa. No solo es decorativa y f\u00e1cil de cuidar, sino que tiene propiedades curativas que muchos aprovechan para calmar quemaduras, hidratar la piel o aliviar irritaciones. Sin embargo, a medida que el <strong>oto\u00f1o<\/strong> avanza y las <strong>temperaturas bajan<\/strong>,<strong> <\/strong>es fundamental darle una <strong>atenci\u00f3n especial si quer\u00e9s que crezca fuerte, sana y con posibilidades de florecer<\/strong>.<\/p>\n<\/div>\n<div id=\"element-body-1\">\n<p>Aunque no es com\u00fan que florezca todos los a\u00f1os, hay formas de ayudarla a que lo haga. Con un <strong>fertilizante natural que pod\u00e9s preparar en casa <\/strong>y algunos ajustes simples en el cuidado diario, tu s\u00e1bila <strong>puede atravesar el fr\u00edo de mayo sin problemas y llegar a la primavera con toda la energ\u00eda<\/strong>.<\/p>\n<\/div>\n<div id=\"element-body-3\">\n<p>Si bien es una <strong>planta bastante resistente<\/strong>, <strong>el aloe vera responde muy bien cuando le das un extra de nutrientes<\/strong>, sobre todo si tu objetivo es verla florecer. Un truco casero muy efectivo consiste en <strong>usar agua de c\u00e1scara de banana, que aporta potasio y f\u00f3sforo, dos minerales esenciales para estimular su desarrollo y floraci\u00f3n<\/strong>.<\/p>\n<\/div>\n<div id=\"element-body-4\">\n<p>Preparaci\u00f3n del fertilizante:<\/p>\n<\/div>\n<div id=\"element-body-10\">\n<p>En esta \u00e9poca del a\u00f1o, muchas regiones del pa\u00eds empiezan a sentir el descenso de temperatura, sobre todo a la noche. Si ten\u00e9s tu <strong>aloe vera afuera<\/strong>, es clave<strong> moverla a un lugar m\u00e1s reparado para evitar que el fr\u00edo la da\u00f1e<\/strong>. Aunque la s\u00e1bila tolera la sequ\u00eda, el fr\u00edo y el exceso de humedad son sus principales enemigos.<\/p>\n<\/div>\n<div id=\"element-body-11\">\n<p>Tips para proteger tu aloe vera en oto\u00f1o:<\/p>\n<\/div>\n<div id=\"element-body-17\">\n<p>Con cuidados constantes y un poco de paciencia, tu <strong>aloe vera va a estar mejor preparada para florecer cuando llegue el momento<\/strong>. Y cuando esa vara floral aparezca, vas a ver que todo el esfuerzo vali\u00f3 la pena.<\/p>\n<\/div>\n<p><br \/>\n<br \/><a href=\"https:\/\/www.clarin.com\/informacion-general\/claves-aloe-vera-sano-brinde-mejores-beneficios-cuidarlo-frio-mayo_0_hcwUDBmtzb.html\">Fuente Clarin.com <\/a><\/p>\n","protected":false},"excerpt":{"rendered":"<p>El aloe vera, o s\u00e1bila, como tambi\u00e9n se la conoce, es una de esas plantas que no pueden faltar en casa. No solo es decorativa y f\u00e1cil de cuidar, sino que tiene propiedades curativas que muchos aprovechan para calmar quemaduras, hidratar la piel o aliviar irritaciones. Sin embargo, a medida que el oto\u00f1o avanza y [&hellip;]<\/p>\n","protected":false},"author":1,"featured_media":27636,"comment_status":"open","ping_status":"open","sticky":false,"template":"","format":"standard","meta":{"footnotes":""},"categories":[2],"tags":[66,15811,100,1438,9811],"class_list":["post-27635","post","type-post","status-publish","format-standard","has-post-thumbnail","hentry","category-ultimas-noticias","tag-como","tag-cuidarlo","tag-del","tag-frio","tag-mayo"],"_links":{"self":[{"href":"https:\/\/13.com.ar\/index.php\/wp-json\/wp\/v2\/posts\/27635","targetHints":{"allow":["GET"]}}],"collection":[{"href":"https:\/\/13.com.ar\/index.php\/wp-json\/wp\/v2\/posts"}],"about":[{"href":"https:\/\/13.com.ar\/index.php\/wp-json\/wp\/v2\/types\/post"}],"author":[{"embeddable":true,"href":"https:\/\/13.com.ar\/index.php\/wp-json\/wp\/v2\/users\/1"}],"replies":[{"embeddable":true,"href":"https:\/\/13.com.ar\/index.php\/wp-json\/wp\/v2\/comments?post=27635"}],"version-history":[{"count":0,"href":"https:\/\/13.com.ar\/index.php\/wp-json\/wp\/v2\/posts\/27635\/revisions"}],"wp:featuredmedia":[{"embeddable":true,"href":"https:\/\/13.com.ar\/index.php\/wp-json\/wp\/v2\/media\/27636"}],"wp:attachment":[{"href":"https:\/\/13.com.ar\/index.php\/wp-json\/wp\/v2\/media?parent=27635"}],"wp:term":[{"taxonomy":"category","embeddable":true,"href":"https:\/\/13.com.ar\/index.php\/wp-json\/wp\/v2\/categories?post=27635"},{"taxonomy":"post_tag","embeddable":true,"href":"https:\/\/13.com.ar\/index.php\/wp-json\/wp\/v2\/tags?post=27635"}],"curies":[{"name":"wp","href":"https:\/\/api.w.org\/{rel}","templated":true}]}}