{"id":2744,"date":"2025-02-06T21:09:30","date_gmt":"2025-02-07T00:09:30","guid":{"rendered":"https:\/\/13.com.ar\/index.php\/el-emotivo-homenaje-para-la-enorme-patinadora-nora-vega\/"},"modified":"2025-02-06T21:09:30","modified_gmt":"2025-02-07T00:09:30","slug":"el-emotivo-homenaje-para-la-enorme-patinadora-nora-vega","status":"publish","type":"post","link":"https:\/\/13.com.ar\/index.php\/el-emotivo-homenaje-para-la-enorme-patinadora-nora-vega\/","title":{"rendered":"el emotivo homenaje para la enorme patinadora Nora Vega"},"content":{"rendered":"<p> <br \/>\n<\/p>\n<div id=\"cuerpo\">\n<div class=\"sc-80531b6b-0 chRIGJ container-text text-embed\">\n<p>El <strong>Comit\u00e9 Ol\u00edmpico Argentino<\/strong> extendi\u00f3 los festejos de su centenario y los sum\u00f3 a la celebraci\u00f3n del 30\u00b0 aniversario de los <strong>Juegos Panamericanos de Mar del Plata 1995<\/strong>, celebrados en marzo de ese a\u00f1o. Y lo hizo a lo grande, con un encuentro lleno de emoci\u00f3n e historia en el ic\u00f3nico Hotel Tronador de <em>La Feliz<\/em>, que convoc\u00f3 a destacadas personalidades del deporte marplatense, con la enorme<strong> Nora Vega<\/strong> a la cabeza.<\/p>\n<\/div>\n<div class=\"sc-80531b6b-0 chRIGJ container-text text-embed\">\n<p>La patinadora, quien fue encargada de encender el pebetero en aquella cita de hace 30 a\u00f1os, en la que gan\u00f3 luego dos oros, una plata y un bronce en patinaje de velocidad, particip\u00f3 de un panel junto a miembros del comit\u00e9 organizador de aquellos Juegos. <\/p>\n<\/div>\n<div class=\"sc-80531b6b-0 chRIGJ container-text text-embed\">\n<p>\u201cLa experiencia de los Juegos del 95 fue incre\u00edble porque cuando empezaron, todo Mar del Plata estaba presente en cada escenario, fue algo hermoso. Tuve la suerte de competir al principio y poder ver a muchos de mis compa\u00f1eros deportistas y amigos. Los Juegos dejaron un legado muy importante en la ciudad porque muchos ni\u00f1os marplatenses pudieron dedicarse a un deporte&#8221;, record\u00f3 quien fue campeona en los 300 metros contrarreloj y los 3 mil metros por relevos en esos Panamericanos.<\/p>\n<\/div>\n<div class=\"sc-80531b6b-0 chRIGJ container-text text-embed\">\n<p>Vega fue solo una de las abanderadas marplatenses de aquel evento que dijeron presente en la fiesta organizada por el COA. Tambi\u00e9n estuvieron <strong>Ana Mar\u00eda Comaschi<\/strong>, <strong>Mariano Sala<\/strong>, <strong>Leonardo Malgor <\/strong>y <strong>Guillermo Caci\u00e1n<\/strong> (atletismo), <strong>Luis Lazarte<\/strong> (boxeo), <strong>Pablo Faji\u00e1n<\/strong> y <strong>Gast\u00f3n C\u00e9sar<\/strong> (nataci\u00f3n), <strong>Natalia Mart\u00ednez<\/strong>, <strong>Sergio McCargo<\/strong>, <strong>Guillermo Trinaroli<\/strong> y <strong>Andrea Gonz\u00e1lez<\/strong> (pat\u00edn carrera), <strong>Luis Pascal<\/strong> (remo), <strong>Ezequiel Albelo<\/strong> (squash), <strong>Patricia Santana<\/strong> (taekwondo), <strong>Silvia Pollano<\/strong> (tiro), <strong>Mar\u00eda Virginia Coronel<\/strong> y <strong>Silvana Calcagno<\/strong> (triatl\u00f3n) y <strong>Paula Parisi<\/strong> (v\u00f3leibol).<\/p>\n<\/div>\n<div class=\"sc-80531b6b-0 chRIGJ container-text text-embed\">\n<p>El surfista <strong>Leandro Usuna<\/strong>, la ex Leona y Secretaria de Deportes de la Naci\u00f3n <strong>In\u00e9s Arrondo<\/strong>, los atletas <strong>Mariano Mastromarino<\/strong> y<strong> Mar\u00eda de los \u00c1ngeles Peralta<\/strong>, el jugador de beach volley <strong>Mart\u00edn Conde<\/strong> y los remeros <strong>Cristian <\/strong>y <strong>Brian Rosso<\/strong> fueron algunos de los atletas y ex atletas locales que alguna vez fueron ol\u00edmpicos y que recibieron tambi\u00e9n un reconocimiento en el cierre de la noche. <\/p>\n<\/div>\n<div class=\"sc-80531b6b-0 chRIGJ container-text text-embed\">\n<p>Y tambi\u00e9n fueron homenajeados <strong>Ra\u00fal Scafati<\/strong>,\u00a0<strong>Ken Kuwada<\/strong>\u00a0y\u00a0<strong>Claudia Alejandra Rodr\u00edguez<\/strong>, m\u00faltiples campeones mundiales de pat\u00edn carrera.<\/p>\n<\/div>\n<div class=\"sc-80531b6b-0 chRIGJ container-text text-embed\">\n<p><strong>Mario Moccia<\/strong>, presidente del COA, estuvo acompa\u00f1ado <strong>Guillermo Montenegro<\/strong>, intendente del partido de General Pueyrred\u00f3n, varias autoridades del deporte marplatense e integrantes del organismo que preside, entre ellos los campeones ol\u00edmpicos <strong>Walter P\u00e9rez<\/strong>, vicepresidente 2\u00b0 y presidente de la Comisi\u00f3n de Atletas, y <strong>Paula Pareto<\/strong>, representante de los atletas en la mesa directiva y miembro del <strong>Comit\u00e9 Ol\u00edmpico Internacional<\/strong>.<\/p>\n<\/div>\n<div class=\"sc-80531b6b-0 chRIGJ container-text text-embed\">\n<p>&#8220;Mar del Plata es una ciudad fant\u00e1stica para organizar eventos de todo tipo, fundamentalmente eventos internacionales que permitan mostrarle a Sudam\u00e9rica, a Am\u00e9rica y al mundo el potencial que tiene esta ciudad&#8221;, afirm\u00f3 Moccia.<\/p>\n<\/div>\n<div class=\"sc-198be8ec-0 cynXbu image-embed  image-embed \"><picture class=\"sc-198be8ec-1 kOjRiQ\"><source media=\"(min-width: 975px)\" width=\"720\" height=\"480\" \/><img alt=\"Nora Vega, emblema de los Panamericanos de 1995, record\u00f3 con emoci\u00f3n aquellos Juegos. Foto Prensa COA\" loading=\"lazy\" width=\"720\" height=\"480\" decoding=\"async\" data-nimg=\"1\" style=\"color:transparent\" src=\"https:\/\/13.com.ar\/wp-content\/uploads\/2025\/02\/el-emotivo-homenaje-para-la-enorme-patinadora-Nora-Vega.jpg\"\/><span class=\"epigraphe\">Nora Vega, emblema de los Panamericanos de 1995, record\u00f3 con emoci\u00f3n aquellos Juegos. Foto Prensa COA<\/span><span class=\"bkg\"\/><span class=\"picture-open\"><button class=\"open-image\" aria-label=\"Open Image\"\/><\/span><\/picture><\/div>\n<div class=\"sc-80531b6b-0 chRIGJ container-text text-embed\">\n<p>La velada sirvi\u00f3 tambi\u00e9n para celebrar dos acontecimiento importantes para la ciudad y el deporte argentino. Primero, la postulaci\u00f3n de Mar del Plata como sede de los <strong>Juegos Suramericanos de Plata de 2027<\/strong>, que se anunci\u00f3 hace algunas semanas.<\/p>\n<\/div>\n<div class=\"sc-80531b6b-0 chRIGJ container-text text-embed\">\n<p>&#8220;Nos sentimos muy confiados de poder realizarlos&#8221;, coment\u00f3 <strong>Sebasti\u00e1n D&#8217;Andrea<\/strong>, presidente del Ente Municipal de Deportes y Recreaci\u00f3n (EMDER). &#8220;<\/p>\n<\/div>\n<div class=\"sc-80531b6b-0 chRIGJ container-text text-embed\">\n<p>Y agreg\u00f3: &#8220;Esto tambi\u00e9n tiene que ver con la historia del deporte marplatense. Los Juegos Panamericanos Mar del Plata 1995 han tenido un impacto social muy grande en la ciudad, adem\u00e1s de lo deportivo, pol\u00edtico y econ\u00f3mico. El deporte marplatense es lo que es por la inversi\u00f3n que se hizo en infraestructura hace 30 a\u00f1os&#8221;.<\/p>\n<\/div>\n<div class=\"sc-80531b6b-0 chRIGJ container-text text-embed\">\n<p>Segundo, el cierre del ciclo <strong>Playa Ol\u00edmpica 2025<\/strong>. Un proyecto que, como explic\u00f3 Moccia, &#8220;apunta a concentrar en un lugar recreativo a la gente que est\u00e1 descansando en su tiempo libre, con una propuesta que es deportiva, recreativa y saludable, donde todos pueden jugar, divertirse, entretenerse, participar de eventos, fortalecer su compromiso ambiental y difundir valores a trav\u00e9s de nuestros atletas y medallistas ol\u00edmpicos&#8221;.<\/p>\n<\/div>\n<div class=\"sc-80531b6b-0 chRIGJ container-text text-embed\">\n<p>En el marco de esa movida liderada por el COA, durante un mes (entre el 9 de enero y el 9 de febrero), se organizaron competencias, cl\u00ednicas, exhibiciones y actividades culturales, recreativas y educativas en <strong>Mar del Plata<\/strong>, <strong>Caril\u00f3<\/strong>, <strong>Pinamar<\/strong>, <strong>Chapadmalal <\/strong>y <strong>Valeria del Mar<\/strong>, abiertas al p\u00fablico y con la participaci\u00f3n de destacados atletas argentinos.<\/p>\n<\/div>\n<div class=\"sc-80531b6b-0 chRIGJ container-text text-embed\">\n<p>Hubo clases de hockey sobre c\u00e9sped a cargo de <strong>Roc\u00edo S\u00e1nchez Moccia<\/strong>, ex capitana de las Leonas; de rugby seven lideradas por Los Pumas <strong>Lucas Gonz\u00e1lez Amorosino<\/strong>, <strong>Joaquin Pellandini<\/strong>, <strong>Alejo Lavayen<\/strong> y <strong>Santino Zangara<\/strong>; de surf en las que <strong>Lele Usuna<\/strong> comparti\u00f3 sus conocimientos; y de atletismo, que tuvieron a <strong>Germ\u00e1n Chiaraviglio<\/strong>, entre otros, como entrenador. Tambi\u00e9n de beach handball, b\u00e1squet 3&#215;3, skate, tenis de mesa, boxeo, beach volley, f\u00fatbol, patinaje.<\/p>\n<\/div>\n<div class=\"sc-80531b6b-0 chRIGJ container-text text-embed\">\n<p>Adem\u00e1s el COA instal\u00f3 una &#8220;sucursal&#8221; de su museo ol\u00edmpico en el Tronador que sigue abierta al p\u00fablico. Y hubo charlas en las que algunos destacados deportistas nacionales compartieron sus experiencias y tambi\u00e9n varias jornadas de limpieza de playas, organizadas por la Comisi\u00f3n de Sostenibilidad del Deporte. <\/p>\n<\/div>\n<div class=\"sc-80531b6b-0 chRIGJ container-text text-embed\">\n<p>Por esos encuentros pasaron, por ejemplo, <strong>Eugenia De Armas<\/strong>, bicampeona mundial de wakeboard, y <strong>Cecilia Carranza<\/strong>, oro en la clase Nacra 17 del yachting en <strong>R\u00edo 2016<\/strong> junto a Santiago Lange; y Pareto, campeona ol\u00edmpica en judo en la cita carioca.<\/p>\n<\/div>\n<div class=\"sc-80531b6b-0 chRIGJ container-text text-embed\">\n<p>Fue un mes en el que el esp\u00edritu ol\u00edmpico se sinti\u00f3 presente en cada rinc\u00f3n de las playas argentinas. &#8220;Nosotros somos deporte, m\u00e1s educaci\u00f3n, cultura, cuidado ambiental y salud para todos los que amamos el deporte&#8221;, reflexion\u00f3 Moccia. <\/p>\n<\/div>\n<\/div>\n<p><br \/>\n<br \/><a href=\"https:\/\/www.clarin.com\/deportes\/coa-llevo-festejos-centenario-mar-plata-emotivo-homenaje-enorme-patinadora-nora-vega_0_QKONGcRhaU.html\">Fuente Clarin.com <\/a><\/p>\n","protected":false},"excerpt":{"rendered":"<p>El Comit\u00e9 Ol\u00edmpico Argentino extendi\u00f3 los festejos de su centenario y los sum\u00f3 a la celebraci\u00f3n del 30\u00b0 aniversario de los Juegos Panamericanos de Mar del Plata 1995, celebrados en marzo de ese a\u00f1o. Y lo hizo a lo grande, con un encuentro lleno de emoci\u00f3n e historia en el ic\u00f3nico Hotel Tronador de La [&hellip;]<\/p>\n","protected":false},"author":1,"featured_media":2745,"comment_status":"open","ping_status":"open","sticky":false,"template":"","format":"standard","meta":{"footnotes":""},"categories":[2],"tags":[3277,1221,1712,4752,16,4751,4753],"class_list":["post-2744","post","type-post","status-publish","format-standard","has-post-thumbnail","hentry","category-ultimas-noticias","tag-emotivo","tag-enorme","tag-homenaje","tag-nora","tag-para","tag-patinadora","tag-vega"],"_links":{"self":[{"href":"https:\/\/13.com.ar\/index.php\/wp-json\/wp\/v2\/posts\/2744","targetHints":{"allow":["GET"]}}],"collection":[{"href":"https:\/\/13.com.ar\/index.php\/wp-json\/wp\/v2\/posts"}],"about":[{"href":"https:\/\/13.com.ar\/index.php\/wp-json\/wp\/v2\/types\/post"}],"author":[{"embeddable":true,"href":"https:\/\/13.com.ar\/index.php\/wp-json\/wp\/v2\/users\/1"}],"replies":[{"embeddable":true,"href":"https:\/\/13.com.ar\/index.php\/wp-json\/wp\/v2\/comments?post=2744"}],"version-history":[{"count":0,"href":"https:\/\/13.com.ar\/index.php\/wp-json\/wp\/v2\/posts\/2744\/revisions"}],"wp:featuredmedia":[{"embeddable":true,"href":"https:\/\/13.com.ar\/index.php\/wp-json\/wp\/v2\/media\/2745"}],"wp:attachment":[{"href":"https:\/\/13.com.ar\/index.php\/wp-json\/wp\/v2\/media?parent=2744"}],"wp:term":[{"taxonomy":"category","embeddable":true,"href":"https:\/\/13.com.ar\/index.php\/wp-json\/wp\/v2\/categories?post=2744"},{"taxonomy":"post_tag","embeddable":true,"href":"https:\/\/13.com.ar\/index.php\/wp-json\/wp\/v2\/tags?post=2744"}],"curies":[{"name":"wp","href":"https:\/\/api.w.org\/{rel}","templated":true}]}}