{"id":2742,"date":"2025-02-06T20:38:50","date_gmt":"2025-02-06T23:38:50","guid":{"rendered":"https:\/\/13.com.ar\/index.php\/estoy-destrozado-expreso-el-papa-del-chico-asesinado-junto-a-su-novia\/"},"modified":"2025-02-06T20:38:50","modified_gmt":"2025-02-06T23:38:50","slug":"estoy-destrozado-expreso-el-papa-del-chico-asesinado-junto-a-su-novia","status":"publish","type":"post","link":"https:\/\/13.com.ar\/index.php\/estoy-destrozado-expreso-el-papa-del-chico-asesinado-junto-a-su-novia\/","title":{"rendered":"&#8220;Estoy destrozado&#8221;, expres\u00f3 el pap\u00e1 del chico asesinado junto a su novia"},"content":{"rendered":"<p> <br \/>\n<\/p>\n<div id=\"cuerpo\">\n<div class=\"sc-80531b6b-0 chRIGJ container-text text-embed\">\n<p>El sol se apagaba lentamente detr\u00e1s de los \u00e1rboles de la plaza frente a la Escuela Secundaria N\u00b0 63 de Bosques Norte en Florencio Varela. El aire estaba cargado de tristeza. Una multitud de familiares, amigos y vecinos se reuni\u00f3 con velas encendidas y globos blancos en mano. Cada paso hacia el centro del homenaje era un recordatorio del vac\u00edo que dejaron <strong>Josu\u00e9 (14) y Paloma (16)<\/strong>. Una semana despu\u00e9s del doble crimen que conmocion\u00f3 a la comunidad, el dolor segu\u00eda siendo insoportable.<\/p>\n<\/div>\n<div class=\"sc-80531b6b-0 chRIGJ container-text text-embed\">\n<p>Jos\u00e9 Salvatierra, el padre de Josu\u00e9, sosten\u00eda una vela temblorosa entre sus dedos. Sus ojos enrojecidos hablaban por \u00e9l. Intent\u00f3 decir algo, pero las palabras se quebraron en su garganta. &#8220;No quiero hablar&#8230; cuando pase un poco, voy a hablar. <strong>Yo no te voy a mentir, estoy destrozado, los dos lo estamos<\/strong>. Con mi hijo \u00e9ramos muy compa\u00f1eros, esto me lastima y me duele. No tengo mi celular, mi pibe lo ten\u00eda ese d\u00eda&#8221;, dice a <strong>Clar\u00edn<\/strong>.<\/p>\n<\/div>\n<div class=\"sc-80531b6b-0 chRIGJ container-text text-embed\">\n<p>Andrea Escobar, cu\u00f1ada de Jos\u00e9, explicaba entre l\u00e1grimas que la familia hab\u00eda buscado refugio en la casa de su hermana en Dante Ardig\u00f3. &#8220;Es la primera vez que nos pasa algo as\u00ed. Estamos muy dolidos. De la causa, no sabemos nada.<strong> Esto nos destroz\u00f3 como familia y no sabemos c\u00f3mo seguir<\/strong>&#8220;, explica.<\/p>\n<\/div>\n<div class=\"sc-80531b6b-0 chRIGJ container-text text-embed\">\n<p>Los allegados comenzaban a llegar con m\u00e1s <strong>velas y m\u00e1s globos<\/strong>. Respecto a la falta de uni\u00f3n de ambas familias en la b\u00fasqueda de Justicia un familiar cercano lanz\u00f3 un comentario contundente: <strong>&#8220;No nos gusta lo que hace el hombre (el pap\u00e1 de Paloma). Hace circo. Por eso nos alejamos&#8221;.<\/strong><\/p>\n<\/div>\n<div class=\"sc-198be8ec-0 cynXbu image-embed  image-embed \"><picture class=\"sc-198be8ec-1 kOjRiQ\"><source media=\"(min-width: 975px)\" width=\"720\" height=\"480\" \/><img alt=\"Jos\u00e9, el pap\u00e1 de Josu\u00e9 y su esposa, durante una nueva marcha en reclamo de justicia por los chicos asesinados. Foto Emmanuel Fern\u00e1ndez\" loading=\"lazy\" width=\"720\" height=\"480\" decoding=\"async\" data-nimg=\"1\" style=\"color:transparent\" src=\"https:\/\/13.com.ar\/wp-content\/uploads\/2025\/02\/Estoy-destrozado-expreso-el-papa-del-chico-asesinado-junto-a.jpg\"\/><span class=\"epigraphe\">Jos\u00e9, el pap\u00e1 de Josu\u00e9 y su esposa, durante una nueva marcha en reclamo de justicia por los chicos asesinados. Foto Emmanuel Fern\u00e1ndez<\/span><span class=\"bkg\"\/><span class=\"picture-open\"><button class=\"open-image\" aria-label=\"Open Image\"\/><\/span><\/picture><\/div>\n<div class=\"sc-80531b6b-0 chRIGJ container-text text-embed\">\n<p>Los amigos de Josu\u00e9 estaban devastados. &#8220;\u00c9ramos muy cercanos, pero \u00e9l estaba m\u00e1s con Paloma y no quer\u00edamos molestar. Aun as\u00ed, nos trat\u00e1bamos como hermanos. \u00c9ramos ocho amigos inseparables&#8221;, expresan. El recuerdo de aquellos d\u00edas de risas y complicidad se hac\u00eda insoportable y juntos comenzaron a llorar.<\/p>\n<\/div>\n<div class=\"sc-80531b6b-0 chRIGJ container-text text-embed\">\n<p>Los docentes de la Escuela Secundaria N\u00b0 63 tambi\u00e9n se hicieron presentes. &#8220;Paloma era una chica muy callada, Josu\u00e9 era m\u00e1s charlat\u00e1n&#8221;, recordaban con tristeza. Una profesora con m\u00e1s de tres d\u00e9cadas en la instituci\u00f3n admiti\u00f3 conmovida: &#8220;En 34 a\u00f1os que trabajo ac\u00e1, es la primera vez que pasa algo as\u00ed&#8221;.<\/p>\n<\/div>\n<div class=\"sc-198be8ec-0 cynXbu image-embed  image-embed \"><picture class=\"sc-198be8ec-1 kOjRiQ\"><source media=\"(min-width: 975px)\" width=\"720\" height=\"480\" \/><img alt=\"La familia de Jos\u00e9 particip\u00f3 de la suelta de globos blancos. Foto Emmanuel Fern\u00e1ndez\" loading=\"lazy\" width=\"720\" height=\"480\" decoding=\"async\" data-nimg=\"1\" style=\"color:transparent\" src=\"https:\/\/13.com.ar\/wp-content\/uploads\/2025\/02\/1738885130_445_Estoy-destrozado-expreso-el-papa-del-chico-asesinado-junto-a.jpg\"\/><span class=\"epigraphe\">La familia de Jos\u00e9 particip\u00f3 de la suelta de globos blancos. Foto Emmanuel Fern\u00e1ndez<\/span><span class=\"bkg\"\/><span class=\"picture-open\"><button class=\"open-image\" aria-label=\"Open Image\"\/><\/span><\/picture><\/div>\n<div class=\"sc-80531b6b-0 chRIGJ container-text text-embed\">\n<p>En medio de la plaza, la mam\u00e1 de Josu\u00e9 no dejaba de mirar la foto de su hijo. Su llanto, profundo y desgarrador, estremec\u00eda a todos. El padre, en silencio, acompa\u00f1aba su dolor. Un amigo de Josu\u00e9, de su misma edad, tom\u00f3 la iniciativa y alz\u00f3 la voz: <strong><em>&#8220;Por siempre en nuestros corazones van a estar los chicos de Bosques Norte&#8221;<\/em><\/strong><em>.<\/em> Y, con esas palabras, la multitud solt\u00f3 los <strong>globos al cielo<\/strong>, seguido de un aplauso que reson\u00f3 como un grito de justicia.<\/p>\n<\/div>\n<div class=\"sc-80531b6b-0 chRIGJ container-text text-embed\">\n<p>El reclamo por el caso que <strong>todav\u00eda no tiene responsables identificados ni detenidos<\/strong> era un\u00e1nime. &#8220;Las autoridades tienen que poner m\u00e1s empe\u00f1o en la investigaci\u00f3n. Ac\u00e1 hay muchas cosas que no se aclaran. Vecinos, tenemos que estar unidos para saber qu\u00e9 les pas\u00f3 a los angelitos. No es solo venir a soltar un globito, es moverse y<strong> pedir Justicia<\/strong>. Todo pac\u00edfico, justicia por ellos dos&#8221;, reclam\u00f3 un vecino con voz firme.<\/p>\n<\/div>\n<div class=\"sc-198be8ec-0 cynXbu image-embed  image-embed \"><picture class=\"sc-198be8ec-1 kOjRiQ\"><source media=\"(min-width: 975px)\" width=\"720\" height=\"480\" \/><img alt=\"Los pap\u00e1s de Paloma Salvatierra tambi\u00e9n estuvieron presentes en el homenaje. Foto Emmanuel Fern\u00e1ndez\" loading=\"lazy\" width=\"720\" height=\"480\" decoding=\"async\" data-nimg=\"1\" style=\"color:transparent\" src=\"https:\/\/13.com.ar\/wp-content\/uploads\/2025\/02\/1738885130_36_Estoy-destrozado-expreso-el-papa-del-chico-asesinado-junto-a.jpg\"\/><span class=\"epigraphe\">Los pap\u00e1s de Paloma Salvatierra tambi\u00e9n estuvieron presentes en el homenaje. Foto Emmanuel Fern\u00e1ndez<\/span><span class=\"bkg\"\/><span class=\"picture-open\"><button class=\"open-image\" aria-label=\"Open Image\"\/><\/span><\/picture><\/div>\n<div class=\"sc-80531b6b-0 chRIGJ container-text text-embed\">\n<p>Entre el dolor y el llanto, los amigos de Josu\u00e9 intentaban asimilar la ausencia definitiva. &#8220;No vamos a poder jugar m\u00e1s un partido, no nos vamos a ver m\u00e1s en la calle ni en el colegio&#8221;, sollozaba uno de ellos, mientras se aferraba a su madre. Una ni\u00f1a, con l\u00e1grimas en los ojos, repet\u00eda desconsolada: &#8220;Necesito que est\u00e9 en el colegio&#8221;.<\/p>\n<\/div>\n<div class=\"sc-80531b6b-0 chRIGJ container-text text-embed\">\n<p>Pero el homenaje se vio empa\u00f1ado por un momento de tensi\u00f3n. La llegada de los padres de Paloma cambi\u00f3 el ambiente. Omar, su padre, se acerc\u00f3 con un <em>palo selfie <\/em>y <strong>comenz\u00f3 a grabar la escena donde los pap\u00e1s de Josu\u00e9 lloraban desconsolados.<\/strong> La reacci\u00f3n fue inmediata. <strong><em>&#8220;\u00a1Respet\u00e1 nuestro dolor, no filmes!&#8221;<\/em><\/strong>, grit\u00f3 un vecino indignado. Otro chico, sin contener su bronca, le reproch\u00f3: <strong><em>&#8220;\u00a1Se te muri\u00f3 tu hija, c\u00f3mo vas a filmar c\u00f3mo lloran!&#8221;.<\/em><\/strong><\/p>\n<\/div>\n<div class=\"sc-198be8ec-0 cynXbu image-embed  image-embed \"><picture class=\"sc-198be8ec-1 kOjRiQ\"><source media=\"(min-width: 975px)\" width=\"720\" height=\"480\" \/><img alt=\"Emotivo homenaje para Josu\u00e9 y Paloma frente a la Escuela N\u00b0 63 de Bosques Norte. Foto Emmanuel Fern\u00e1ndez\" loading=\"lazy\" width=\"720\" height=\"480\" decoding=\"async\" data-nimg=\"1\" style=\"color:transparent\" src=\"https:\/\/13.com.ar\/wp-content\/uploads\/2025\/02\/1738885130_567_Estoy-destrozado-expreso-el-papa-del-chico-asesinado-junto-a.jpg\"\/><span class=\"epigraphe\">Emotivo homenaje para Josu\u00e9 y Paloma frente a la Escuela N\u00b0 63 de Bosques Norte. Foto Emmanuel Fern\u00e1ndez<\/span><span class=\"bkg\"\/><span class=\"picture-open\"><button class=\"open-image\" aria-label=\"Open Image\"\/><\/span><\/picture><\/div>\n<div class=\"sc-80531b6b-0 chRIGJ container-text text-embed\">\n<p>El silencio volvi\u00f3 a apoderarse de la plaza. Las familias de Josu\u00e9 y Paloma no se cruzaron palabras. Mientras los padres de Josu\u00e9 se retiraban en medio del desconsuelo, los de Paloma se quedaron en la plaza, distantes. Y la mayor\u00eda de los vecinos se retiraron.<\/p>\n<\/div>\n<div class=\"sc-80531b6b-0 chRIGJ container-text text-embed\">\n<p>La tarde cay\u00f3 sobre Bosques Norte, pero la herida segu\u00eda abierta. El pedido de Justicia qued\u00f3 flotando en el aire, como los globos que momentos antes hab\u00edan ascendido al cielo, llevando consigo el recuerdo de Josu\u00e9 y Paloma.<\/p>\n<\/div>\n<div class=\"sc-198be8ec-0 cynXbu image-embed  image-embed \"><picture class=\"sc-198be8ec-1 kOjRiQ\"><source media=\"(min-width: 975px)\" width=\"720\" height=\"480\" \/><img alt=\"Del homenaje y pedido por justicia participaron familiares, amigos y docentes de los chicos. Foto Emmanuel Fern\u00e1ndez\" loading=\"lazy\" width=\"720\" height=\"480\" decoding=\"async\" data-nimg=\"1\" style=\"color:transparent\" src=\"https:\/\/13.com.ar\/wp-content\/uploads\/2025\/02\/1738885130_129_Estoy-destrozado-expreso-el-papa-del-chico-asesinado-junto-a.jpg\"\/><span class=\"epigraphe\">Del homenaje y pedido por justicia participaron familiares, amigos y docentes de los chicos. Foto Emmanuel Fern\u00e1ndez<\/span><span class=\"bkg\"\/><span class=\"picture-open\"><button class=\"open-image\" aria-label=\"Open Image\"\/><\/span><\/picture><\/div>\n<\/div>\n<p><br \/>\n<br \/><a href=\"https:\/\/www.clarin.com\/policiales\/globos-cielo-frente-escuela-josue-paloma-destrozado-expreso-papa-chico-asesinado-junto-novia_0_VsuNXkoNNo.html\">Fuente Clarin.com <\/a><\/p>\n","protected":false},"excerpt":{"rendered":"<p>El sol se apagaba lentamente detr\u00e1s de los \u00e1rboles de la plaza frente a la Escuela Secundaria N\u00b0 63 de Bosques Norte en Florencio Varela. El aire estaba cargado de tristeza. Una multitud de familiares, amigos y vecinos se reuni\u00f3 con velas encendidas y globos blancos en mano. Cada paso hacia el centro del homenaje [&hellip;]<\/p>\n","protected":false},"author":1,"featured_media":2743,"comment_status":"open","ping_status":"open","sticky":false,"template":"","format":"standard","meta":{"footnotes":""},"categories":[2],"tags":[2102,4750,100,4749,4748,3801,776,2463,2919],"class_list":["post-2742","post","type-post","status-publish","format-standard","has-post-thumbnail","hentry","category-ultimas-noticias","tag-asesinado","tag-chico","tag-del","tag-destrozado","tag-estoy","tag-expreso","tag-junto","tag-novia","tag-papa"],"_links":{"self":[{"href":"https:\/\/13.com.ar\/index.php\/wp-json\/wp\/v2\/posts\/2742","targetHints":{"allow":["GET"]}}],"collection":[{"href":"https:\/\/13.com.ar\/index.php\/wp-json\/wp\/v2\/posts"}],"about":[{"href":"https:\/\/13.com.ar\/index.php\/wp-json\/wp\/v2\/types\/post"}],"author":[{"embeddable":true,"href":"https:\/\/13.com.ar\/index.php\/wp-json\/wp\/v2\/users\/1"}],"replies":[{"embeddable":true,"href":"https:\/\/13.com.ar\/index.php\/wp-json\/wp\/v2\/comments?post=2742"}],"version-history":[{"count":0,"href":"https:\/\/13.com.ar\/index.php\/wp-json\/wp\/v2\/posts\/2742\/revisions"}],"wp:featuredmedia":[{"embeddable":true,"href":"https:\/\/13.com.ar\/index.php\/wp-json\/wp\/v2\/media\/2743"}],"wp:attachment":[{"href":"https:\/\/13.com.ar\/index.php\/wp-json\/wp\/v2\/media?parent=2742"}],"wp:term":[{"taxonomy":"category","embeddable":true,"href":"https:\/\/13.com.ar\/index.php\/wp-json\/wp\/v2\/categories?post=2742"},{"taxonomy":"post_tag","embeddable":true,"href":"https:\/\/13.com.ar\/index.php\/wp-json\/wp\/v2\/tags?post=2742"}],"curies":[{"name":"wp","href":"https:\/\/api.w.org\/{rel}","templated":true}]}}