{"id":2740,"date":"2025-02-06T20:35:11","date_gmt":"2025-02-06T23:35:11","guid":{"rendered":"https:\/\/13.com.ar\/index.php\/un-informe-que-analizo-la-salud-de-su-hijo-con-alberto-fernandez-urge-retomar-el-vinculo-presencial-con-su-padre\/"},"modified":"2025-02-06T20:35:11","modified_gmt":"2025-02-06T23:35:11","slug":"un-informe-que-analizo-la-salud-de-su-hijo-con-alberto-fernandez-urge-retomar-el-vinculo-presencial-con-su-padre","status":"publish","type":"post","link":"https:\/\/13.com.ar\/index.php\/un-informe-que-analizo-la-salud-de-su-hijo-con-alberto-fernandez-urge-retomar-el-vinculo-presencial-con-su-padre\/","title":{"rendered":"un informe que analiz\u00f3 la salud de su hijo con Alberto Fern\u00e1ndez urge retomar el v\u00ednculo presencial con su padre"},"content":{"rendered":"<p> <br \/>\n<br \/><img decoding=\"async\" src=\"https:\/\/13.com.ar\/wp-content\/uploads\/2025\/02\/un-informe-que-analizo-la-salud-de-su-hijo-con.jpg\" \/><\/p>\n<div id=\"cuerpo\">\n<div class=\"sc-80531b6b-0 chRIGJ container-text text-embed\">\n<p>Hay malas noticias para Fabiola Y\u00e1nez. Un informe presentado por un equipo interdisciplinario que solicit\u00f3 un juez en el marco de la causa que logr\u00f3 abrirle Alberto Fern\u00e1ndez a su ex pareja ante la justicia porte\u00f1a por <strong>presuntas amenazas y otros delitos<\/strong> y en la que le pide revincularse con su hijo Francisco, determin\u00f3 que <strong>los encuentros presenciales entre el ni\u00f1o y su padre, \u201cson de urgente necesidad\u201d.<\/strong> Las interacciones virtuales \u201cpueden ser un complemento, pero no deben sustituir el contacto f\u00edsico cuando este es necesario para el desarrollo emocional y social del ni\u00f1o\u201d, advierten.<\/p>\n<\/div>\n<div class=\"sc-80531b6b-0 chRIGJ container-text text-embed\">\n<p>El trabajo fue pedido por el juez Penal, Penal Juvenil Contravencional y de Faltas <strong>Cristian Federico Brandoni,<\/strong> y lo elabor\u00f3 una secretar\u00eda especializada.<\/p>\n<\/div>\n<div class=\"sc-80531b6b-0 chRIGJ container-text text-embed\">\n<p>El informe del llamado <strong>Equipo Interdisciplinario de la prosecretar\u00eda de Intervenci\u00f3n Interjurisdiccional de la Secretar\u00eda de Infancias y Adolescencias, <\/strong>firmado por los licenciados Marcela Gudi\u00f1o y Andr\u00e9s Criniti y con fecha del 5 de febrero, no ha sido presentado por la abogada de Alberto Fern\u00e1ndez -Silvina Carreira- en la causa que lleva el juez Juli\u00e1n Ercolini y que se abri\u00f3 contra el ex mandatario por la denuncia de violencia de g\u00e9nero que Ya\u00f1ez present\u00f3 contra \u00e9l.<\/p>\n<\/div>\n<div class=\"sc-80531b6b-0 chRIGJ container-text text-embed\">\n<p>Pero para Fabiola Y\u00e1nez, el informe de los especialistas no es una buena noticia, porque podr\u00eda implicar varios caminos. Por un lado, <strong>que tenga que traer al ni\u00f1o Francisco Fern\u00e1ndez Y\u00e1\u00f1ez a la Argentina.<\/strong> El nene cumplir\u00e1 3 a\u00f1os el 11 de de abril, y el informe manifiesta una serie de preocupaciones sobre Francisco, que <strong>Clar\u00edn<\/strong> pudo leer en exclusiva. <\/p>\n<\/div>\n<div class=\"sc-80531b6b-0 chRIGJ container-text text-embed\">\n<p>Por otro lado, como la ex pareja de Fern\u00e1ndez reside en Madrid y no muestra inter\u00e9s en venir a la Argentina, el mandatario podr\u00eda pedir que lo dejen viajar a Madrid para encontrarse con su hijo. Carreira ya pedido el levantamiento de la prohibici\u00f3n de salida del pa\u00eds.<\/p>\n<\/div>\n<div class=\"sc-80531b6b-0 chRIGJ container-text text-embed\">\n<p>Con car\u00e1cter de \u201cUrgente Despacho y Preferente Atenci\u00f3n en virtud de la posible conculcaci\u00f3n de los derechos del ni\u00f1o involucrado en autos\u201d el informe ahora dirigido al juez Brandoni se\u00f1ala que \u201ces indispensable priorizar la atenci\u00f3n primaria de la salud del ni\u00f1o; los indicadores pesquisados por la tutora (psic\u00f3loga) de la instituci\u00f3n educadora a la que asiste (en Madrid), afirman que d<strong>eben realizarse estudios y diagn\u00f3sticos en la ciudad de Buenos Aires<\/strong>, Argentina, donde posee su historia cl\u00ednica, y as\u00ed poder contactar a los m\u00e9dicos intervinientes que lo hayan atendido y realizar las entrevistas pertinentes con sus progenitores, todas estas acciones en virtud de la calidad de vida del ni\u00f1o\u201d. En el c\u00edrculo \u00edntimo del ex presidente afiman no saber d\u00f3nde viven la madre y el ni\u00f1o, en la capital espa\u00f1ola.<\/p>\n<\/div>\n<div class=\"sc-80531b6b-0 chRIGJ container-text text-embed\">\n<p>Brandoni es el juez que en enero le prohibi\u00f3 a Fabiola Y\u00e1\u00f1ez comunicarse con Alberto Fern\u00e1ndez tras la denuncia del mismo y en el marco de una causa <strong> en <\/strong>la que fueron incorporados audios, grabados por el expresidente claramente en su contraataque, porque Ya\u00f1ez lo llamaba a altas horas de la madrugada desde Madrid y <strong>se la escucha con una coherencia afectada.<\/strong> Arrastra la voz, se enoja, se tilda, se pierde, y lo amenaza, lo que tambi\u00e9n sirvi\u00f3 al ex presidente para reclamarle al hijo de ambos.<\/p>\n<\/div>\n<div class=\"sc-80531b6b-0 chRIGJ container-text text-embed\">\n<p>Despu\u00e9s se dio el esc\u00e1ndalo de que la vieron saliendo en las noches de Madrid, y ello deriv\u00f3 en una inusual presi\u00f3n incluso del presidente Javier Milei y la ministra de Seguridad, Patricia Bullrich, para que Ya\u00f1ez renunciara a la custodia del Estado argentino. En realidad, <strong>el Gobierno ya se lo hab\u00eda levantado por el mal uso de la misma<\/strong> por parte de la ex pareja del mandatario.<\/p>\n<\/div>\n<div class=\"sc-80531b6b-0 chRIGJ container-text text-embed\">\n<p>Este martes 4, Fern\u00e1ndez hizo fuertes acusaciones contra Y\u00e1\u00f1ez en el marco de su indagatoria ante Ercolini por la causa de presunta violencia de g\u00e9nero. <strong>\u201cJam\u00e1s ejerc\u00ed violencia f\u00edsica sobre Fabiola Y\u00e1\u00f1ez<\/strong>\u201d, dijo. Y tambi\u00e9n afirm\u00f3 que \u201csi alguien fue agredido en la pareja,<strong> ese fui yo<\/strong>. Si alguien debi\u00f3 soportar insultos y malos tratos en la pareja fui yo\u201d, dej\u00f3 en sus escrito en Comodoro Py, donde tambi\u00e9n afirma que los moretones que se vieron en las fotos difundidas y enviadas por Y\u00e1\u00f1ez a la ex secretaria de Fern\u00e1ndez, Mar\u00eda Cantero, podr\u00edan <strong>ser fruto de la ingesta de alcohol.<\/strong><\/p>\n<\/div>\n<div class=\"sc-80531b6b-0 chRIGJ container-text text-embed\">\n<p>De acuerdo a lo observado por <strong>Clar\u00edn<\/strong>, los tres encuentros realizados para elaborar el informe se realizaron en modalidad virtual entre un llamado \u201cAdulto Vinculante\u201d (Alberto F.) y el ni\u00f1o (el vinculado), debido a las restricciones impuestas en el marco del proceso judicial y el lugar de residencia transitoria de Francisco, que vive en Madrid con su mam\u00e1 y de manera temporal con la abuela materna. \u201cEn esta etapa del dispositivo \u201cEncuentro Vincular Supervisado, en adelante (E.V.S)\u201d fue fundamental realizar \u201cEntrevistas Preliminares, en adelante (E.P)\u201d con los adultos convivientes y el adulto vinculante\u201d.<\/p>\n<\/div>\n<div class=\"sc-80531b6b-0 chRIGJ container-text text-embed\">\n<p>El informe reconoce que tanto Y\u00e1\u00f1ez como Fern\u00e1ndez -que tienen una muy mala relaci\u00f3n-<strong> \u201caceptaron el encuadre propuesto<\/strong> para que se llevara a cabo la manda judicial\u201d y<strong> se \u201cmostraron predispuestos a participar de las entrevistas, prestaron colaboraci\u00f3n<\/strong> y brindaron la informaci\u00f3n que les fue solicitada\u201d.<\/p>\n<\/div>\n<div class=\"sc-80531b6b-0 chRIGJ container-text text-embed\">\n<p>Pero advierte puntos inquietantes sobre el ni\u00f1o como los siguientes: \u201cen relaci\u00f3n a la figura de la abuela materna del ni\u00f1o (Ver\u00f3nica Verdugo Y\u00e1\u00f1ez), la misma se mostr\u00f3 como un referente positivo para colaborar en la administraci\u00f3n del dispositivo E.V.S. De lo relatado en las entrevistas se advirti\u00f3 que en muchos casos <strong>compensa el cuidado materno<\/strong> (dando a entender una ausencia). Sin perjuicio de ello, la radicaci\u00f3n temporal de la Sra. Verdugo en Madrid y el acceso limitado a la tecnolog\u00eda, se presentan como obst\u00e1culos en el encuadre de los E.V.S\u201d.<\/p>\n<\/div>\n<div class=\"sc-80531b6b-0 chRIGJ container-text text-embed\">\n<p>El informe, efectuado a veces con la presencia de Y\u00e1\u00f1ez y otras veces la de su madre, con el ni\u00f1o de un lado por zoom y del otro Alberto Fern\u00e1ndez, se encuentra varias veces ante <strong>el pedido de su padre de que le diga \u201cpap\u00e1<\/strong>\u201d. En la mayor\u00eda de los casos, trabajaron a trav\u00e9s del juego y en una de las tres entrevistas con la presencia de su hermano mayor, hijo del expresidente en primeras nupcias, y cuyo nombre es <strong>Tany Fern\u00e1ndez, alias Dhizy<\/strong>. \u201cLa progenitora transmite y expresa extra\u00f1eza porque el adulto vinculante promueve la interacci\u00f3n del ni\u00f1o con su hermano. Alude que es una situaci\u00f3n novedosa de las \u00faltimas veces (el hermano hab\u00eda asistido en un encuentro virtual anterior al inicio de los E.V.S). Ante la duda abierta por la progenitora (Fabiola), explicamos el despliegue que observamos en el ni\u00f1o, a saber: <strong>al reconocer a su hermano el ni\u00f1o estira los brazos<\/strong> y expresa una holofrase (unidad de significado) \u201cBau-Bau\u201d.<\/p>\n<\/div>\n<div class=\"sc-80531b6b-0 chRIGJ container-text text-embed\">\n<p>Los especialistas afirman que esa acci\u00f3n del ni\u00f1o \u201ces la construcci\u00f3n de un conocimiento que ha involucrado la interacci\u00f3n social, la mediaci\u00f3n simb\u00f3lica para representar un pensamiento y el afecto. (en relaci\u00f3n a la mascota de Alberto Fern\u00e1ndez, Dylan). \u201cPor lo que la \u201cholofrase\u201d es una internalizaci\u00f3n de un evento anterior que comunica una situaci\u00f3n similar. La progenitora reflexiona, si son o no favorables, sucesivos pedidos del progenitor para que el ni\u00f1o se exprese verbalmente. Tambi\u00e9n,<strong> transmite su preocupaci\u00f3n por la falta de lenguaje del ni\u00f1o.<\/strong> Y que lo dialogaron desde la instituci\u00f3n pedag\u00f3gica a la que asiste. <\/p>\n<\/div>\n<div class=\"sc-80531b6b-0 chRIGJ container-text text-embed\">\n<p>En el entorno de Alberto Fern\u00e1ndez est\u00e1n molestos porque <strong>el ni\u00f1o teniendo casi 3 a\u00f1os no est\u00e9 comiendo a\u00fan s\u00f3lidos<\/strong>, como reconoce la madre, si es que eso es lo que ella quiso decir.<\/p>\n<\/div>\n<div class=\"sc-80531b6b-0 chRIGJ container-text text-embed\">\n<p>El informe hace alusi\u00f3n en determinados momentos a que \u201cel ni\u00f1o expresa palabras sueltas y onomatopeyas\u201d. A que el progenitor pregunta al ni\u00f1o con frases compuestas, y que el peque\u00f1o \u201cresponde con palabras sueltas\u201d. Tambi\u00e9n hace un pasaje sobre la trasformaci\u00f3n de <strong>alguna \u201cescena agresiva&#8221;. <\/strong>Se refiere al lanzamiento de juguetes que hab\u00edan sido adquiridos hac\u00eda poco en un acuario a la pantalla, con los que no parecen tener familiaridad ni Francisco ni Alberto Fern\u00e1ndez, pero dicen que el padre transform\u00f3 en una situaci\u00f3n &#8220;l\u00fadica&#8221; y que le permiti\u00f3 seguir con la comunicaci\u00f3n.<\/p>\n<\/div>\n<\/div>\n<p><br \/>\n<br \/><a href=\"https:\/\/www.clarin.com\/politica\/malas-noticias-fabiola-yanez-informe-analizo-salud-hijo-alberto-fernandez-urge-retomar-vinculo-presencial-padre_0_byt3VAeu0J.html\">Fuente Clarin.com <\/a><\/p>\n","protected":false},"excerpt":{"rendered":"<p>Hay malas noticias para Fabiola Y\u00e1nez. Un informe presentado por un equipo interdisciplinario que solicit\u00f3 un juez en el marco de la causa que logr\u00f3 abrirle Alberto Fern\u00e1ndez a su ex pareja ante la justicia porte\u00f1a por presuntas amenazas y otros delitos y en la que le pide revincularse con su hijo Francisco, determin\u00f3 que [&hellip;]<\/p>\n","protected":false},"author":1,"featured_media":2741,"comment_status":"open","ping_status":"open","sticky":false,"template":"","format":"standard","meta":{"footnotes":""},"categories":[2],"tags":[579,4744,18,5,918,2166,2157,4747,4746,243,4745,2449],"class_list":["post-2740","post","type-post","status-publish","format-standard","has-post-thumbnail","hentry","category-ultimas-noticias","tag-alberto","tag-analizo","tag-con","tag-fernandez","tag-hijo","tag-informe","tag-padre","tag-presencial","tag-retomar","tag-salud","tag-urge","tag-vinculo"],"_links":{"self":[{"href":"https:\/\/13.com.ar\/index.php\/wp-json\/wp\/v2\/posts\/2740","targetHints":{"allow":["GET"]}}],"collection":[{"href":"https:\/\/13.com.ar\/index.php\/wp-json\/wp\/v2\/posts"}],"about":[{"href":"https:\/\/13.com.ar\/index.php\/wp-json\/wp\/v2\/types\/post"}],"author":[{"embeddable":true,"href":"https:\/\/13.com.ar\/index.php\/wp-json\/wp\/v2\/users\/1"}],"replies":[{"embeddable":true,"href":"https:\/\/13.com.ar\/index.php\/wp-json\/wp\/v2\/comments?post=2740"}],"version-history":[{"count":0,"href":"https:\/\/13.com.ar\/index.php\/wp-json\/wp\/v2\/posts\/2740\/revisions"}],"wp:featuredmedia":[{"embeddable":true,"href":"https:\/\/13.com.ar\/index.php\/wp-json\/wp\/v2\/media\/2741"}],"wp:attachment":[{"href":"https:\/\/13.com.ar\/index.php\/wp-json\/wp\/v2\/media?parent=2740"}],"wp:term":[{"taxonomy":"category","embeddable":true,"href":"https:\/\/13.com.ar\/index.php\/wp-json\/wp\/v2\/categories?post=2740"},{"taxonomy":"post_tag","embeddable":true,"href":"https:\/\/13.com.ar\/index.php\/wp-json\/wp\/v2\/tags?post=2740"}],"curies":[{"name":"wp","href":"https:\/\/api.w.org\/{rel}","templated":true}]}}