{"id":2738,"date":"2025-02-06T20:32:31","date_gmt":"2025-02-06T23:32:31","guid":{"rendered":"https:\/\/13.com.ar\/index.php\/impresionante-incendio-en-un-departamento-de-boedo-hay-dos-heridos\/"},"modified":"2025-02-06T20:32:31","modified_gmt":"2025-02-06T23:32:31","slug":"impresionante-incendio-en-un-departamento-de-boedo-hay-dos-heridos","status":"publish","type":"post","link":"https:\/\/13.com.ar\/index.php\/impresionante-incendio-en-un-departamento-de-boedo-hay-dos-heridos\/","title":{"rendered":"Impresionante incendio en un departamento de Boedo: hay dos heridos"},"content":{"rendered":"<p> <br \/>\n<br \/><img decoding=\"async\" src=\"https:\/\/13.com.ar\/wp-content\/uploads\/2025\/02\/Impresionante-incendio-en-un-departamento-de-Boedo-hay-dos-heridos.jpg\" \/><\/p>\n<div>\n<p>Un <strong>incendio <\/strong>sorprendi\u00f3 este jueves a los vecinos de <strong>Boedo<\/strong>. El fuego se desat\u00f3 en el sexto piso de un edificio ubicado en avenida Chiclana y Castro Barros y gener\u00f3 preocupaci\u00f3n en la cuadra, adonde se mont\u00f3 un gran operativo de Bomberos y del SAME para atender a los afectados. Hay <strong>dos heridos<\/strong>, uno en estado grave.<\/p>\n<\/div>\n<div>\n<p>Las llamas comenzaron cerca de las 15 en <strong>uno de los departamentos del sexto piso del edificio,<\/strong> que tiene nueve plantas. Dentro de la vivienda hab\u00eda dos hombres, un padre y un hijo, que fueron rescatados por las escaleras.<\/p>\n<\/div>\n<div>\n<p>El incendio se extendi\u00f3 al balc\u00f3n, por lo que los vecinos alcanzaron a <strong>registrar en videos y fotos las llamas,<\/strong> que se ve\u00edan desde la calle en esa zona del sur de Boedo, lindante con Nueva Pompeya.<\/p>\n<\/div>\n<div>\n<p>Participaron m\u00e1s de diez ambulancias del SAME y cuatro dotaciones de Bomberos de la Ciudad, que lograron controlar el fuego. Los m\u00e9dicos atendieron en el lugar a 17 personas.<\/p>\n<\/div>\n<div>\n<p>&#8220;Escuchamos ruidos extra\u00f1os, salimos y empezamos a observar humo&#8221;, dijo Augusto, que vive en el edificio. Tambi\u00e9n relat\u00f3 las maniobras de urgencia para asistir a un vecino.<\/p>\n<\/div>\n<div>\n<p>&#8220;Buscamos c\u00f3mo salir, pero escuchamos gritos del departamento de al lado&#8221;, expres\u00f3 en <em>TN<\/em>. &#8220;\u00c9l qued\u00f3 encerrado y <strong>tuve que romper la puerta para entrar<\/strong>&#8220;. Tambi\u00e9n coment\u00f3 que su vecino no quiso salir y se qued\u00f3 al lado de una ventana porque ten\u00eda dificultades para respirar.<\/p>\n<\/div>\n<div>\n<p>Los dos ocupantes del departamento incendiado tuvieron que ser llevados al hospital Penna. El padre es el que se encuentra en una situaci\u00f3n m\u00e1s comprometida: tiene quemaduras en gran parte del cuerpo. Su hijo fue trasladado por inhalaci\u00f3n de mon\u00f3xido de carbono.<\/p>\n<\/div>\n<p><br \/>\n<br \/><a href=\"https:\/\/www.clarin.com\/ciudades\/impresionante-incendio-departamento-boedo-heridos_0_FNaXuuRYYP.html\">Fuente Clarin.com <\/a><\/p>\n","protected":false},"excerpt":{"rendered":"<p>Un incendio sorprendi\u00f3 este jueves a los vecinos de Boedo. El fuego se desat\u00f3 en el sexto piso de un edificio ubicado en avenida Chiclana y Castro Barros y gener\u00f3 preocupaci\u00f3n en la cuadra, adonde se mont\u00f3 un gran operativo de Bomberos y del SAME para atender a los afectados. Hay dos heridos, uno en [&hellip;]<\/p>\n","protected":false},"author":1,"featured_media":2739,"comment_status":"open","ping_status":"open","sticky":false,"template":"","format":"standard","meta":{"footnotes":""},"categories":[2],"tags":[4743,2361,59,942,568,4193,2632],"class_list":["post-2738","post","type-post","status-publish","format-standard","has-post-thumbnail","hentry","category-ultimas-noticias","tag-boedo","tag-departamento","tag-dos","tag-hay","tag-heridos","tag-impresionante","tag-incendio"],"_links":{"self":[{"href":"https:\/\/13.com.ar\/index.php\/wp-json\/wp\/v2\/posts\/2738","targetHints":{"allow":["GET"]}}],"collection":[{"href":"https:\/\/13.com.ar\/index.php\/wp-json\/wp\/v2\/posts"}],"about":[{"href":"https:\/\/13.com.ar\/index.php\/wp-json\/wp\/v2\/types\/post"}],"author":[{"embeddable":true,"href":"https:\/\/13.com.ar\/index.php\/wp-json\/wp\/v2\/users\/1"}],"replies":[{"embeddable":true,"href":"https:\/\/13.com.ar\/index.php\/wp-json\/wp\/v2\/comments?post=2738"}],"version-history":[{"count":0,"href":"https:\/\/13.com.ar\/index.php\/wp-json\/wp\/v2\/posts\/2738\/revisions"}],"wp:featuredmedia":[{"embeddable":true,"href":"https:\/\/13.com.ar\/index.php\/wp-json\/wp\/v2\/media\/2739"}],"wp:attachment":[{"href":"https:\/\/13.com.ar\/index.php\/wp-json\/wp\/v2\/media?parent=2738"}],"wp:term":[{"taxonomy":"category","embeddable":true,"href":"https:\/\/13.com.ar\/index.php\/wp-json\/wp\/v2\/categories?post=2738"},{"taxonomy":"post_tag","embeddable":true,"href":"https:\/\/13.com.ar\/index.php\/wp-json\/wp\/v2\/tags?post=2738"}],"curies":[{"name":"wp","href":"https:\/\/api.w.org\/{rel}","templated":true}]}}