{"id":2729,"date":"2025-02-06T20:00:03","date_gmt":"2025-02-06T23:00:03","guid":{"rendered":"https:\/\/13.com.ar\/index.php\/los-mas-canosa-los-duenos-del-inter-miami-y-sus-vinculos-con-los-politicos-y-los-negocios-en-la-argentina\/"},"modified":"2025-02-06T20:00:03","modified_gmt":"2025-02-06T23:00:03","slug":"los-mas-canosa-los-duenos-del-inter-miami-y-sus-vinculos-con-los-politicos-y-los-negocios-en-la-argentina","status":"publish","type":"post","link":"https:\/\/13.com.ar\/index.php\/los-mas-canosa-los-duenos-del-inter-miami-y-sus-vinculos-con-los-politicos-y-los-negocios-en-la-argentina\/","title":{"rendered":"Los Mas Canosa, los due\u00f1os del Inter Miami y sus v\u00ednculos con los pol\u00edticos y los negocios en la Argentina"},"content":{"rendered":"<p> <br \/>\n<br \/><img decoding=\"async\" src=\"https:\/\/13.com.ar\/wp-content\/uploads\/2025\/02\/recibio-una-camiseta-firmada-por-Messi.jpg\" \/><\/p>\n<div>\n<p>En los c\u00edrculos de poder se viene hablando de los Mas Canosa desde los a\u00f1os 90, aunque en Estados Unidos era un nombre que sonaba muy fuerte por su <strong>activa militancia contra el r\u00e9gimen cubano.<\/strong> Despu\u00e9s de todo, Jorge Mas Canosa, el patriarca, nacido en el seno de una familia de clase media acomodada en la Habana, se exili\u00f3 en Miami en 1960.<\/p>\n<\/div>\n<div>\n<p>El primero en hacer contacto con ellos fue <strong>Jos\u00e9 Luis Manzano,<\/strong> cuando el ex jefe de Gabinete de Carlos Menem parti\u00f3 primero a California y luego a Washington en un plan de estudios y negocios. Cuenta la leyenda que fue <strong>Adelina Dalesio de Viola quien le present\u00f3 a Jorge Mas Canosa.<\/strong><\/p>\n<\/div>\n<div>\n<p> Con una fundaci\u00f3n de estrechos v\u00ednculos con el partido Republicano, Mas Canosa cosech\u00f3 fondos de apoyo al exilio cubano. Algunos vincularon su mete\u00f3rico ascenso social con ciertos lazos con la CIA. Lo cierto es que arranc\u00f3 con los <strong>tendidos de cable en la pen\u00ednsula de Florida.<\/strong><\/p>\n<\/div>\n<div>\n<p>En 1969, adquiri\u00f3 una peque\u00f1a compa\u00f1\u00eda telef\u00f3nica puertorrique\u00f1a llamada Iglesias y Torres gracias un pr\u00e9stamo de US$ 50.000 y la renombr\u00f3 Church &amp; Tower, con la esperanza de ingresar al mercado estadounidense. <\/p>\n<\/div>\n<div>\n<p>Lo logr\u00f3 e incursion\u00f3 en la tev\u00e9 por cable. Y con Manzano, la posibilidad de negocios conjuntos se convirti\u00f3 en realidad cuando <strong>lo ayud\u00f3 a crecer en SuperCanal en sociedad con los hermanos Daniel y Alfredo Vila<\/strong>. Mas Canosa fue socio con el 29% de esa compa\u00f1\u00eda.<\/p>\n<\/div>\n<div>\n<p>Mas Canosa muri\u00f3 prematuramente de c\u00e1ncer en 1997 a los 58 a\u00f1os en Coral Gables, Florida. El apellido y los negocios continuaron en manos de sus hijos, Jorge y Jos\u00e9, que se especializaron  en<strong> servicios de ingenier\u00eda con el holding MasTec.<\/strong><\/p>\n<\/div>\n<div>\n<p>En Argentina cargan en esta etapa con una frustraci\u00f3n. Estos due\u00f1os del\u00a0Inter Miami, el club en el que juega\u00a0Lionel Messi y en el caso de Jorge, presidente del\u00a0Real Zaragoza, de Espa\u00f1a; se presentaron con su controlada\u00a0Pumpco para la licitaci\u00f3n de un tramo del ex gasoducto N\u00e9stor Kirchner y quedaron <strong>descartados del proceso.<\/strong><\/p>\n<\/div>\n<div>\n<p>Aunque fueron los que facilitaron las m\u00e1quinas para la construcci\u00f3n de las zanjas de ese tendido, volvieron a fracasar en la licitaci\u00f3n de la reversi\u00f3n del gasoducto norte para llevar el gas de Vaca Muerta a las provincias norte\u00f1as.<\/p>\n<\/div>\n<div>\n<p>MasTec es una de las principales constructoras de ductos en Estados Unidos, donde mueve <strong>US$13.000 millones al a\u00f1o<\/strong>. En su colecci\u00f3n figuran las telecomunicaciones, generaci\u00f3n y distribuci\u00f3n de energ\u00eda y gasoductos, entre otras grandes obras de ingenier\u00eda. Emplean a 22.000 personas. <strong>Y ahora quieren volver a hacer pie en el pa\u00eds.<\/strong><\/p>\n<\/div>\n<p><br \/>\n<br \/><a href=\"https:\/\/www.clarin.com\/economia\/canosa-duenos-inter-vinculos-politicos-negocios-argentina_0_5tpyGxLrWY.html\">Fuente Clarin.com <\/a><\/p>\n","protected":false},"excerpt":{"rendered":"<p>En los c\u00edrculos de poder se viene hablando de los Mas Canosa desde los a\u00f1os 90, aunque en Estados Unidos era un nombre que sonaba muy fuerte por su activa militancia contra el r\u00e9gimen cubano. Despu\u00e9s de todo, Jorge Mas Canosa, el patriarca, nacido en el seno de una familia de clase media acomodada en [&hellip;]<\/p>\n","protected":false},"author":1,"featured_media":2681,"comment_status":"open","ping_status":"open","sticky":false,"template":"","format":"standard","meta":{"footnotes":""},"categories":[2],"tags":[288,4730,18,100,4535,1292,28,155,4714,37,2286,40,3694],"class_list":["post-2729","post","type-post","status-publish","format-standard","has-post-thumbnail","hentry","category-ultimas-noticias","tag-argentina","tag-canosa","tag-con","tag-del","tag-duenos","tag-inter","tag-los","tag-mas","tag-miami","tag-negocios","tag-politicos","tag-sus","tag-vinculos"],"_links":{"self":[{"href":"https:\/\/13.com.ar\/index.php\/wp-json\/wp\/v2\/posts\/2729","targetHints":{"allow":["GET"]}}],"collection":[{"href":"https:\/\/13.com.ar\/index.php\/wp-json\/wp\/v2\/posts"}],"about":[{"href":"https:\/\/13.com.ar\/index.php\/wp-json\/wp\/v2\/types\/post"}],"author":[{"embeddable":true,"href":"https:\/\/13.com.ar\/index.php\/wp-json\/wp\/v2\/users\/1"}],"replies":[{"embeddable":true,"href":"https:\/\/13.com.ar\/index.php\/wp-json\/wp\/v2\/comments?post=2729"}],"version-history":[{"count":0,"href":"https:\/\/13.com.ar\/index.php\/wp-json\/wp\/v2\/posts\/2729\/revisions"}],"wp:featuredmedia":[{"embeddable":true,"href":"https:\/\/13.com.ar\/index.php\/wp-json\/wp\/v2\/media\/2681"}],"wp:attachment":[{"href":"https:\/\/13.com.ar\/index.php\/wp-json\/wp\/v2\/media?parent=2729"}],"wp:term":[{"taxonomy":"category","embeddable":true,"href":"https:\/\/13.com.ar\/index.php\/wp-json\/wp\/v2\/categories?post=2729"},{"taxonomy":"post_tag","embeddable":true,"href":"https:\/\/13.com.ar\/index.php\/wp-json\/wp\/v2\/tags?post=2729"}],"curies":[{"name":"wp","href":"https:\/\/api.w.org\/{rel}","templated":true}]}}