{"id":2725,"date":"2025-02-06T19:53:30","date_gmt":"2025-02-06T22:53:30","guid":{"rendered":"https:\/\/13.com.ar\/index.php\/las-consultoras-bajan-su-proyeccion-de-inflacion-para-2025-ahora-esperan-232\/"},"modified":"2025-02-06T19:53:30","modified_gmt":"2025-02-06T22:53:30","slug":"las-consultoras-bajan-su-proyeccion-de-inflacion-para-2025-ahora-esperan-232","status":"publish","type":"post","link":"https:\/\/13.com.ar\/index.php\/las-consultoras-bajan-su-proyeccion-de-inflacion-para-2025-ahora-esperan-232\/","title":{"rendered":"Las consultoras bajan su proyecci\u00f3n de inflaci\u00f3n para 2025: ahora esperan 23,2%"},"content":{"rendered":"<p> <br \/>\n<br \/><img decoding=\"async\" src=\"https:\/\/13.com.ar\/wp-content\/uploads\/2025\/02\/Las-consultoras-bajan-su-proyeccion-de-inflacion-para-2025-ahora.jpg\" \/><\/p>\n<div>\n<p>Las consultoras que participan del relevamiento que realiza mensualmente el Banco Central <strong>bajaron sus proyecciones de inflaci\u00f3n para todo el a\u00f1o de 25,9% a 23,2%.<\/strong><\/p>\n<\/div>\n<div>\n<p>Para enero, la estimaci\u00f3n del Relevamiento de Expectativas de Mercado (REM) es que<strong> el Indice de Precios al Consumidor marcar\u00e1 2,3%,<\/strong> 0,2 puntos porcentuales por debajo de la proyecci\u00f3n que hab\u00edan hecho para ese mes en diciembre.<\/p>\n<\/div>\n<div>\n<p>Quienes integran el Top 10 (los que mejor pronosticaron esa variable en el pasado) <strong>esperan una inflaci\u00f3n de 2,2% mensual para el primer mes del a\u00f1o.<\/strong> Para los meses siguientes se esperan que la baja de la inflaci\u00f3n se acelere. De hecho ahora pronostican <strong>que, con 1,9%, abril marcar\u00e1 el primer registro del IPC por debajo del 2%, algo que hace 30 d\u00edas preve\u00edan reci\u00e9n para mayo.<\/strong><\/p>\n<\/div>\n<div>\n<p>Para todo 2025 anticipan en promedio <strong>un crecimiento de la econom\u00eda del 4,6%<\/strong>. El conjunto de participantes del REM espera una tasa de desocupaci\u00f3n de 6,8% para el \u00faltimo trimestre de 2025 (-0,2 puntos porcentuales abajo del REM anterior).<\/p>\n<\/div>\n<div>\n<p>Quienes participan del REM pronosticaron una TAMAR de bancos privados para febrero de 30,6% TNA (equivalente a una tasa efectiva mensual de 2,5%). Para diciembre de 2025 el conjunto de participantes del REM proyect\u00f3 una TAMAR de 24,0% nominal anual (equivalente a una tasa efectiva mensual de 2,0%).<\/p>\n<\/div>\n<div>\n<p>Ya con el crawling peg del 1% mensual en marcha, la mediana de las proyecciones de tipo de cambio nominal del REM se ubic\u00f3 en <strong>$ 1.055 por d\u00f3lar para el promedio de febrero de 2025<\/strong>. Para diciembre de este a\u00f1o el conjunto de participantes pronostica un tipo de cambio nominal de <strong>$1.201<\/strong>. La variaci\u00f3n interanual esperada se ubic\u00f3 en 17,6%.<\/p>\n<\/div>\n<div>\n<p>En cuanto al comercio exterior de bienes, estimaron para 2025 que las exportaciones (FOB) totalicen <strong>US$ 83.126 millones<\/strong> (US$ 308 millones m\u00e1s que la encuesta anterior) y las importaciones (CIF) <strong>US$ 69.100 millones. <\/strong>Esto implica un salto de<strong> US$ 1.651 millones<\/strong> frente al relevamiento previo. As\u00ed, el super\u00e1vit comercial anual esperado disminuy\u00f3 en<strong> US$ 1.343 millones.<\/strong><\/p>\n<\/div>\n<div>\n<p>Finalmente, la proyecci\u00f3n del super\u00e1vit fiscal primario del Sector P\u00fablico Nacional no Financiero que realizan quienes participan del REM se ubic\u00f3 en <strong>$ 11,6 billones<\/strong> para 2025 ($ 0,5 billones superior al REM previo). Ninguno de los participantes espera d\u00e9ficit primario para 2025.<\/p>\n<\/div>\n<p><br \/>\n<br \/><a href=\"https:\/\/www.clarin.com\/economia\/consultoras-bajan-proyeccion-inflacion-2025-ahora-esperan-232_0_8z4cRBiiym.html\">Fuente Clarin.com <\/a><\/p>\n","protected":false},"excerpt":{"rendered":"<p>Las consultoras que participan del relevamiento que realiza mensualmente el Banco Central bajaron sus proyecciones de inflaci\u00f3n para todo el a\u00f1o de 25,9% a 23,2%. Para enero, la estimaci\u00f3n del Relevamiento de Expectativas de Mercado (REM) es que el Indice de Precios al Consumidor marcar\u00e1 2,3%, 0,2 puntos porcentuales por debajo de la proyecci\u00f3n que [&hellip;]<\/p>\n","protected":false},"author":1,"featured_media":2726,"comment_status":"open","ping_status":"open","sticky":false,"template":"","format":"standard","meta":{"footnotes":""},"categories":[2],"tags":[1412,4725,2256,3226,1544,48,16,4726],"class_list":["post-2725","post","type-post","status-publish","format-standard","has-post-thumbnail","hentry","category-ultimas-noticias","tag-ahora","tag-bajan","tag-consultoras","tag-esperan","tag-inflacion","tag-las","tag-para","tag-proyeccion"],"_links":{"self":[{"href":"https:\/\/13.com.ar\/index.php\/wp-json\/wp\/v2\/posts\/2725","targetHints":{"allow":["GET"]}}],"collection":[{"href":"https:\/\/13.com.ar\/index.php\/wp-json\/wp\/v2\/posts"}],"about":[{"href":"https:\/\/13.com.ar\/index.php\/wp-json\/wp\/v2\/types\/post"}],"author":[{"embeddable":true,"href":"https:\/\/13.com.ar\/index.php\/wp-json\/wp\/v2\/users\/1"}],"replies":[{"embeddable":true,"href":"https:\/\/13.com.ar\/index.php\/wp-json\/wp\/v2\/comments?post=2725"}],"version-history":[{"count":0,"href":"https:\/\/13.com.ar\/index.php\/wp-json\/wp\/v2\/posts\/2725\/revisions"}],"wp:featuredmedia":[{"embeddable":true,"href":"https:\/\/13.com.ar\/index.php\/wp-json\/wp\/v2\/media\/2726"}],"wp:attachment":[{"href":"https:\/\/13.com.ar\/index.php\/wp-json\/wp\/v2\/media?parent=2725"}],"wp:term":[{"taxonomy":"category","embeddable":true,"href":"https:\/\/13.com.ar\/index.php\/wp-json\/wp\/v2\/categories?post=2725"},{"taxonomy":"post_tag","embeddable":true,"href":"https:\/\/13.com.ar\/index.php\/wp-json\/wp\/v2\/tags?post=2725"}],"curies":[{"name":"wp","href":"https:\/\/api.w.org\/{rel}","templated":true}]}}