{"id":27235,"date":"2025-05-21T20:03:33","date_gmt":"2025-05-21T23:03:33","guid":{"rendered":"https:\/\/13.com.ar\/index.php\/javier-milei-resuelve-lo-que-al-kirchnerismo-le-costo-10-anos\/"},"modified":"2025-05-21T20:03:33","modified_gmt":"2025-05-21T23:03:33","slug":"javier-milei-resuelve-lo-que-al-kirchnerismo-le-costo-10-anos","status":"publish","type":"post","link":"https:\/\/13.com.ar\/index.php\/javier-milei-resuelve-lo-que-al-kirchnerismo-le-costo-10-anos\/","title":{"rendered":"Javier Milei resuelve lo que al kirchnerismo le cost\u00f3 10 a\u00f1os"},"content":{"rendered":"<p> <br \/>\n<br \/><img decoding=\"async\" src=\"https:\/\/13.com.ar\/wp-content\/uploads\/2025\/05\/Javier-Milei-resuelve-lo-que-al-kirchnerismo-le-costo-10.jpg\" \/><\/p>\n<div id=\"element-body-0\">\n<p>En noviembre de 2011 la presidenta Cristina Kirchner se preparaba para asumir su segundo mandato despu\u00e9s de haber sido reelecta con el<strong> 54% de los votos<\/strong>. En el mejor momento de su proyecto pol\u00edtico instaur\u00f3 el cepo al d\u00f3lar cuando empezaba a hacer agua su modelo econ\u00f3mico y se hablaba de <strong>&#8220;sinton\u00eda fina&#8221;<\/strong> para corregir el creciente d\u00e9ficit fiscal, debido en gran parte a los subsidios a la energ\u00eda.<\/p>\n<\/div>\n<div id=\"element-body-1\">\n<p>Fue entonces que el Gobierno avanz\u00f3 con un <strong>registro voluntario para renunciar a los subsidios a la luz, el gas y el agua.<\/strong> La eliminaci\u00f3n fue obligatoria para los usuarios de los barrios del corredor Norte de la Ciudad de Buenos Aires y San Isidro, en los que se supon\u00eda que los hogares ten\u00edan ingresos suficientes para pagar el costo pleno de la energ\u00eda. La medida se extendi\u00f3 por poco tiempo y colaps\u00f3 ante decenas de reclamos.<\/p>\n<\/div>\n<div id=\"element-body-2\">\n<p>Una de las grandes cr\u00edticas al modelo -incluso de sectores progresistas y afines- era acerca de la injusticia distributiva que implicaba que todos los argentinos pagaran impuestos para que los m\u00e1s ricos del pa\u00eds tuvieran pileta climatizada con el mismo costo mayorista el\u00e9ctrico que un pobre en Chaco o Formosa. Un r\u00e9gimen de subsidios que el ex ministro de Econom\u00eda Mart\u00edn Guzm\u00e1n (2019-2022) <strong>defini\u00f3 como &#8220;pro-ricos&#8221;.<\/strong><\/p>\n<\/div>\n<div id=\"element-body-3\">\n<p>La discusi\u00f3n sobre los subsidios se instal\u00f3 a medida que aumentaba la inflaci\u00f3n. <strong>El kirchnerismo cre\u00eda que subir las tarifas de luz y gas era inflacionario;<\/strong> sus cr\u00edticos, que <strong>la inflaci\u00f3n la provocaba el d\u00e9ficit fiscal que generaba el gasto en subsidios.<\/strong><\/p>\n<\/div>\n<div id=\"element-body-4\">\n<p>La cuesti\u00f3n fue el motivo que hizo estallar definitivamente la interna del Frente de Todos y al gobierno de Alberto Fern\u00e1ndez el mediod\u00eda del 30 de abril de 2021. Guzm\u00e1n quer\u00eda acelerar los aumentos de tarifas y se encontr\u00f3 con la resistencia del subsecretario de Energ\u00eda El\u00e9ctrica Federico Basualdo, quien era promotor de la idea de georreferenciar la quita de los subsidios.<\/p>\n<\/div>\n<div id=\"element-body-5\">\n<p>El ministro <strong>ech\u00f3 a trav\u00e9s de los medios a un funcionario de tercera l\u00ednea que no le respond\u00eda, pero pertenec\u00eda a La C\u00e1mpora.<\/strong> Basualdo se plant\u00f3 y se qued\u00f3 un a\u00f1o m\u00e1s, protegido por M\u00e1ximo y Cristina Kirchner. Los subsidios siguieron en aumento.<\/p>\n<\/div>\n<div id=\"element-body-6\">\n<p>Milei desde junio 2024 elev\u00f3 las tarifas para todos -plan Guzm\u00e1n- y <strong>mantiene la segmentaci\u00f3n de Sergio Massa, pero ahora agarra la idea de Basualdo<\/strong> para cortar beneficios a los usuarios m\u00e1s pudientes. Con la medida anunciada este mi\u00e9rcoles, el libertario hace la<strong> justicia distributiva que siempre quiso aplicar el kirchnerismo, pero en la que nunca logr\u00f3 cohesi\u00f3n interna.<\/strong><\/p>\n<\/div>\n<p><br \/>\n<br \/><a href=\"https:\/\/www.clarin.com\/economia\/subsidios-puerto-madero-nordelta-javier-milei-resuelve-kirchnerismo-costo-10-anos_0_UjtD6TpDad.html\">Fuente Clarin.com <\/a><\/p>\n","protected":false},"excerpt":{"rendered":"<p>En noviembre de 2011 la presidenta Cristina Kirchner se preparaba para asumir su segundo mandato despu\u00e9s de haber sido reelecta con el 54% de los votos. En el mejor momento de su proyecto pol\u00edtico instaur\u00f3 el cepo al d\u00f3lar cuando empezaba a hacer agua su modelo econ\u00f3mico y se hablaba de &#8220;sinton\u00eda fina&#8221; para corregir [&hellip;]<\/p>\n","protected":false},"author":1,"featured_media":27236,"comment_status":"open","ping_status":"open","sticky":false,"template":"","format":"standard","meta":{"footnotes":""},"categories":[2],"tags":[636,4052,273,2825,77,8179],"class_list":["post-27235","post","type-post","status-publish","format-standard","has-post-thumbnail","hentry","category-ultimas-noticias","tag-anos","tag-costo","tag-javier","tag-kirchnerismo","tag-milei","tag-resuelve"],"_links":{"self":[{"href":"https:\/\/13.com.ar\/index.php\/wp-json\/wp\/v2\/posts\/27235","targetHints":{"allow":["GET"]}}],"collection":[{"href":"https:\/\/13.com.ar\/index.php\/wp-json\/wp\/v2\/posts"}],"about":[{"href":"https:\/\/13.com.ar\/index.php\/wp-json\/wp\/v2\/types\/post"}],"author":[{"embeddable":true,"href":"https:\/\/13.com.ar\/index.php\/wp-json\/wp\/v2\/users\/1"}],"replies":[{"embeddable":true,"href":"https:\/\/13.com.ar\/index.php\/wp-json\/wp\/v2\/comments?post=27235"}],"version-history":[{"count":0,"href":"https:\/\/13.com.ar\/index.php\/wp-json\/wp\/v2\/posts\/27235\/revisions"}],"wp:featuredmedia":[{"embeddable":true,"href":"https:\/\/13.com.ar\/index.php\/wp-json\/wp\/v2\/media\/27236"}],"wp:attachment":[{"href":"https:\/\/13.com.ar\/index.php\/wp-json\/wp\/v2\/media?parent=27235"}],"wp:term":[{"taxonomy":"category","embeddable":true,"href":"https:\/\/13.com.ar\/index.php\/wp-json\/wp\/v2\/categories?post=27235"},{"taxonomy":"post_tag","embeddable":true,"href":"https:\/\/13.com.ar\/index.php\/wp-json\/wp\/v2\/tags?post=27235"}],"curies":[{"name":"wp","href":"https:\/\/api.w.org\/{rel}","templated":true}]}}