{"id":27221,"date":"2025-05-21T19:42:27","date_gmt":"2025-05-21T22:42:27","guid":{"rendered":"https:\/\/13.com.ar\/index.php\/tras-un-empate-en-la-votacion-una-pequena-localidad-definio-a-su-alcalde-por-sorteo\/"},"modified":"2025-05-21T19:42:27","modified_gmt":"2025-05-21T22:42:27","slug":"tras-un-empate-en-la-votacion-una-pequena-localidad-definio-a-su-alcalde-por-sorteo","status":"publish","type":"post","link":"https:\/\/13.com.ar\/index.php\/tras-un-empate-en-la-votacion-una-pequena-localidad-definio-a-su-alcalde-por-sorteo\/","title":{"rendered":"tras un empate en la votaci\u00f3n, una peque\u00f1a localidad defini\u00f3 a su alcalde por sorteo"},"content":{"rendered":"<p> <br \/>\n<br \/><img decoding=\"async\" src=\"https:\/\/13.com.ar\/wp-content\/uploads\/2025\/05\/tras-un-empate-en-la-votacion-una-pequena-localidad-definio.jpg\" \/><\/p>\n<div id=\"element-body-0\">\n<p><strong>A igualdad de votos: sorteo.<\/strong> As\u00ed defini\u00f3 una peque\u00f1a localidad de Uruguay a su alcalde este mi\u00e9rcoles, diez d\u00edas despu\u00e9s de que el conteo de las elecciones regionales del provocara la inusual definici\u00f3n.<\/p>\n<\/div>\n<div id=\"element-body-1\">\n<p>Una urna naranja en la que se depositaron dos sobres con los nombres de cada candidato fue la protagonista del solemne acto democr\u00e1tico.<\/p>\n<\/div>\n<div id=\"element-body-2\">\n<p>Las autoridades de la Corte Electoral actuaron como garantes de la instancia que <strong>otorg\u00f3 la alcald\u00eda de San Bautista, a unos 63 kil\u00f3metros de Montevideo, al candidato del Partido Colorado, Joaqu\u00edn Farina.<\/strong><\/p>\n<\/div>\n<div id=\"element-body-3\">\n<p><strong>Roberto Siriani del Partido Nacional, tambi\u00e9n de centroderecha<\/strong>, era su rival para el cargo.<\/p>\n<\/div>\n<div id=\"element-body-4\">\n<p>&#8220;La suerte nos acompa\u00f1\u00f3 en esta oportunidad. Era lo que hab\u00edamos so\u00f1ado y aspirado&#8221;, dijo Farina al medio local Subrayado.<\/p>\n<\/div>\n<div id=\"element-body-6\">\n<p><strong>El flamante alcalde cont\u00f3 que su padre falt\u00f3 a la votaci\u00f3n junto con otros dos amigos<\/strong> a causa de un viaje que demor\u00f3 m\u00e1s de lo previsto.<\/p>\n<\/div>\n<div id=\"element-body-7\">\n<p><strong>&#8220;Fueron tres votos menos, que supuestamente nos iban a acompa\u00f1ar&#8221;<\/strong>, cont\u00f3 Farina, aliviado tras el sorteo que lo benefici\u00f3.<\/p>\n<\/div>\n<div id=\"element-body-8\">\n<p>El domingo 11 de mayo, Farina y Siriani<strong> empataron con 857 votos<\/strong> en unos comicios en los que compet\u00edan bajo el ala de la Coalici\u00f3n Republicana (centroderechista).<\/p>\n<\/div>\n<div id=\"element-body-9\">\n<p>Los comicios departamentales y municipales <strong>confirmaron al Frente Amplio<\/strong> (FA, izquierda gobernante) en las intendencias (gobernaciones) de la capital Montevideo y Canelones, los dos departamentos m\u00e1s poblados del pa\u00eds. Tambi\u00e9n le otorgaron el triunfo al partido del presidente Yamand\u00fa Orsi en R\u00edo Negro (litoral, lim\u00edtrofe con Argentina) y Lavalleja (centro-este).<\/p>\n<\/div>\n<div id=\"element-body-10\">\n<p>La administraci\u00f3n de los otros departamentos (provincias) qued\u00f3 en manos del Partido Nacional, con excepci\u00f3n de Rivera, en la frontera con Brasil, que se mantiene en manos del Partido Colorado y Salto, lim\u00edtrofe con Argentina, que qued\u00f3 en manos de la Coalici\u00f3n Republicana.<\/p>\n<\/div>\n<p><br \/>\n<br \/><a href=\"https:\/\/www.clarin.com\/mundo\/uruguay-empate-votacion-pequena-localidad-definio-alcalde-sorteo_0_crnlWoTAER.html\">Fuente Clarin.com <\/a><\/p>\n","protected":false},"excerpt":{"rendered":"<p>A igualdad de votos: sorteo. As\u00ed defini\u00f3 una peque\u00f1a localidad de Uruguay a su alcalde este mi\u00e9rcoles, diez d\u00edas despu\u00e9s de que el conteo de las elecciones regionales del provocara la inusual definici\u00f3n. Una urna naranja en la que se depositaron dos sobres con los nombres de cada candidato fue la protagonista del solemne acto [&hellip;]<\/p>\n","protected":false},"author":1,"featured_media":27222,"comment_status":"open","ping_status":"open","sticky":false,"template":"","format":"standard","meta":{"footnotes":""},"categories":[2],"tags":[10508,5129,2723,13807,10552,142,145,312,73,16321],"class_list":["post-27221","post","type-post","status-publish","format-standard","has-post-thumbnail","hentry","category-ultimas-noticias","tag-alcalde","tag-definio","tag-empate","tag-localidad","tag-pequena","tag-por","tag-sorteo","tag-tras","tag-una","tag-votacion"],"_links":{"self":[{"href":"https:\/\/13.com.ar\/index.php\/wp-json\/wp\/v2\/posts\/27221","targetHints":{"allow":["GET"]}}],"collection":[{"href":"https:\/\/13.com.ar\/index.php\/wp-json\/wp\/v2\/posts"}],"about":[{"href":"https:\/\/13.com.ar\/index.php\/wp-json\/wp\/v2\/types\/post"}],"author":[{"embeddable":true,"href":"https:\/\/13.com.ar\/index.php\/wp-json\/wp\/v2\/users\/1"}],"replies":[{"embeddable":true,"href":"https:\/\/13.com.ar\/index.php\/wp-json\/wp\/v2\/comments?post=27221"}],"version-history":[{"count":0,"href":"https:\/\/13.com.ar\/index.php\/wp-json\/wp\/v2\/posts\/27221\/revisions"}],"wp:featuredmedia":[{"embeddable":true,"href":"https:\/\/13.com.ar\/index.php\/wp-json\/wp\/v2\/media\/27222"}],"wp:attachment":[{"href":"https:\/\/13.com.ar\/index.php\/wp-json\/wp\/v2\/media?parent=27221"}],"wp:term":[{"taxonomy":"category","embeddable":true,"href":"https:\/\/13.com.ar\/index.php\/wp-json\/wp\/v2\/categories?post=27221"},{"taxonomy":"post_tag","embeddable":true,"href":"https:\/\/13.com.ar\/index.php\/wp-json\/wp\/v2\/tags?post=27221"}],"curies":[{"name":"wp","href":"https:\/\/api.w.org\/{rel}","templated":true}]}}