{"id":27217,"date":"2025-05-21T19:36:34","date_gmt":"2025-05-21T22:36:34","guid":{"rendered":"https:\/\/13.com.ar\/index.php\/creen-que-fue-la-mujer-la-que-mato-y-se-suicido\/"},"modified":"2025-05-21T19:36:34","modified_gmt":"2025-05-21T22:36:34","slug":"creen-que-fue-la-mujer-la-que-mato-y-se-suicido","status":"publish","type":"post","link":"https:\/\/13.com.ar\/index.php\/creen-que-fue-la-mujer-la-que-mato-y-se-suicido\/","title":{"rendered":"creen que fue la mujer la que mat\u00f3 y se suicid\u00f3"},"content":{"rendered":"<p> <br \/>\n<br \/><img decoding=\"async\" src=\"https:\/\/13.com.ar\/wp-content\/uploads\/2025\/05\/creen-que-fue-la-mujer-la-que-mato-y-se.jpg\" \/><\/p>\n<div id=\"element-body-0\">\n<p>Un giro inesperado dio la investigaci\u00f3n de la familia encontrada muerta en Villa Crespo cuando los detectives analizaron la escena del crimen. Ahora <strong>creen que la mujer mat\u00f3 a su marido <\/strong>mientras estaba dormido y atac\u00f3 a sus hijos por la espalda cuando intentaron escapar del lugar. Luego de cometer el triple homicidio, la mujer se habr\u00eda suicidado apu\u00f1al\u00e1ndose en el coraz\u00f3n.<\/p>\n<\/div>\n<div id=\"element-body-1\">\n<p>Con las primeras pruebas analizadas dentro del departamento \u201cA\u201d del sexto piso del edificio ubicado en Aguirre 295, los investigadores determinaron que posiblemente <strong>Bernardo Adri\u00e1n Seltzer<\/strong> (53) fue asesinado mientras dorm\u00eda en la cama matrimonial. Ten\u00eda varias heridas cortantes producidas con un arma blanca.<\/p>\n<\/div>\n<div id=\"element-body-2\">\n<p>Seg\u00fan fuentes policiales, los dos hijos adolescentes del matrimonio de Seltzer con <strong>Laura Fernanda Leguizam\u00f3n (50)<\/strong>, Ian (15) e Ivo (12) fueron sorprendidos y atacados cuando estaban en sus habitaciones.<\/p>\n<\/div>\n<div id=\"element-body-3\">\n<p>Uno de ellos muri\u00f3 en el lugar mientras que su hermano en un pasillo, cuando intent\u00f3 escapar. El an\u00e1lisis preliminar de las heridas indic\u00f3 que <strong>buscaron defenderse del ataque <\/strong>y que fueron apu\u00f1alados por la espalda.<\/p>\n<\/div>\n<div id=\"element-body-4\">\n<p>Leguizam\u00f3n fue encontrada en el ba\u00f1o del departamento, <strong>sin heridas defensivas<\/strong> y con una pu\u00f1alada certera en el coraz\u00f3n.<\/p>\n<\/div>\n<div id=\"element-body-6\">\n<p>En la cocina fue encontrada una <strong>carta escrita por pu\u00f1o y letra<\/strong>, mientras que el cuchillo con que se realizaron los ataques apareci\u00f3 en la habitaci\u00f3n matrimonial.<\/p>\n<\/div>\n<div id=\"element-body-8\">\n<p>La primera versi\u00f3n policial sobre el hecho indicaba que Seltzer hab\u00eda asesinado a su familia y luego se suicid\u00f3. Con el correr de las horas y las pericias a cargo de la Unidad Criminal\u00edstica M\u00f3vil (UCM) y de la Divisi\u00f3n Homicidios de la Polic\u00eda de la Ciudad, la hip\u00f3tesis cambi\u00f3 y apunt\u00f3 hacia Leguizam\u00f3n como autora del crimen de sus dos hijos y su esposo.<\/p>\n<\/div>\n<div id=\"element-body-9\">\n<p>Una hermana de la mujer <strong>declar\u00f3 que Leguizam\u00f3n ten\u00eda problemas psiqui\u00e1tricos<\/strong>, mientras que la empleada dom\u00e9stica que encontr\u00f3 los cuerpos tambi\u00e9n expuso ante los investigadores que \u201chac\u00eda unas semanas que estaba distinta\u201d y que sospech\u00f3 que <strong>\u201chabr\u00eda dejado de tomar la medicaci\u00f3n\u201d<\/strong> psiqui\u00e1trica.<\/p>\n<\/div>\n<div id=\"element-body-11\">\n<p>Las dos puertas de ingreso al departamento estaban sin signos de violencia, no existen faltantes y el lugar no estaba revuelto, por lo que los investigadores descartaron desde un primer momento la hip\u00f3tesis del robo.<\/p>\n<\/div>\n<div id=\"element-body-12\">\n<p>Por \u00faltimo, si bien se aguarda el resultado de autopsia, se cree que los cr\u00edmenes fueron cometidos cerca de las 6 de la madrugada de este mi\u00e9rcoles. Un vecino dijo a <strong>Clar\u00edn <\/strong>que temprano escuch\u00f3 \u201cun poco de gritos y movimientos\u201d, pero como no dur\u00f3 mucho no llam\u00f3 a la polic\u00eda.<\/p>\n<\/div>\n<p><br \/>\n<br \/><a href=\"https:\/\/www.clarin.com\/policiales\/giro-investigacion-crimen-familia-villa-crespo-creen-mujer-mato-suicido_0_axyh9aAQmr.html\">Fuente Clarin.com <\/a><\/p>\n","protected":false},"excerpt":{"rendered":"<p>Un giro inesperado dio la investigaci\u00f3n de la familia encontrada muerta en Villa Crespo cuando los detectives analizaron la escena del crimen. Ahora creen que la mujer mat\u00f3 a su marido mientras estaba dormido y atac\u00f3 a sus hijos por la espalda cuando intentaron escapar del lugar. Luego de cometer el triple homicidio, la mujer [&hellip;]<\/p>\n","protected":false},"author":1,"featured_media":27218,"comment_status":"open","ping_status":"open","sticky":false,"template":"","format":"standard","meta":{"footnotes":""},"categories":[2],"tags":[86,105,1384,138,13805],"class_list":["post-27217","post","type-post","status-publish","format-standard","has-post-thumbnail","hentry","category-ultimas-noticias","tag-creen","tag-fue","tag-mato","tag-mujer","tag-suicido"],"_links":{"self":[{"href":"https:\/\/13.com.ar\/index.php\/wp-json\/wp\/v2\/posts\/27217","targetHints":{"allow":["GET"]}}],"collection":[{"href":"https:\/\/13.com.ar\/index.php\/wp-json\/wp\/v2\/posts"}],"about":[{"href":"https:\/\/13.com.ar\/index.php\/wp-json\/wp\/v2\/types\/post"}],"author":[{"embeddable":true,"href":"https:\/\/13.com.ar\/index.php\/wp-json\/wp\/v2\/users\/1"}],"replies":[{"embeddable":true,"href":"https:\/\/13.com.ar\/index.php\/wp-json\/wp\/v2\/comments?post=27217"}],"version-history":[{"count":0,"href":"https:\/\/13.com.ar\/index.php\/wp-json\/wp\/v2\/posts\/27217\/revisions"}],"wp:featuredmedia":[{"embeddable":true,"href":"https:\/\/13.com.ar\/index.php\/wp-json\/wp\/v2\/media\/27218"}],"wp:attachment":[{"href":"https:\/\/13.com.ar\/index.php\/wp-json\/wp\/v2\/media?parent=27217"}],"wp:term":[{"taxonomy":"category","embeddable":true,"href":"https:\/\/13.com.ar\/index.php\/wp-json\/wp\/v2\/categories?post=27217"},{"taxonomy":"post_tag","embeddable":true,"href":"https:\/\/13.com.ar\/index.php\/wp-json\/wp\/v2\/tags?post=27217"}],"curies":[{"name":"wp","href":"https:\/\/api.w.org\/{rel}","templated":true}]}}