{"id":27215,"date":"2025-05-21T19:33:34","date_gmt":"2025-05-21T22:33:34","guid":{"rendered":"https:\/\/13.com.ar\/index.php\/insistia-con-que-yo-tenia-que-volver-a-ser-candidato-a-presidente\/"},"modified":"2025-05-21T19:33:34","modified_gmt":"2025-05-21T22:33:34","slug":"insistia-con-que-yo-tenia-que-volver-a-ser-candidato-a-presidente","status":"publish","type":"post","link":"https:\/\/13.com.ar\/index.php\/insistia-con-que-yo-tenia-que-volver-a-ser-candidato-a-presidente\/","title":{"rendered":"Insist\u00eda con que yo ten\u00eda que volver a ser candidato a presidente"},"content":{"rendered":"<p> <br \/>\n<\/p>\n<div id=\"cuerpo\">\n<div class=\"sc-45461e9c-0 eqiBeF container-text text-embed \" id=\"element-body-0\">\n<p>\u201cMario Vargas Llosa se fue teniendo una deuda muy grande conmigo y yo <strong>una deuda muy grande con \u00e9l<\/strong>. Creo que la m\u00eda es m\u00e1s leve. Insisti\u00f3, sistem\u00e1ticamente, del 2019 al 2023, que yo ten\u00eda que volver a ser candidato a presidente\u201d, cont\u00f3 <strong>Mauricio Macri<\/strong> este mi\u00e9rcoles en Madrid, durante la presentaci\u00f3n de un libro homenaje al Premio Nobel de Literatura que muri\u00f3 hace poco m\u00e1s de un mes, el 13 de abril, en Per\u00fa.<\/p>\n<\/div>\n<div class=\"sc-45461e9c-0 eqiBeF container-text text-embed \" id=\"element-body-1\">\n<p>Fue en el sal\u00f3n de actos de <strong>El Ateneo de Madrid<\/strong>, un edifico modernista del siglo XIX, sobre la calle del Prado y a tres cuadras del Congreso de los Diputados.<\/p>\n<\/div>\n<div class=\"sc-98b114a2-0 bkqiHH image-embed  image-embed \" id=\"element-body-2\"><picture class=\"sc-98b114a2-1 jRUlDm\"><source media=\"(min-width: 975px)\" width=\"720\" height=\"480\" \/><img alt=\"Mauricio Macri llega con su esposa, Juliana Awada a El Ateneo de Madrid,donde particip\u00f3 en un homenaje a Mario Vargas Llosa. Foto: C\u00e9zaro De Luca\" loading=\"lazy\" width=\"720\" height=\"480\" decoding=\"async\" data-nimg=\"1\" style=\"color:transparent\" src=\"https:\/\/13.com.ar\/wp-content\/uploads\/2025\/05\/Insistia-con-que-yo-tenia-que-volver-a-ser-candidato.jpg\"\/><span class=\"epigraphe\">Mauricio Macri llega con su esposa, Juliana Awada a El Ateneo de Madrid,donde particip\u00f3 en un homenaje a Mario Vargas Llosa. Foto: C\u00e9zaro De Luca<\/span><span class=\"picture-open\"><button class=\"open-image\" aria-label=\"Open Image\"\/><\/span><\/picture><\/div>\n<div class=\"sc-45461e9c-0 eqiBeF container-text text-embed \" id=\"element-body-3\">\n<p><strong>Macri se sent\u00f3 entre los ocho ex mandatarios de Espa\u00f1a y de Am\u00e9rica Latina<\/strong> que subieron al escenario de El Ateneo para recordar el liberalismo que abrazaba el escritor peruano que tambi\u00e9n incursion\u00f3 en pol\u00edtica: en 1990 Mario Vargas Llosa se candidate\u00f3 a las elecciones en su pa\u00eds y perdi\u00f3 frente a Alberto Fujimori.<\/p>\n<\/div>\n<div class=\"sc-45461e9c-0 eqiBeF container-text text-embed \" id=\"element-body-4\">\n<p>Durante la presentaci\u00f3n de \u201cEl polemista arriesgado. Catorce asedios liberales a Vargas Llosa\u201d, un Macri sereno pero huidizo <strong>esquiv\u00f3 responder preguntas pol\u00edticas y alusiones al p\u00e9simo resultado electoral del PRO en las legislativas porte\u00f1as del domingo pasado<\/strong>. Tanto sobre el el escenario como entre bambalinas.<\/p>\n<\/div>\n<div class=\"sc-45461e9c-0 eqiBeF container-text text-embed \" id=\"element-body-5\">\n<p>\u201c\u00bfQu\u00e9 razones tenemos hoy en la Argentina para celebrar y qu\u00e9 riesgos o peligros crees que existen?\u201d, quiso saber Alvaro Vargas Llosa, hijo del homenajeado y moderador del evento.<\/p>\n<\/div>\n<div class=\"sc-98b114a2-0 bkqiHH image-embed  image-embed \" id=\"element-body-6\"><picture class=\"sc-98b114a2-1 jRUlDm\"><source media=\"(min-width: 975px)\" width=\"720\" height=\"480\" \/><img alt=\"Macri, entre el ex presidente espa\u00f1ol, Jos\u00e9 Mar\u00eda Aznar (izquierda) y el ex mandatario boliviano, Jorge Tuto Quiroga. Juntos escribieron sobre la figura de Mario Vargas Llosa. Foto: C\u00e9zaro De Luca\" loading=\"lazy\" width=\"720\" height=\"480\" decoding=\"async\" data-nimg=\"1\" style=\"color:transparent\" src=\"https:\/\/13.com.ar\/wp-content\/uploads\/2025\/05\/1747866814_945_Insistia-con-que-yo-tenia-que-volver-a-ser-candidato.jpg\"\/><span class=\"epigraphe\">Macri, entre el ex presidente espa\u00f1ol, Jos\u00e9 Mar\u00eda Aznar (izquierda) y el ex mandatario boliviano, Jorge Tuto Quiroga. Juntos escribieron sobre la figura de Mario Vargas Llosa. Foto: C\u00e9zaro De Luca<\/span><span class=\"picture-open\"><button class=\"open-image\" aria-label=\"Open Image\"\/><\/span><\/picture><\/div>\n<div class=\"sc-45461e9c-0 eqiBeF container-text text-embed \" id=\"element-body-7\">\n<p>\u201c<strong>No tengo muchas ganas de ir para ese lugar<\/strong>\u2026\u201d, se sincer\u00f3 Macri y prefiri\u00f3 recordar un encuentro con Mario Vargas Llosa en la biblioteca de Borges, en Buenos Aires, donde, seg\u00fan el ex presidente, el escritor peruano se quej\u00f3 por las oportunidades perdidas de la Argentina.<\/p>\n<\/div>\n<div class=\"sc-45461e9c-0 eqiBeF container-text text-embed \" id=\"element-body-8\">\n<p>Antes de subir al escenario, cuando apenas hab\u00eda dejado atr\u00e1s los relieves de Alfonso el Sabio, de Cervantes y de Vel\u00e1zquez que decoran la fachada de El Ateneo, un argentino lo hab\u00eda encarado: <strong>\u201cPero Milei le moj\u00f3 la oreja y ahora le mordi\u00f3 la mano\u201d. Macri se encogi\u00f3 de hombros y respondi\u00f3: \u201cLa gente no es tonta\u2026\u201d<\/strong><\/p>\n<\/div>\n<div class=\"sc-45461e9c-0 eqiBeF container-text text-embed \" id=\"element-body-9\">\n<p>\u201c\u00bfQu\u00e9 le dice al presidente Milei cuando opina que usted est\u00e1 grande y ya hay cosas que no entiende?\u201d, le pregunt\u00f3 <strong>Clar\u00edn<\/strong>.<\/p>\n<\/div>\n<div class=\"sc-45461e9c-0 eqiBeF container-text text-embed \" id=\"element-body-10\">\n<p>\u201c<strong>Que a m\u00ed me entiende mi mujer<\/strong>\u201d, ironiz\u00f3 Macri. Su esposa, <strong>Juliana Awada<\/strong>, estuvo sentada en primera fila, junto al ex mandatario uruguayo Luis Lacalle Pou, durante la presentaci\u00f3n.<\/p>\n<\/div>\n<p><h2>Cumbre de ex presidentes<\/h2>\n<\/p>\n<div class=\"sc-45461e9c-0 eqiBeF container-text text-embed \" id=\"element-body-12\">\n<p>En el tributo para el que catorce ex presidentes iberoamericanos fueron convocados a narrar su semblanza pol\u00edtica e ideol\u00f3gica del Nobel, estuvieron presentes, junto a Macri, los ex jefes de gobierno espa\u00f1oles Jos\u00e9 Mar\u00eda Aznar y Mariano Rajoy; el ex mandatario colombiano, Iv\u00e1n Duque; el ex presidente mexicano, Felipe Calder\u00f3n; Laura Chinchilla, de Costa Rica, Jamil Mahuad, ex presidente de Ecuador, y Jorge Tuto Quiroga, quien gobern\u00f3 Bolivia a principios del siglo XXI y est\u00e1 en campa\u00f1a electoral para volver a la presidencia.<\/p>\n<\/div>\n<div class=\"sc-98b114a2-0 bkqiHH image-embed  image-embed \" id=\"element-body-13\"><picture class=\"sc-98b114a2-1 jRUlDm\"><source media=\"(min-width: 975px)\" width=\"720\" height=\"480\" \/><img alt=\"El ex presidente Macri con sus pares. A la derecha, el colombiano Iv\u00e1n Duque y a la izquierda, el ex jefe de gobierno espa\u00f1ol Jos\u00e9 Mar\u00eda Aznar. Foto: C\u00e9zaro De Luca\" loading=\"lazy\" width=\"720\" height=\"480\" decoding=\"async\" data-nimg=\"1\" style=\"color:transparent\" src=\"https:\/\/13.com.ar\/wp-content\/uploads\/2025\/05\/1747866814_522_Insistia-con-que-yo-tenia-que-volver-a-ser-candidato.jpg\"\/><span class=\"epigraphe\">El ex presidente Macri con sus pares. A la derecha, el colombiano Iv\u00e1n Duque y a la izquierda, el ex jefe de gobierno espa\u00f1ol Jos\u00e9 Mar\u00eda Aznar. Foto: C\u00e9zaro De Luca<\/span><span class=\"picture-open\"><button class=\"open-image\" aria-label=\"Open Image\"\/><\/span><\/picture><\/div>\n<div class=\"sc-45461e9c-0 eqiBeF container-text text-embed \" id=\"element-body-14\">\n<p>Los acompa\u00f1aba el argentino Gerardo Bongiovanni, director general de la Fundaci\u00f3n Internacional para la Libertad (FIL) que Mario Vargas Llosa presidi\u00f3 desde su fundaci\u00f3n, en 2002, hasta su muerte. Durante el acto, Bongiovanni anunci\u00f3 que la presidencia de la FIL pasar\u00e1 a Alvaro Vargas Llosa.<\/p>\n<\/div>\n<div class=\"sc-45461e9c-0 eqiBeF container-text text-embed \" id=\"element-body-15\">\n<p>\u201cSe puede decir de todos ellos (los ex mandatarios presentes) cosas que no se pueden decir de demasiadas personas en nuestro \u00e1mbito -dijo el hijo del escritor homenajeado-. Primero, son dirigentes pol\u00edticos que leen, que tienen el h\u00e1bito de la lectura. Un dirigente pol\u00edtico es un mejor dirigente cuando tiene el h\u00e1bito de la lectura. Un presidente es un mejor  presidente cuando tiene el h\u00e1bito de la lectura.\u201d<\/p>\n<\/div>\n<div class=\"sc-45461e9c-0 eqiBeF container-text text-embed \" id=\"element-body-16\">\n<p>En la misma sala donde una de las \u00faltimas actividades de Mario Vargas Llosa en Madrid fue presentar un libro sobre Benito P\u00e9rez Gald\u00f3s, se proyect\u00f3 un video que la l\u00edder opositora venezolana Mar\u00eda Corina Machado mand\u00f3, en la clandestinidad desde la que combate la dictadura de Nicol\u00e1s Maduro. Machado record\u00f3 al Nobel peruano, \u201cnuestro \u00faltimo gran maestro de las letras hispanas\u201d, y prometi\u00f3: \u201cVenezuela ser\u00e1 muy pronto, nuevamente, un faro de libertad\u201d.<\/p>\n<\/div>\n<p><h2>\u201cSomos complementarios con China\u201d<\/h2>\n<\/p>\n<div class=\"sc-45461e9c-0 eqiBeF container-text text-embed \" id=\"element-body-18\">\n<p>Por la ma\u00f1ana, en el mismo Ateneo, Mauricio Macri hab\u00eda participado en el seminario internacional del Grupo Democracia y Libertad, otra mesa de debate sobre el dilema frente al cual se encuentra Am\u00e9rica Latina: \u00bfEstados Unidos o China?<\/p>\n<\/div>\n<div class=\"sc-45461e9c-0 eqiBeF container-text text-embed \" id=\"element-body-19\">\n<p>\u201cLatinoam\u00e9rica tiene una natural complementaci\u00f3n mayor con China que con Estados Unidos -opin\u00f3 Macri-. Podemos producir alimentos y energ\u00eda, en forma competitiva, para un pa\u00eds que no le alcanza lo que produce. Estados Unidos es autosuficiente y exporta esas cosas. Somos m\u00e1s complementarios con China pero tenemos que convivir con ambos.\u201d<\/p>\n<\/div>\n<p><h2>El cap\u00edtulo de Macri sobre Vargas Llosa<\/h2>\n<\/p>\n<div class=\"sc-45461e9c-0 eqiBeF container-text text-embed \" id=\"element-body-21\">\n<p>\u201cSu valiente incursi\u00f3n en la pol\u00edtica, en especial durante aquella hist\u00f3rica campa\u00f1a por la presidencia del Per\u00fa represent\u00f3 la derrota m\u00e1s exitosa que yo haya visto\u201d, escribi\u00f3 el ex presidente argentino sobre Mario Vargas Llosa.<\/p>\n<\/div>\n<div class=\"sc-98b114a2-0 bkqiHH image-embed  image-embed \" id=\"element-body-22\"><picture class=\"sc-98b114a2-1 jRUlDm\"><source media=\"(min-width: 975px)\" width=\"720\" height=\"480\" \/><img alt=\"Macri lleg\u00f3 y se fue sin hacer declaraciones sobre la situaci\u00f3n pol\u00edtica argentina. Foto: C\u00e9zaro De Luca\" loading=\"lazy\" width=\"720\" height=\"480\" decoding=\"async\" data-nimg=\"1\" style=\"color:transparent\" src=\"https:\/\/13.com.ar\/wp-content\/uploads\/2025\/05\/1747866814_42_Insistia-con-que-yo-tenia-que-volver-a-ser-candidato.jpg\"\/><span class=\"epigraphe\">Macri lleg\u00f3 y se fue sin hacer declaraciones sobre la situaci\u00f3n pol\u00edtica argentina. Foto: C\u00e9zaro De Luca<\/span><span class=\"picture-open\"><button class=\"open-image\" aria-label=\"Open Image\"\/><\/span><\/picture><\/div>\n<div class=\"sc-45461e9c-0 eqiBeF container-text text-embed \" id=\"element-body-23\">\n<p>\u201cDej\u00f3 una huella imborrable en mi conciencia pol\u00edtica y en mi compromiso con la defensa de la libertad y el progreso\u201d, subray\u00f3.<\/p>\n<\/div>\n<div class=\"sc-45461e9c-0 eqiBeF container-text text-embed \" id=\"element-body-24\">\n<p>\u201cHoy puedo decir que guardo, entre mis grandes alegr\u00edas, frente a los inevitables sinsabores de la pol\u00edtica, el haber compartido con Mario a\u00f1os de palestras y eventos juntos\u201d, agreg\u00f3 Macri en las cinco p\u00e1ginas que dedic\u00f3 al Nobel.<\/p>\n<\/div>\n<div class=\"sc-98b114a2-0 bkqiHH image-embed  image-embed \" id=\"element-body-25\"><picture class=\"sc-98b114a2-1 jRUlDm\"><source media=\"(min-width: 975px)\" width=\"720\" height=\"480\" \/><img alt=\"Mauricio Macri en la presentaci\u00f3n del libro homenaje a Mario Vargas Llosa en el que el ex presidente argentino escribi\u00f3 un cap\u00edtulo. Foto: C\u00e9zaro De Luca\" loading=\"lazy\" width=\"720\" height=\"480\" decoding=\"async\" data-nimg=\"1\" style=\"color:transparent\" src=\"https:\/\/13.com.ar\/wp-content\/uploads\/2025\/05\/1747866814_194_Insistia-con-que-yo-tenia-que-volver-a-ser-candidato.jpg\"\/><span class=\"epigraphe\">Mauricio Macri en la presentaci\u00f3n del libro homenaje a Mario Vargas Llosa en el que el ex presidente argentino escribi\u00f3 un cap\u00edtulo. Foto: C\u00e9zaro De Luca<\/span><span class=\"picture-open\"><button class=\"open-image\" aria-label=\"Open Image\"\/><\/span><\/picture><\/div>\n<div class=\"sc-45461e9c-0 eqiBeF container-text text-embed \" id=\"element-body-26\">\n<p>\u201cLa derrota electoral pega en los huesos\u201d, dijo durante la presentaci\u00f3n del libro el ex presidente colombiano, Iv\u00e1n Duque, cuando record\u00f3 la frustrada candidatura presidencial de los \u201990 que sufri\u00f3 Vargas Llosa en Per\u00fa. Macri lo escuchaba y lo miraba fijo. No se le movi\u00f3 ni un m\u00fasculo de la cara.<\/p>\n<\/div>\n<\/div>\n<p><br \/>\n<br \/><a href=\"https:\/\/www.clarin.com\/politica\/deuda-mauricio-macri-vargas-llosa-insistia-volver-candidato-presidente_0_Sbh7oVrkVp.html\">Fuente Clarin.com <\/a><\/p>\n","protected":false},"excerpt":{"rendered":"<p>\u201cMario Vargas Llosa se fue teniendo una deuda muy grande conmigo y yo una deuda muy grande con \u00e9l. Creo que la m\u00eda es m\u00e1s leve. Insisti\u00f3, sistem\u00e1ticamente, del 2019 al 2023, que yo ten\u00eda que volver a ser candidato a presidente\u201d, cont\u00f3 Mauricio Macri este mi\u00e9rcoles en Madrid, durante la presentaci\u00f3n de un libro [&hellip;]<\/p>\n","protected":false},"author":1,"featured_media":27216,"comment_status":"open","ping_status":"open","sticky":false,"template":"","format":"standard","meta":{"footnotes":""},"categories":[2],"tags":[1320,18,18915,135,1234,1697,1928],"class_list":["post-27215","post","type-post","status-publish","format-standard","has-post-thumbnail","hentry","category-ultimas-noticias","tag-candidato","tag-con","tag-insistia","tag-presidente","tag-ser","tag-tenia","tag-volver"],"_links":{"self":[{"href":"https:\/\/13.com.ar\/index.php\/wp-json\/wp\/v2\/posts\/27215","targetHints":{"allow":["GET"]}}],"collection":[{"href":"https:\/\/13.com.ar\/index.php\/wp-json\/wp\/v2\/posts"}],"about":[{"href":"https:\/\/13.com.ar\/index.php\/wp-json\/wp\/v2\/types\/post"}],"author":[{"embeddable":true,"href":"https:\/\/13.com.ar\/index.php\/wp-json\/wp\/v2\/users\/1"}],"replies":[{"embeddable":true,"href":"https:\/\/13.com.ar\/index.php\/wp-json\/wp\/v2\/comments?post=27215"}],"version-history":[{"count":0,"href":"https:\/\/13.com.ar\/index.php\/wp-json\/wp\/v2\/posts\/27215\/revisions"}],"wp:featuredmedia":[{"embeddable":true,"href":"https:\/\/13.com.ar\/index.php\/wp-json\/wp\/v2\/media\/27216"}],"wp:attachment":[{"href":"https:\/\/13.com.ar\/index.php\/wp-json\/wp\/v2\/media?parent=27215"}],"wp:term":[{"taxonomy":"category","embeddable":true,"href":"https:\/\/13.com.ar\/index.php\/wp-json\/wp\/v2\/categories?post=27215"},{"taxonomy":"post_tag","embeddable":true,"href":"https:\/\/13.com.ar\/index.php\/wp-json\/wp\/v2\/tags?post=27215"}],"curies":[{"name":"wp","href":"https:\/\/api.w.org\/{rel}","templated":true}]}}