{"id":27212,"date":"2025-05-21T19:18:28","date_gmt":"2025-05-21T22:18:28","guid":{"rendered":"https:\/\/13.com.ar\/index.php\/como-se-entero-del-triunfo-ante-river-y-por-que-tiene-derecho-de-admision\/"},"modified":"2025-05-21T19:18:28","modified_gmt":"2025-05-21T22:18:28","slug":"como-se-entero-del-triunfo-ante-river-y-por-que-tiene-derecho-de-admision","status":"publish","type":"post","link":"https:\/\/13.com.ar\/index.php\/como-se-entero-del-triunfo-ante-river-y-por-que-tiene-derecho-de-admision\/","title":{"rendered":"c\u00f3mo se enter\u00f3 del triunfo ante River y por qu\u00e9 tiene derecho de admisi\u00f3n"},"content":{"rendered":"<p> <br \/>\n<br \/><img decoding=\"async\" src=\"https:\/\/13.com.ar\/wp-content\/uploads\/2025\/05\/como-se-entero-del-triunfo-ante-River-y-por-que.jpg\" \/><\/p>\n<div id=\"element-body-0\">\n<p><strong>Platense<\/strong> dio el batacazo este martes por la noche luego de eliminar a <strong>River<\/strong> en el Monumental por 4-2 en los penales, tras un 1-1 en el tiempo regular, para avanzar a la semifinal del Torneo Apertura. Y quien vivi\u00f3 de forma muy particular ese triunfazo fue <strong>el presidente del <em>Calamar<\/em>, Sebasti\u00e1n Ordo\u00f1ez, quien cont\u00f3 una ins\u00f3lita an\u00e9cdota sobre c\u00f3mo se enter\u00f3 de la victoria<\/strong> al no haber estado en el estadio debido a tener<strong> derecho de admisi\u00f3n<\/strong>.<\/p>\n<\/div>\n<div id=\"element-body-1\">\n<p>En di\u00e1logo con el programa <em>Doble Amarilla<\/em> a trav\u00e9s de <em>DSports Radio<\/em>, Ordo\u00f1ez cont\u00f3 en principio que vivi\u00f3 el partido desde un bar cercano a la cancha porque, como le aplicaron un derecho de admisi\u00f3n por seis meses -ya lleva dos-, no puede ingresar a ning\u00fan estadio.<\/p>\n<\/div>\n<div id=\"element-body-2\">\n<p>&#8220;Me aplicaron un derecho de admisi\u00f3n a m\u00ed hace unos meses y ya cumpl\u00ed la probation y dem\u00e1s pero bueno, la Justicia todav\u00eda no me dio la posibilidad de volver al estadio.<strong> Y lo vi en cercan\u00edas al estadio de River, en el bar que est\u00e1 en la esquina de Figueroa Alcorta y Pampa&#8221;<\/strong>, explic\u00f3 el presidente.<\/p>\n<\/div>\n<div id=\"element-body-3\">\n<p>Luego, agreg\u00f3: &#8220;Y ah\u00ed hab\u00eda mucha gente de River. Faltando dos minutos ped\u00ed la cuenta y me par\u00e9. Y empec\u00e9 a caminar para el estadio, y nada, se me cort\u00f3 la transmisi\u00f3n, todo. Me sent\u00e9 en el pasto, esper\u00e9, esper\u00e9, esper\u00e9 <strong>y cuando me puse a caminar una persona que estaba vendiendo choripanes me dice &#8216;\u00bfviste c\u00f3mo perdimos?&#8217; Ah\u00ed me di cuenta que hab\u00edamos ganado&#8221;.<\/strong><\/p>\n<\/div>\n<div id=\"element-body-4\">\n<blockquote class=\"twitter-tweet\">\n<p lang=\"es\" dir=\"ltr\">&#8220;Una persona que estaba vendiendo choripanes me dice: &#8216;\u00bfviste como perdimos?&#8217;. Ah\u00ed me di cuenta que hab\u00edamos ganado&#8221; \ud83d\ude31<\/p>\n<p>Sebasti\u00e1n Ordo\u00f1ez, Presidente de Platense, pas\u00f3 por <a rel=\"nofollow\" target=\"_blank\" href=\"https:\/\/twitter.com\/hashtag\/DobleAmarilla?src=hash&amp;ref_src=twsrc%5Etfw\">#DobleAmarilla<\/a> y cont\u00f3 como vivi\u00f3 el final del partido entre el Calamar y River \ud83c\udf99\ufe0f<\/p>\n<p>DSPORTS Radio FM 103.1,\u2026 <a rel=\"nofollow\" target=\"_blank\" href=\"https:\/\/t.co\/2loYa7Cd4c\">pic.twitter.com\/2loYa7Cd4c<\/a><\/p>\n<p>\u2014 DSports Radio 103.1 FM (@DSportsRadio) <a rel=\"nofollow\" target=\"_blank\" href=\"https:\/\/twitter.com\/DSportsRadio\/status\/1925181030350332123?ref_src=twsrc%5Etfw\">May 21, 2025<\/a><\/p><\/blockquote>\n<\/div>\n<div id=\"element-body-5\">\n<p>&#8220;Una sensaci\u00f3n rara, viste. De alegr\u00eda, de impotencia, de felicidad&#8230; Son mi viejo, mi abuelo, mi vieja&#8230; Un mont\u00f3n de cosas que se me vienen a la cabeza, pero bueno, la realidad es que festejo, sigo acompa\u00f1ando,<strong> pero tambi\u00e9n estoy un poquito dolido de no poder haber estado, \u00bfno?&#8221;, <\/strong>complet\u00f3 Ordo\u00f1ez.<\/p>\n<\/div>\n<div id=\"element-body-6\">\n<p>Ya respecto al rendimiento del equipo semifinalista, tras cargarse, como visitante, a dos grandes como Racing y River, Ordo\u00f1ez advirti\u00f3 que hace un tiempo planeaban una fiesta por el aniversario del club <em>-el pr\u00f3ximo 25 de mayo-<\/em>, pero que la suspendieron al saber que pod\u00eda coincidir con los mata-mata del Apertura:<strong> &#8220;Hace tres meses ten\u00edamos pensado hacer una fiesta por el 120\u00b0 aniversario del club y decidimos cambiar la fecha por si est\u00e1bamos peleando en el campeonato. Tan equivocados no est\u00e1bamos, ja\u201d.<\/strong><\/p>\n<\/div>\n<div id=\"element-body-7\">\n<p>\u201cEs un momento hist\u00f3rico para nosotros. Va a quedar en la historia del club. Seguiremos en batalla, nos quedan dos m\u00e1s. No somos candidatos, estamos para pelear.<strong> Solo tengo palabras de agradecimiento para (Favio) Orsi y (Sergio) G\u00f3mez. Llegar a esta instancia es una muestra de agradecimiento hacia ellos\u201d, <\/strong>cerr\u00f3. <\/p>\n<\/div>\n<div id=\"element-body-10\">\n<p>El derecho de admisi\u00f3n de Ordo\u00f1ez fue aplicado a fines de febrero, luego de que acusaran a \u00e9ste de arrojarle una botella a los hinchas de San Lorenzo en el Nuevo Gas\u00f3metro durante el cruce ocurrido en la fecha n\u00famero cinco. A partir del hecho, surgi\u00f3 un acta policial elaborada por el \u00e1rea de Conductas de la Polic\u00eda de la Ciudad. <strong>Se dictamin\u00f3 una prolongaci\u00f3n de seis meses, por lo que el m\u00e1ximo mandatario del <em>Calamar <\/em>tiene prohibido acceder a los estadios por todo ese tiempo (culminar\u00eda en agosto).<\/strong><\/p>\n<\/div>\n<div id=\"element-body-11\">\n<p>Franco Berl\u00edn, director nacional de seguridad en eventos deportivos, dialog\u00f3 con Ol\u00e9 en aquel momento y admiti\u00f3 que &#8220;no importa si quien pone en riesgo el orden es un presidente de club, un barrabrava o un hincha; la ley y las normas se aplican por igual para todos&#8221;.<\/p>\n<\/div>\n<div id=\"element-body-12\">\n<p>Adem\u00e1s, cont\u00f3: &#8220;Seguimos un lineamiento claro y un objetivo definido bajo la conducci\u00f3n de la ministra Patricia Bullrich y la secretar\u00eda de Seguridad Alejandra Monteoliva: <strong>no vamos a permitir, bajo ninguna circunstancia, que nada ni nadie atente contra la integridad del f\u00fatbol&#8221;.<\/strong><\/p>\n<\/div>\n<div id=\"element-body-13\">\n<p>Este incidente ocurri\u00f3 el jueves 13 de febrero y comenz\u00f3 tras el primer gol de Platense, anotado a los 44 minutos del primer tiempo. En ese momento, el presidente celebr\u00f3 el tanto, lo que gener\u00f3 malestar entre los hinchas azulgranas. <strong>A partir de ah\u00ed, se desat\u00f3 un cruce de palabras que culmin\u00f3 en este supuesto agravio.<\/strong><\/p>\n<\/div>\n<div id=\"element-body-15\">\n<p>Ordo\u00f1ez, en su momento, indic\u00f3 que no tuvo intenci\u00f3n de agredir a nadie y que la medida consecuente le pareci\u00f3 ins\u00f3lita: &#8220;No puedo creer lo que hicieron. Se ve claramente que yo no tengo ninguna intenci\u00f3n de agredir a nadie&#8221;.<\/p>\n<\/div>\n<div id=\"element-body-16\">\n<p>&#8220;Me levant\u00e9 a gritar el gol, euf\u00f3rico, y tir\u00e9 la botella al piso con tanta mala suerte que rebot\u00f3 y cay\u00f3 sobre el acr\u00edlico que est\u00e1 debajo del palco que nos dieron. <strong>No tuve intenci\u00f3n, no le pegu\u00e9 a nadie, es m\u00e1s apenas vinieron a notificarme del acta la firm\u00e9 porque era algo m\u00ednimo y ahora salen con esta sanci\u00f3n absolutamente improcedente<\/strong>&#8220;, relat\u00f3 luego.<\/p>\n<\/div>\n<div id=\"element-body-17\">\n<p>Tambi\u00e9n, en di\u00e1logo con TyC Sports, explic\u00f3 que no la decisi\u00f3n tomada por la Justicia hab\u00eda ocurrido sin ser escuchada su &#8220;versi\u00f3n&#8221; y declar\u00f3: &#8220;No entiendo c\u00f3mo el fiscal no me llama y me dice veamos juntos lo que pas\u00f3. Esto se arreglaba si quer\u00e9s con un acto de voluntariado del tipo probation y listo. Pero bueno, ahora el lunes me voy a presentar y voy a apelar porque para darte una pena primero te tienen que escuchar y ac\u00e1 nadie hizo eso&#8221;.<\/p>\n<\/div>\n<p><script async src=\"\/\/platform.twitter.com\/widgets.js\" charset=\"utf-8\"><\/script><br \/>\n<br \/><br \/>\n<br \/><a href=\"https:\/\/www.clarin.com\/deportes\/increible-relato-presidente-platense-entero-triunfo-river-derecho-admision_0_iAPCIsPXta.html\">Fuente Clarin.com <\/a><\/p>\n","protected":false},"excerpt":{"rendered":"<p>Platense dio el batacazo este martes por la noche luego de eliminar a River en el Monumental por 4-2 en los penales, tras un 1-1 en el tiempo regular, para avanzar a la semifinal del Torneo Apertura. Y quien vivi\u00f3 de forma muy particular ese triunfazo fue el presidente del Calamar, Sebasti\u00e1n Ordo\u00f1ez, quien cont\u00f3 [&hellip;]<\/p>\n","protected":false},"author":1,"featured_media":27213,"comment_status":"open","ping_status":"open","sticky":false,"template":"","format":"standard","meta":{"footnotes":""},"categories":[2],"tags":[11322,2759,66,100,2936,6383,142,286,595,1486,2027],"class_list":["post-27212","post","type-post","status-publish","format-standard","has-post-thumbnail","hentry","category-ultimas-noticias","tag-admision","tag-ante","tag-como","tag-del","tag-derecho","tag-entero","tag-por","tag-que","tag-river","tag-tiene","tag-triunfo"],"_links":{"self":[{"href":"https:\/\/13.com.ar\/index.php\/wp-json\/wp\/v2\/posts\/27212","targetHints":{"allow":["GET"]}}],"collection":[{"href":"https:\/\/13.com.ar\/index.php\/wp-json\/wp\/v2\/posts"}],"about":[{"href":"https:\/\/13.com.ar\/index.php\/wp-json\/wp\/v2\/types\/post"}],"author":[{"embeddable":true,"href":"https:\/\/13.com.ar\/index.php\/wp-json\/wp\/v2\/users\/1"}],"replies":[{"embeddable":true,"href":"https:\/\/13.com.ar\/index.php\/wp-json\/wp\/v2\/comments?post=27212"}],"version-history":[{"count":0,"href":"https:\/\/13.com.ar\/index.php\/wp-json\/wp\/v2\/posts\/27212\/revisions"}],"wp:featuredmedia":[{"embeddable":true,"href":"https:\/\/13.com.ar\/index.php\/wp-json\/wp\/v2\/media\/27213"}],"wp:attachment":[{"href":"https:\/\/13.com.ar\/index.php\/wp-json\/wp\/v2\/media?parent=27212"}],"wp:term":[{"taxonomy":"category","embeddable":true,"href":"https:\/\/13.com.ar\/index.php\/wp-json\/wp\/v2\/categories?post=27212"},{"taxonomy":"post_tag","embeddable":true,"href":"https:\/\/13.com.ar\/index.php\/wp-json\/wp\/v2\/tags?post=27212"}],"curies":[{"name":"wp","href":"https:\/\/api.w.org\/{rel}","templated":true}]}}