{"id":27208,"date":"2025-05-21T19:12:29","date_gmt":"2025-05-21T22:12:29","guid":{"rendered":"https:\/\/13.com.ar\/index.php\/lo-revelo-sin-querer-en-un-viaje-con-wanda-nara-a-las-islas-maldivas\/"},"modified":"2025-05-21T19:12:29","modified_gmt":"2025-05-21T22:12:29","slug":"lo-revelo-sin-querer-en-un-viaje-con-wanda-nara-a-las-islas-maldivas","status":"publish","type":"post","link":"https:\/\/13.com.ar\/index.php\/lo-revelo-sin-querer-en-un-viaje-con-wanda-nara-a-las-islas-maldivas\/","title":{"rendered":"lo revel\u00f3 sin querer en un viaje con Wanda Nara a las Islas Maldivas"},"content":{"rendered":"<p> <br \/>\n<br \/><img decoding=\"async\" src=\"https:\/\/13.com.ar\/wp-content\/uploads\/2025\/05\/lo-revelo-sin-querer-en-un-viaje-con-Wanda-Nara.jpg\" \/><\/p>\n<div id=\"element-body-0\">\n<p>Durante unas vacaciones en las paradis\u00edacas Islas Maldivas, <strong>Mauro Icardi <\/strong>comparti\u00f3 una foto que llam\u00f3 la atenci\u00f3n por un detalle que pocos dejaron pasar: en el ba\u00f1o del hotel donde se hospedaba con <strong>Wanda Nara<\/strong>, se pod\u00eda ver claramente una botella del <strong>perfume The One for Men Eau de Parfum de Dolce &amp; Gabbana<\/strong>. La imagen, que parec\u00eda una simple postal del lujo, termin\u00f3 revelando cu\u00e1l es su <strong>fragancia favorita<\/strong>.<\/p>\n<\/div>\n<div id=\"element-body-1\">\n<p>Fan\u00e1tico de los<strong> perfumes intensos y sofisticados<\/strong>, Icardi opt\u00f3 por una <strong>fragancia <\/strong>que combina elegancia, calidez y car\u00e1cter. Se trata de un<strong> cl\u00e1sico moderno<\/strong> que encaja con su imagen de figura seductora y segura. Como buen amante de los detalles, el futbolista no elige cualquier perfume: busca uno que lo represente.<\/p>\n<\/div>\n<div id=\"element-body-3\">\n<p>El<strong> perfume elegido por el delantero es The One for Men Eau de Parfum de Dolce &amp; Gabbana<\/strong>, una <strong>fragancia lanzada en 2008<\/strong> que se convirti\u00f3 en un emblema dentro de la l\u00ednea masculina de la marca italiana. Perteneciente a la familia Amaderada Especiada, combina <strong>notas c\u00e1lidas y envolventes que lo hacen ideal para el oto\u00f1o<\/strong>, el invierno o salidas nocturnas con estilo.<\/p>\n<\/div>\n<div id=\"element-body-4\">\n<p>Entre sus ingredientes se destacan:<\/p>\n<\/div>\n<div id=\"element-body-9\">\n<p>Su estela es c\u00e1lida, elegante y con un toque ligeramente dulce que no pasa desapercibido. Algunos destacan especialmente la <strong>combinaci\u00f3n de cardamomo y tabaco<\/strong>, que le da una personalidad fuerte, ideal para quienes buscan destacarse sin necesidad de exagerar.<\/p>\n<\/div>\n<div id=\"element-body-10\">\n<p>En Argentina, <strong>esta fragancia cuesta alrededor de 150.000 pesos<\/strong> y puede conseguirse en perfumer\u00edas y tiendas online como Mercado Libre.<\/p>\n<\/div>\n<div id=\"element-body-12\">\n<p>Aunque <strong>The One for Men Eau de Parfum de Dolce &amp; Gabbana <\/strong>es una fragancia ic\u00f3nica, su precio puede ser elevado para muchos bolsillos. En el <strong>mercado argentino existen opciones m\u00e1s accesibles<\/strong> que replican un perfil olfativo similar, con notas especiadas, amaderadas y c\u00e1lidas, ideales para climas fr\u00edos o salidas nocturnas.<\/p>\n<\/div>\n<div id=\"element-body-13\">\n<p>Algunas alternativas recomendadas por fan\u00e1ticos de la perfumer\u00eda son:<\/p>\n<\/div>\n<div id=\"element-body-18\">\n<p>Estas alternativas son ideales si busc\u00e1s ese aire sofisticado que lleva Icardi, pero adaptado a un presupuesto m\u00e1s econ\u00f3mico. <\/p>\n<\/div>\n<p><br \/>\n<br \/><a href=\"https:\/\/www.clarin.com\/informacion-general\/perfume-usa-mauro-icardi-revelo-querer-viaje-wanda-nara-islas-maldivas_0_wgK9hUJjJT.html\">Fuente Clarin.com <\/a><\/p>\n","protected":false},"excerpt":{"rendered":"<p>Durante unas vacaciones en las paradis\u00edacas Islas Maldivas, Mauro Icardi comparti\u00f3 una foto que llam\u00f3 la atenci\u00f3n por un detalle que pocos dejaron pasar: en el ba\u00f1o del hotel donde se hospedaba con Wanda Nara, se pod\u00eda ver claramente una botella del perfume The One for Men Eau de Parfum de Dolce &amp; Gabbana. La [&hellip;]<\/p>\n","protected":false},"author":1,"featured_media":27209,"comment_status":"open","ping_status":"open","sticky":false,"template":"","format":"standard","meta":{"footnotes":""},"categories":[2],"tags":[18,987,48,18913,315,9514,241,882,130,314],"class_list":["post-27208","post","type-post","status-publish","format-standard","has-post-thumbnail","hentry","category-ultimas-noticias","tag-con","tag-islas","tag-las","tag-maldivas","tag-nara","tag-querer","tag-revelo","tag-sin","tag-viaje","tag-wanda"],"_links":{"self":[{"href":"https:\/\/13.com.ar\/index.php\/wp-json\/wp\/v2\/posts\/27208","targetHints":{"allow":["GET"]}}],"collection":[{"href":"https:\/\/13.com.ar\/index.php\/wp-json\/wp\/v2\/posts"}],"about":[{"href":"https:\/\/13.com.ar\/index.php\/wp-json\/wp\/v2\/types\/post"}],"author":[{"embeddable":true,"href":"https:\/\/13.com.ar\/index.php\/wp-json\/wp\/v2\/users\/1"}],"replies":[{"embeddable":true,"href":"https:\/\/13.com.ar\/index.php\/wp-json\/wp\/v2\/comments?post=27208"}],"version-history":[{"count":0,"href":"https:\/\/13.com.ar\/index.php\/wp-json\/wp\/v2\/posts\/27208\/revisions"}],"wp:featuredmedia":[{"embeddable":true,"href":"https:\/\/13.com.ar\/index.php\/wp-json\/wp\/v2\/media\/27209"}],"wp:attachment":[{"href":"https:\/\/13.com.ar\/index.php\/wp-json\/wp\/v2\/media?parent=27208"}],"wp:term":[{"taxonomy":"category","embeddable":true,"href":"https:\/\/13.com.ar\/index.php\/wp-json\/wp\/v2\/categories?post=27208"},{"taxonomy":"post_tag","embeddable":true,"href":"https:\/\/13.com.ar\/index.php\/wp-json\/wp\/v2\/tags?post=27208"}],"curies":[{"name":"wp","href":"https:\/\/api.w.org\/{rel}","templated":true}]}}