{"id":27206,"date":"2025-05-21T18:54:49","date_gmt":"2025-05-21T21:54:49","guid":{"rendered":"https:\/\/13.com.ar\/index.php\/al-menos-cuatro-detenidos-en-una-nueva-marcha-de-manifestantes-al-congreso\/"},"modified":"2025-05-21T18:54:49","modified_gmt":"2025-05-21T21:54:49","slug":"al-menos-cuatro-detenidos-en-una-nueva-marcha-de-manifestantes-al-congreso","status":"publish","type":"post","link":"https:\/\/13.com.ar\/index.php\/al-menos-cuatro-detenidos-en-una-nueva-marcha-de-manifestantes-al-congreso\/","title":{"rendered":"Al menos cuatro detenidos en una nueva marcha de manifestantes al Congreso"},"content":{"rendered":"<p> <br \/>\n<br \/><img decoding=\"async\" src=\"https:\/\/13.com.ar\/wp-content\/uploads\/2025\/05\/Al-menos-cuatro-detenidos-en-una-nueva-marcha-de-manifestantes.jpg\" \/><\/p>\n<div id=\"element-body-0\">\n<p>Al menos <strong>cuatro personas fueron detenidas<\/strong> en las inmediaciones del Congreso, en el marco de una nueva manifestaci\u00f3n en apoyo a los jubilados. La movilizaci\u00f3n de este mi\u00e9rcoles se caracteriz\u00f3 por <strong>mayores episodios de enfrentamientos <\/strong>con personal de Gendarmer\u00eda.<\/p>\n<\/div>\n<div id=\"element-body-1\">\n<p>Tal como sucede desde hace meses, los mi\u00e9rcoles por la tarde las inmediaciones del Congreso se llenan de manifestantes, jubilados y organizaciones sociales que reclaman una recomposici\u00f3n en los haberes jubilatorios de los adultos mayores. <\/p>\n<\/div>\n<div id=\"element-body-2\">\n<p>Del otro lado, el Gobierno intenta que se cumpla el<strong> protocolo antipiquetes<\/strong> y que los manifestantes no corten las calles aleda\u00f1as al Palacio Legislativo.<\/p>\n<\/div>\n<div id=\"element-body-3\">\n<p><strong>Polic\u00eda Federal detuvo al menos a cuatro personas <\/strong>en las inmediaciones del Congreso, en tanto que otras 14, que presuntamente se dirig\u00edan hacia all\u00ed, fueron apresadas en las estaciones de trenes.<\/p>\n<\/div>\n<div id=\"element-body-4\">\n<p>Entre los detenidos se encuentra el fot\u00f3grafo Tom\u00e1s Cuesta, de la agencia internacional Reuters, que estaba fotografiando a un detenido cuando lo apresaron a \u00e9l.<\/p>\n<\/div>\n<div id=\"element-body-5\">\n<p>A diferencia de otras jornadas de movilizaci\u00f3n, la de este mi\u00e9rcoles se caracteriz\u00f3 por un<strong> mayor grado de violencia <\/strong>en los enfrentamientos entre la Gendarmer\u00eda y los manifestantes. Hubo escenas de<strong> pedradas, ataques con palos y rotura de escudos y tachos de basura.<\/strong><\/p>\n<\/div>\n<div id=\"element-body-6\">\n<div class=\"sc-c2c2a3c6-1 kQhBlc videoText videoText\">\n<h2>Video<\/h2>\n<p>Empujones, palos y piedras en una nueva marcha de jubilados en el Congreso<\/p>\n<\/div>\n<\/div>\n<p><br \/>\n<br \/><a href=\"https:\/\/www.clarin.com\/politica\/detenidos-nueva-marcha-manifestantes-congreso_0_EmtRIvjX4l.html\">Fuente Clarin.com <\/a><\/p>\n","protected":false},"excerpt":{"rendered":"<p>Al menos cuatro personas fueron detenidas en las inmediaciones del Congreso, en el marco de una nueva manifestaci\u00f3n en apoyo a los jubilados. La movilizaci\u00f3n de este mi\u00e9rcoles se caracteriz\u00f3 por mayores episodios de enfrentamientos con personal de Gendarmer\u00eda. Tal como sucede desde hace meses, los mi\u00e9rcoles por la tarde las inmediaciones del Congreso se [&hellip;]<\/p>\n","protected":false},"author":1,"featured_media":27207,"comment_status":"open","ping_status":"open","sticky":false,"template":"","format":"standard","meta":{"footnotes":""},"categories":[2],"tags":[2010,1932,3791,18912,1126,263,19,73],"class_list":["post-27206","post","type-post","status-publish","format-standard","has-post-thumbnail","hentry","category-ultimas-noticias","tag-congreso","tag-cuatro","tag-detenidos","tag-manifestantes","tag-marcha","tag-menos","tag-nueva","tag-una"],"_links":{"self":[{"href":"https:\/\/13.com.ar\/index.php\/wp-json\/wp\/v2\/posts\/27206","targetHints":{"allow":["GET"]}}],"collection":[{"href":"https:\/\/13.com.ar\/index.php\/wp-json\/wp\/v2\/posts"}],"about":[{"href":"https:\/\/13.com.ar\/index.php\/wp-json\/wp\/v2\/types\/post"}],"author":[{"embeddable":true,"href":"https:\/\/13.com.ar\/index.php\/wp-json\/wp\/v2\/users\/1"}],"replies":[{"embeddable":true,"href":"https:\/\/13.com.ar\/index.php\/wp-json\/wp\/v2\/comments?post=27206"}],"version-history":[{"count":0,"href":"https:\/\/13.com.ar\/index.php\/wp-json\/wp\/v2\/posts\/27206\/revisions"}],"wp:featuredmedia":[{"embeddable":true,"href":"https:\/\/13.com.ar\/index.php\/wp-json\/wp\/v2\/media\/27207"}],"wp:attachment":[{"href":"https:\/\/13.com.ar\/index.php\/wp-json\/wp\/v2\/media?parent=27206"}],"wp:term":[{"taxonomy":"category","embeddable":true,"href":"https:\/\/13.com.ar\/index.php\/wp-json\/wp\/v2\/categories?post=27206"},{"taxonomy":"post_tag","embeddable":true,"href":"https:\/\/13.com.ar\/index.php\/wp-json\/wp\/v2\/tags?post=27206"}],"curies":[{"name":"wp","href":"https:\/\/api.w.org\/{rel}","templated":true}]}}