{"id":27204,"date":"2025-05-21T18:51:27","date_gmt":"2025-05-21T21:51:27","guid":{"rendered":"https:\/\/13.com.ar\/index.php\/enviar-a-los-habitantes-de-gaza-a-una-zona-del-sur-a-medida-que-ocupe-territorios-de-la-franja-y-derrote-a-hamas\/"},"modified":"2025-05-21T18:51:27","modified_gmt":"2025-05-21T21:51:27","slug":"enviar-a-los-habitantes-de-gaza-a-una-zona-del-sur-a-medida-que-ocupe-territorios-de-la-franja-y-derrote-a-hamas","status":"publish","type":"post","link":"https:\/\/13.com.ar\/index.php\/enviar-a-los-habitantes-de-gaza-a-una-zona-del-sur-a-medida-que-ocupe-territorios-de-la-franja-y-derrote-a-hamas\/","title":{"rendered":"enviar a los habitantes de Gaza a una zona del sur a medida que ocupe territorios de la Franja y derrote a Hamas"},"content":{"rendered":"<p> <br \/>\n<br \/><img decoding=\"async\" src=\"https:\/\/13.com.ar\/wp-content\/uploads\/2025\/05\/enviar-a-los-habitantes-de-Gaza-a-una-zona-del.jpg\" \/><\/p>\n<div id=\"element-body-0\">\n<p>Israel pretende <strong>desplazar a la poblaci\u00f3n de Gaza, de unos 2,1 millones de personas, a una zona en el sur<\/strong> de la Franja a medida que tome el control del territorio en el enclave, que quedar\u00e1 bajo control de seguridad israel\u00ed, dijo este mi\u00e9rcoles en una rueda de prensa retransmitida en televisi\u00f3n el primer ministro, Benjam\u00edn Netanyahu.<\/p>\n<\/div>\n<div id=\"element-body-1\">\n<p>Netanyahu asegur\u00f3 que ser\u00e1 en esta zona,<strong> &#8220;limpia de Hamas&#8221;, donde los gazat\u00edes recibir\u00e1n ayuda humanitaria<\/strong>, cuyo acceso a la Franja Israel bloqueaba desde el 2 de marzo y que, a pesar de que presuntamente ha vuelto a entrar en los \u00faltimos dos d\u00edas, no est\u00e1 siendo distribuida.<\/p>\n<\/div>\n<div id=\"element-body-2\">\n<p>&#8220;Nuestras fuerzas est\u00e1n tomando m\u00e1s y m\u00e1s territorios para limpiarlos de terroristas y de la infraestructura de Hamas. <strong>Al final de la guerra, todo el territorio de la Franja de Gaza estar\u00e1 bajo control de seguridad de Israel,<\/strong> y Hamas ser\u00e1 completamente derrotado&#8221;, augur\u00f3 el mandatario israel\u00ed.<\/p>\n<\/div>\n<div id=\"element-body-3\">\n<p>Con tal de conseguir este objetivo con &#8220;libertad operativa&#8221; y sin perder el apoyo de sus aliados, Netanyahu dijo que Israel debe evitar que haya una crisis humanitaria en Gaza, para lo que defendi\u00f3 un plan de tres fases de cara a la entrega de ayuda a la poblaci\u00f3n de Gaza.<\/p>\n<\/div>\n<div id=\"element-body-5\">\n<p>El primer ministro asegur\u00f3 que la fase &#8220;A&#8221; del plan (en la que nos encontramos) plantea el <strong>&#8220;ingreso inmediato de alimentos b\u00e1sicos a Gaza<\/strong> para evitar una crisis humanitaria y permitir la continuaci\u00f3n de los combates&#8221;.<\/p>\n<\/div>\n<div id=\"element-body-6\">\n<p>La ONU confirm\u00f3 que el lunes accedieron a Gaza cinco camiones con ayuda, mientras que el martes lo hicieron otros 93, seg\u00fan Israel. <strong>Su contenido a\u00fan no ha sido distribuido a la poblaci\u00f3n<\/strong>, dijo hoy el portavoz de la secretar\u00eda general de la ONU, St\u00e9phane Dujarric.<\/p>\n<\/div>\n<div id=\"element-body-8\">\n<p>&#8220;Hasta ahora (al final de la tarde en Gaza), ninguno de los suministros ha podido salir de la zona de descarga de Kerem Shalom. Y esto porque ayer por la noche las autoridades israel\u00edes <strong>solo autorizaron a nuestros equipos a pasar por una zona muy congestionada<\/strong> y sentimos que era inseguro, (un lugar) con alto riesgo de saqueos&#8221;, explic\u00f3 Dujarric.<\/p>\n<\/div>\n<div id=\"element-body-9\">\n<p>En dos d\u00edas han accedido al enclave unos 100 camiones para abastecer a una poblaci\u00f3n de unos 2,1 millones de personas, cuando antes de la guerra acced\u00edan unos 500 que ya eran insuficientes para las organizaciones humanitarias.<\/p>\n<\/div>\n<div id=\"element-body-10\">\n<p>La fase &#8220;B&#8221;, que seg\u00fan Netanyahu comenzar\u00e1 en los pr\u00f3ximos d\u00edas, consiste en l<strong>a &#8220;apertura de puntos de distribuci\u00f3n de alimentos por empresas estadounidenses<\/strong>, que ser\u00e1n protegidos por el Ej\u00e9rcito&#8221;.<\/p>\n<\/div>\n<div id=\"element-body-11\">\n<p>Estos puntos de distribuci\u00f3n, asociados a la empresa estadounidense &#8216;Fundaci\u00f3n Humanitaria para Gaza&#8217; han sido rechazados por las organizaciones humanitarias del enclave, encabezadas por la ONU. Entre otros, porque no cubrir\u00e1n a toda la poblaci\u00f3n, lo que <strong>someter\u00e1 a los gazat\u00edes a ser &#8220;elegibles&#8221; <\/strong>para recibir la ayuda; o porque Israel present\u00f3 que el acceso al alimento iba a estar sometido a registros con, entre otros, esc\u00e1neres faciales.<\/p>\n<\/div>\n<div id=\"element-body-12\">\n<p>Finalmente, la fase &#8220;C&#8221; <strong>supone la creaci\u00f3n de una zona &#8220;est\u00e9ril&#8221; o &#8220;libre de Hamas&#8221; en el sur <\/strong>a medida que Israel tome el control de Gaza, seg\u00fan Netanyahu.<\/p>\n<\/div>\n<div id=\"element-body-14\">\n<p>Hacia ella &#8220;se desplazar\u00e1 a la poblaci\u00f3n civil desde las zonas de combate por motivos de seguridad&#8221;, dijo el mandatario. Ser\u00e1 all\u00ed donde &#8220;los residentes de Gaza recibir\u00e1n toda la ayuda humanitaria&#8221;, dijo.<\/p>\n<\/div>\n<div id=\"element-body-15\">\n<p>Israel comenz\u00f3 a bloquear el acceso de ayuda, con bienes b\u00e1sicos como comida, medicinas o combustible (que hace funcionar tambi\u00e9n los generadores de electricidad de los hospitales) el 2 de marzo,<strong> asegurando que esta acababa en manos de Hamas.<\/strong><\/p>\n<\/div>\n<div id=\"element-body-16\">\n<p>A ra\u00edz de este bloqueo, la Clasificaci\u00f3n Integrada de las Fases de la Seguridad Alimentaria (IPC, por sus siglas en ingl\u00e9s) sit\u00faa a toda la poblaci\u00f3n de Gaza en situaci\u00f3n de crisis o peor (de emergencia o cat\u00e1strofe) ante inseguridad alimentaria aguda.<\/p>\n<\/div>\n<div id=\"element-body-17\">\n<p>En concreto, este \u00edndice se\u00f1ala que hay 14.000 ni\u00f1os de 6 a 59 meses en Gaza bajo riesgo grave de desnutrici\u00f3n aguda.<\/p>\n<\/div>\n<p><br \/>\n<br \/><a href=\"https:\/\/www.clarin.com\/mundo\/plan-israel-enviar-habitantes-gaza-zona-sur-medida-ocupe-territorios-franja-derrote-hamas_0_xz9XOU8FYr.html\">Fuente Clarin.com <\/a><\/p>\n","protected":false},"excerpt":{"rendered":"<p>Israel pretende desplazar a la poblaci\u00f3n de Gaza, de unos 2,1 millones de personas, a una zona en el sur de la Franja a medida que tome el control del territorio en el enclave, que quedar\u00e1 bajo control de seguridad israel\u00ed, dijo este mi\u00e9rcoles en una rueda de prensa retransmitida en televisi\u00f3n el primer ministro, [&hellip;]<\/p>\n","protected":false},"author":1,"featured_media":27205,"comment_status":"open","ping_status":"open","sticky":false,"template":"","format":"standard","meta":{"footnotes":""},"categories":[2],"tags":[100,18911,1274,3848,1542,7592,1461,28,250,18910,260,6068,73,1670],"class_list":["post-27204","post","type-post","status-publish","format-standard","has-post-thumbnail","hentry","category-ultimas-noticias","tag-del","tag-derrote","tag-enviar","tag-franja","tag-gaza","tag-habitantes","tag-hamas","tag-los","tag-medida","tag-ocupe","tag-sur","tag-territorios","tag-una","tag-zona"],"_links":{"self":[{"href":"https:\/\/13.com.ar\/index.php\/wp-json\/wp\/v2\/posts\/27204","targetHints":{"allow":["GET"]}}],"collection":[{"href":"https:\/\/13.com.ar\/index.php\/wp-json\/wp\/v2\/posts"}],"about":[{"href":"https:\/\/13.com.ar\/index.php\/wp-json\/wp\/v2\/types\/post"}],"author":[{"embeddable":true,"href":"https:\/\/13.com.ar\/index.php\/wp-json\/wp\/v2\/users\/1"}],"replies":[{"embeddable":true,"href":"https:\/\/13.com.ar\/index.php\/wp-json\/wp\/v2\/comments?post=27204"}],"version-history":[{"count":0,"href":"https:\/\/13.com.ar\/index.php\/wp-json\/wp\/v2\/posts\/27204\/revisions"}],"wp:featuredmedia":[{"embeddable":true,"href":"https:\/\/13.com.ar\/index.php\/wp-json\/wp\/v2\/media\/27205"}],"wp:attachment":[{"href":"https:\/\/13.com.ar\/index.php\/wp-json\/wp\/v2\/media?parent=27204"}],"wp:term":[{"taxonomy":"category","embeddable":true,"href":"https:\/\/13.com.ar\/index.php\/wp-json\/wp\/v2\/categories?post=27204"},{"taxonomy":"post_tag","embeddable":true,"href":"https:\/\/13.com.ar\/index.php\/wp-json\/wp\/v2\/tags?post=27204"}],"curies":[{"name":"wp","href":"https:\/\/api.w.org\/{rel}","templated":true}]}}