{"id":27201,"date":"2025-05-21T18:45:27","date_gmt":"2025-05-21T21:45:27","guid":{"rendered":"https:\/\/13.com.ar\/index.php\/por-decreto-el-gobierno-se-corre-de-la-paritaria-docente-pero-mantiene-el-poder-de-vetar-los-aumentos\/"},"modified":"2025-05-21T18:45:27","modified_gmt":"2025-05-21T21:45:27","slug":"por-decreto-el-gobierno-se-corre-de-la-paritaria-docente-pero-mantiene-el-poder-de-vetar-los-aumentos","status":"publish","type":"post","link":"https:\/\/13.com.ar\/index.php\/por-decreto-el-gobierno-se-corre-de-la-paritaria-docente-pero-mantiene-el-poder-de-vetar-los-aumentos\/","title":{"rendered":"Por decreto, el Gobierno se corre de la paritaria docente, pero mantiene el poder de vetar los aumentos"},"content":{"rendered":"<p> <br \/>\n<br \/><img decoding=\"async\" src=\"https:\/\/13.com.ar\/wp-content\/uploads\/2025\/05\/\u00bfDonde-habra-cortes-por-el-paro-y-marcha-docente-en.jpg\" \/><\/p>\n<div id=\"element-body-0\">\n<p>Mediante un decreto firmado este mi\u00e9rcoles, el Gobierno nacional modific\u00f3 el art\u00edculo 10 de la Ley de Financiamiento Educativo, que es el que rige para<strong> la negociaci\u00f3n por el salario b\u00e1sico de los docentes de todo el pa\u00eds<\/strong>, y que com\u00fanmente se conoce como \u201cla paritaria nacional docente\u201d.<\/p>\n<\/div>\n<div id=\"element-body-1\">\n<p>Hasta este mi\u00e9rcoles, ese articulo de la Ley de Financiamiento Educativo establec\u00eda que el <strong>Ministerio de Educaci\u00f3n<\/strong> (ahora Secretaria), junto al Consejo Federal de Educaci\u00f3n y los sindicatos docentes con representaci\u00f3n nacional, \u201cacordar\u00e1n un convenio marco que incluir\u00e1 pautas generales referidas a: a) condiciones laborales, b) calendario educativo, c) salario m\u00ednimo docente y d) carrera docente\u201d.<\/p>\n<\/div>\n<div id=\"element-body-2\">\n<p>Lo importante ac\u00e1 es el punto c, <strong>salario m\u00ednimo docente<\/strong>. Lo que hace el <strong>Decreto 341\/2025<\/strong>, publicado este mi\u00e9rcoles en el Bolet\u00edn Oficial, es <strong>quitar a la Secretar\u00eda de Educaci\u00f3n de esta negociaci\u00f3n<\/strong>.<strong> Pero conservar\u00e1 la capacidad de refrendar el acuerdo<\/strong> \u201c\u00fanicamente si este es compatible con los recursos previstos en el Programa Nacional de Compensaci\u00f3n Salarial Docente. En caso de no serlo, <strong>podr\u00e1 solicitar una nueva propuesta<\/strong>\u201d, difundi\u00f3 el Gobierno en un comunicado.<\/p>\n<\/div>\n<div id=\"element-body-3\">\n<p>En concreto, la Secretar\u00eda de Educaci\u00f3n \u201cpodr\u00e1 refrendar el Convenio, o requerir que se realice una nueva propuesta cuando por razones presupuestarias no fuera posible su implementaci\u00f3n en el marco del Programa Nacional de Compensaci\u00f3n Salarial Docente\u201d, dice el nuevo decreto.<\/p>\n<\/div>\n<div id=\"element-body-4\">\n<p>La llamada paritaria nacional docente siempre estuvo <strong>en disputa entre los gremios docentes y los distintos gobiernos provinciales y nacional<\/strong>. Las provincias, que son las que pagan los salarios docentes de la educaci\u00f3n b\u00e1sica, muchas veces se quejaron que all\u00ed surg\u00edan cifras que despu\u00e9s ellos no pod\u00edan afrontar.<\/p>\n<\/div>\n<div id=\"element-body-5\">\n<p>Y <strong>para los gobiernos nacionales esta paritaria tambi\u00e9n era un dolor de cabeza<\/strong>, porque sent\u00edan la presi\u00f3n de negociar una cifra de salarios que ellos no pagaban.<\/p>\n<\/div>\n<div id=\"element-body-6\">\n<p>Con esta medida, <strong>el Gobierno nacional se quita la responsabilidad de negociar esos salarios, pero al mismo tiempo se reserva la potestad de dar de baja un aumento que est\u00e9 por encima de las pautas establecidas a nivel nacional.<\/strong><\/p>\n<\/div>\n<div id=\"element-body-7\">\n<p>La medida gener\u00f3 <strong>fuertes cr\u00edticas del sector gremial,<\/strong> especialmente de los cinco gremios docentes que tienen representaci\u00f3n nacional.<\/p>\n<\/div>\n<div id=\"element-body-8\">\n<p>En un comunicado,<strong> CTERA<\/strong> -que es uno de estos gremios nacionales- expres\u00f3 \u201csu m\u00e1s en\u00e9rgico repudio a la modificaci\u00f3n del Art\u00edculo 10\u00b0 de la Ley N\u00ba 26.075 de Financiamiento Educativo, que elimina la participaci\u00f3n del Estado nacional, a trav\u00e9s de la Secretar\u00eda de Educaci\u00f3n de la Naci\u00f3n, de la negociaci\u00f3n del salario m\u00ednimo docente\u201d.<\/p>\n<\/div>\n<div id=\"element-body-9\">\n<p>\u201cEsta decisi\u00f3n representa un grav\u00edsimo retroceso en materia de derechos laborales, <strong>un atentado contra la Paritaria Nacional Docente<\/strong> y una violaci\u00f3n del esp\u00edritu federal y democr\u00e1tico de nuestro Sistema Educativo. Desde su sanci\u00f3n, el Art\u00edculo 10\u00b0 garantiz\u00f3 la intervenci\u00f3n del Estado nacional como garante de un piso salarial com\u00fan para todxs lxs Docentes del pa\u00eds, en una mesa de negociaci\u00f3n tripartita junto a las provincias y los Sindicatos nacionales. Eliminar esta instancia es desentenderse del derecho a un salario digno, es fragmentar a\u00fan m\u00e1s el sistema educativo y consagrar la desigualdad\u201d, escribieron.<\/p>\n<\/div>\n<div id=\"element-body-10\">\n<p>Los otros cuatro gremios docentes nacionales son AMET, CEA, Sadop y UDA. En un comunicado, expresaron que \u201csi algo le faltaba hacer al Gobierno en contra de la educaci\u00f3n era firmar un decreto que lo excluye de la paritaria nacional docente y, adem\u00e1s,<strong> le otorga un poder de veto sobre lo que eventualmente se acuerde. Reconoce que deben pagar, pero se niegan a sentarse a negociar buscando volver abstracta las negociaciones<\/strong>\u201d.<\/p>\n<\/div>\n<div id=\"element-body-11\">\n<p>\u201cEl Gobierno cae en una abierta contradicci\u00f3n y arbitrariedad con poco ingenio jur\u00eddico. La Ley de Financiamiento Educativo establece que el Estado nacional, junto a las provincias y la Ciudad de Buenos Aires, es responsable de la planificaci\u00f3n, organizaci\u00f3n, supervisi\u00f3n y financiaci\u00f3n del sistema educativo. La normativa obliga al Gobierno a acordar con los gremios docentes un convenio marco para establecer condiciones laborales, calendario escolar, salario m\u00ednimo y carrera docente\u201d, agregaron.<\/p>\n<\/div>\n<div id=\"element-body-12\">\n<p>\u201cPonemos \u00e9nfasis que este Decreto viene a voltear leyes del Congreso, nacidas con amplio consenso, y pone a los actuales legisladores en una situaci\u00f3n de mero espectadores del desguace\u201d, finalizaron.<\/p>\n<\/div>\n<p><br \/>\n<br \/><a href=\"https:\/\/www.clarin.com\/politica\/decreto-gobierno-corre-paritaria-docente-mantiene-poder-vetar-aumentos_0_nSomN8kgXp.html\">Fuente Clarin.com <\/a><\/p>\n","protected":false},"excerpt":{"rendered":"<p>Mediante un decreto firmado este mi\u00e9rcoles, el Gobierno nacional modific\u00f3 el art\u00edculo 10 de la Ley de Financiamiento Educativo, que es el que rige para la negociaci\u00f3n por el salario b\u00e1sico de los docentes de todo el pa\u00eds, y que com\u00fanmente se conoce como \u201cla paritaria nacional docente\u201d. Hasta este mi\u00e9rcoles, ese articulo de la [&hellip;]<\/p>\n","protected":false},"author":1,"featured_media":27176,"comment_status":"open","ping_status":"open","sticky":false,"template":"","format":"standard","meta":{"footnotes":""},"categories":[2],"tags":[868,8146,656,3738,71,28,1177,16434,265,2140,142,18909],"class_list":["post-27201","post","type-post","status-publish","format-standard","has-post-thumbnail","hentry","category-ultimas-noticias","tag-aumentos","tag-corre","tag-decreto","tag-docente","tag-gobierno","tag-los","tag-mantiene","tag-paritaria","tag-pero","tag-poder","tag-por","tag-vetar"],"_links":{"self":[{"href":"https:\/\/13.com.ar\/index.php\/wp-json\/wp\/v2\/posts\/27201","targetHints":{"allow":["GET"]}}],"collection":[{"href":"https:\/\/13.com.ar\/index.php\/wp-json\/wp\/v2\/posts"}],"about":[{"href":"https:\/\/13.com.ar\/index.php\/wp-json\/wp\/v2\/types\/post"}],"author":[{"embeddable":true,"href":"https:\/\/13.com.ar\/index.php\/wp-json\/wp\/v2\/users\/1"}],"replies":[{"embeddable":true,"href":"https:\/\/13.com.ar\/index.php\/wp-json\/wp\/v2\/comments?post=27201"}],"version-history":[{"count":0,"href":"https:\/\/13.com.ar\/index.php\/wp-json\/wp\/v2\/posts\/27201\/revisions"}],"wp:featuredmedia":[{"embeddable":true,"href":"https:\/\/13.com.ar\/index.php\/wp-json\/wp\/v2\/media\/27176"}],"wp:attachment":[{"href":"https:\/\/13.com.ar\/index.php\/wp-json\/wp\/v2\/media?parent=27201"}],"wp:term":[{"taxonomy":"category","embeddable":true,"href":"https:\/\/13.com.ar\/index.php\/wp-json\/wp\/v2\/categories?post=27201"},{"taxonomy":"post_tag","embeddable":true,"href":"https:\/\/13.com.ar\/index.php\/wp-json\/wp\/v2\/tags?post=27201"}],"curies":[{"name":"wp","href":"https:\/\/api.w.org\/{rel}","templated":true}]}}