{"id":27200,"date":"2025-05-21T18:42:28","date_gmt":"2025-05-21T21:42:28","guid":{"rendered":"https:\/\/13.com.ar\/index.php\/como-incide-en-las-campanas\/"},"modified":"2025-05-21T18:42:28","modified_gmt":"2025-05-21T21:42:28","slug":"como-incide-en-las-campanas","status":"publish","type":"post","link":"https:\/\/13.com.ar\/index.php\/como-incide-en-las-campanas\/","title":{"rendered":"c\u00f3mo incide en las campa\u00f1as"},"content":{"rendered":"<p> <br \/>\n<br \/><img decoding=\"async\" src=\"https:\/\/13.com.ar\/wp-content\/uploads\/2025\/04\/ahora-resulta-que-cualquiera-opina.jpg\" \/><\/p>\n<div id=\"element-body-0\">\n<p>Llevamos seis elecciones provinciales en lo que va de 2025, una cuarta parte de los distritos, entre ellos dos de los cinco grandes (Santa Fe y CABA). En todos ha ca\u00eddo la participaci\u00f3n respecto a las mismas elecciones de medio t\u00e9rmino locales: en promedio 10 puntos, que como el domingo pasado se acercan peligrosamente a solo la mitad del padr\u00f3n electoral.<\/p>\n<\/div>\n<div id=\"element-body-1\">\n<p>Lo que empez\u00f3 llamando la atenci\u00f3n en Santa Fe el 13 de abril, termin\u00f3 convirti\u00e9ndose en una tendencia general. Esto tira por la borda el argumento de que alguna instancia gubernamental pudo haber incentivado la baja asistencia, ya que un fen\u00f3meno generalizado escapa del \u00e1mbito de decisiones estrat\u00e9gicas.<\/p>\n<\/div>\n<div id=\"element-body-2\">\n<p>Las causas pueden ser varias: un electorado cansado de asistir a votar m\u00e1s de una vez en el a\u00f1o, una opini\u00f3n p\u00fablica todav\u00eda con la cabeza puesta en tratar de zafar de la crisis econ\u00f3mica, la consideraci\u00f3n de que estos comicios adelantados no revisten ning\u00fan dramatismo que incentive la participaci\u00f3n, el menor atractivo de los comicios legislativos de medio t\u00e9rmino, la fatiga c\u00edvica que se detecta a nivel global, entre otros.<\/p>\n<\/div>\n<div id=\"element-body-3\">\n<p>Tambi\u00e9n estamos en la primera parte de una experiencia pol\u00edtica in\u00e9dita que, desde sus or\u00edgenes, cuestion\u00f3 el rol del Estado y la pol\u00edtica en su incidencia en la vida cotidiana de los ciudadanos, promoviendo menores regulaciones y una actitud de que cada uno se desarrolle a su propia suerte. Esto genera al menos un interrogante sobre si la sociedad argentina entr\u00f3 en una nueva fase respecto a su cultura pol\u00edtica de los \u00faltimos 41 a\u00f1os.<\/p>\n<\/div>\n<div id=\"element-body-4\">\n<p>M\u00e1s all\u00e1 de las razones del fen\u00f3meno, una participaci\u00f3n a la baja permanente representa un severo desaf\u00edo en varias puntas. Primero, agudizar\u00e1 la dificultad de las encuestas preelectorales para poder establecer proyecciones de escenarios.<\/p>\n<\/div>\n<div id=\"element-body-5\">\n<p>Si bien muchas de las cr\u00edticas que se les hacen son un tanto simplistas y faltas de rigor metodol\u00f3gico, lo cierto es que la problem\u00e1tica es global, como se ha debatido en profundidad en el \u00faltimo encuentro latinoamericano de la WAPOR (World Association of Public Opinion Research).<\/p>\n<\/div>\n<div id=\"element-body-6\">\n<p>Es complejo saber qui\u00e9nes est\u00e1n respondiendo m\u00e1s a los encuestadores en cada ocasi\u00f3n: \u00bflos m\u00e1s politizados, informados o ideologizados? Los que no tienen esas caracter\u00edsticas \u00bfir\u00e1n a votar finalmente? \u00bfpueden los estudios estimar con precisi\u00f3n el nivel de ausentismo?<\/p>\n<\/div>\n<div id=\"element-body-7\">\n<p>Si el universo de asistencia se reduce, los c\u00e1lculos entrar\u00e1n en una zona de turbulencia, mayor a la actual. Este domingo pasado hubo elecciones en Portugal, y el sitio Intrapolls -dedicado a publicar y analizar encuestas- dijo que cesaba sus actividades, entre otras razones, porque \u201cactualmente, nada funciona: todas las encuestas, agregadores y modelos de todas las empresas han fallado significativamente, haciendo que la industria sea progresivamente obsoleta\u201d. Quiz\u00e1 sea exagerado, pero muestra el grado de desconcierto existente.<\/p>\n<\/div>\n<div id=\"element-body-8\">\n<p>Si la asistencia se reduce a los m\u00e1s politizados e ideologizados, entonces las campa\u00f1as se sentir\u00e1n m\u00e1s c\u00f3modas apelando solo a sus n\u00facleos duros y radicalizados, no habiendo incentivos a moderar los discursos para captar votantes independientes, menos politizados, oscilantes o de centro. Se impone as\u00ed la l\u00f3gica de dirigir la comunicaci\u00f3n a las respectivas \u201cminor\u00edas n\u00edtidas\u201d, ya sin pretensiones de construir mayor\u00edas electorales.<\/p>\n<\/div>\n<div id=\"element-body-9\">\n<p>La progresiva fragmentaci\u00f3n del electorado -fen\u00f3meno que lleva al menos 30 a\u00f1os y se profundiz\u00f3 en todo el mundo en los \u00faltimos 10- es un formidable combustible para la dicho anteriormente.<\/p>\n<\/div>\n<div id=\"element-body-10\">\n<p>Se trata de construir el fragmento m\u00e1s grande, apuntando con relatos que homogeneicen cada minor\u00eda, evitando diluirlas. Dem\u00e1s est\u00e1 decir que esta alternativa estrat\u00e9gica va de la mano con los algoritmos de las redes sociales, los cuales aseguran mayor permanencia en el consumo con posteos radicalizados y no con los moderados.<\/p>\n<\/div>\n<div id=\"element-body-11\">\n<p>Tal cual lo describimos en este medio en la nota \u201cLa pol\u00edtica en la era exponencial\u201d (5 de marzo pasado), esto afecta la manera en c\u00f3mo se har\u00e1n construcciones pol\u00edticas en la nueva era, al mismo tiempo que atenta contra la generaci\u00f3n de grandes consensos democr\u00e1ticos.<\/p>\n<\/div>\n<div id=\"element-body-12\">\n<p>\u00bfPara qu\u00e9 consensuar y moderarse si la estrategia de campa\u00f1a no me oblig\u00f3 a ello? Hace 30 a\u00f1os un excandidato presidencial repet\u00eda a sus referentes: c\u00f3mo se llega al poder, determina la forma en que se gobierna.<\/p>\n<\/div>\n<div id=\"element-body-13\">\n<p>Claro que para usufructuar esa posibilidad que da la fragmentaci\u00f3n, se debe tener muy claro cu\u00e1l es mi minor\u00eda n\u00edtida, qu\u00e9 la homogeneiza, la radicaliza y la blinda frente a otros discursos que pretendan seducirla. Eso implica una profunda investigaci\u00f3n de opini\u00f3n p\u00fablica y un alto profesionalismo en el manejo de la comunicaci\u00f3n, particularmente en las redes sociales.<\/p>\n<\/div>\n<div id=\"element-body-14\">\n<p>Todo eso significa dinero y sofisticaci\u00f3n, lo cual no destaca a la mayor\u00eda de las campa\u00f1as habitualmente. Es por eso por lo que, quienes tienen m\u00e1s presencia territorial y\/o controlan alguna instancia estatal, tienen m\u00e1s probabilidades de ser competitivos. As\u00ed se profundiza la tendencia de la \u201ccancha inclinada\u201d.<\/p>\n<\/div>\n<div id=\"element-body-15\">\n<p><em>Carlos Fara es polit\u00f3logo. Consultor pol\u00edtico especialista en Opini\u00f3n P\u00fablica y campa\u00f1as electorales. <\/em><\/p>\n<\/div>\n<p><br \/>\n<br \/><a href=\"https:\/\/www.clarin.com\/opinion\/mayor-abstencion-electoral-incide-campanas_0_2TAiiiPpWx.html\">Fuente Clarin.com <\/a><\/p>\n","protected":false},"excerpt":{"rendered":"<p>Llevamos seis elecciones provinciales en lo que va de 2025, una cuarta parte de los distritos, entre ellos dos de los cinco grandes (Santa Fe y CABA). En todos ha ca\u00eddo la participaci\u00f3n respecto a las mismas elecciones de medio t\u00e9rmino locales: en promedio 10 puntos, que como el domingo pasado se acercan peligrosamente a [&hellip;]<\/p>\n","protected":false},"author":1,"featured_media":17512,"comment_status":"open","ping_status":"open","sticky":false,"template":"","format":"standard","meta":{"footnotes":""},"categories":[2],"tags":[14340,66,18908,48],"class_list":["post-27200","post","type-post","status-publish","format-standard","has-post-thumbnail","hentry","category-ultimas-noticias","tag-campanas","tag-como","tag-incide","tag-las"],"_links":{"self":[{"href":"https:\/\/13.com.ar\/index.php\/wp-json\/wp\/v2\/posts\/27200","targetHints":{"allow":["GET"]}}],"collection":[{"href":"https:\/\/13.com.ar\/index.php\/wp-json\/wp\/v2\/posts"}],"about":[{"href":"https:\/\/13.com.ar\/index.php\/wp-json\/wp\/v2\/types\/post"}],"author":[{"embeddable":true,"href":"https:\/\/13.com.ar\/index.php\/wp-json\/wp\/v2\/users\/1"}],"replies":[{"embeddable":true,"href":"https:\/\/13.com.ar\/index.php\/wp-json\/wp\/v2\/comments?post=27200"}],"version-history":[{"count":0,"href":"https:\/\/13.com.ar\/index.php\/wp-json\/wp\/v2\/posts\/27200\/revisions"}],"wp:featuredmedia":[{"embeddable":true,"href":"https:\/\/13.com.ar\/index.php\/wp-json\/wp\/v2\/media\/17512"}],"wp:attachment":[{"href":"https:\/\/13.com.ar\/index.php\/wp-json\/wp\/v2\/media?parent=27200"}],"wp:term":[{"taxonomy":"category","embeddable":true,"href":"https:\/\/13.com.ar\/index.php\/wp-json\/wp\/v2\/categories?post=27200"},{"taxonomy":"post_tag","embeddable":true,"href":"https:\/\/13.com.ar\/index.php\/wp-json\/wp\/v2\/tags?post=27200"}],"curies":[{"name":"wp","href":"https:\/\/api.w.org\/{rel}","templated":true}]}}