{"id":27195,"date":"2025-05-21T18:24:28","date_gmt":"2025-05-21T21:24:28","guid":{"rendered":"https:\/\/13.com.ar\/index.php\/fernando-dente-revelo-su-deseo-de-ser-padre-tengo-muchas-ganas\/"},"modified":"2025-05-21T18:24:28","modified_gmt":"2025-05-21T21:24:28","slug":"fernando-dente-revelo-su-deseo-de-ser-padre-tengo-muchas-ganas","status":"publish","type":"post","link":"https:\/\/13.com.ar\/index.php\/fernando-dente-revelo-su-deseo-de-ser-padre-tengo-muchas-ganas\/","title":{"rendered":"Fernando Dente revel\u00f3 su deseo de ser padre: &#8220;Tengo muchas ganas&#8221;"},"content":{"rendered":"<p> <br \/>\n<br \/><img decoding=\"async\" src=\"https:\/\/13.com.ar\/wp-content\/uploads\/2025\/05\/Fernando-Dente-revelo-su-deseo-de-ser-padre-Tengo-muchas.jpg\" \/><\/p>\n<div id=\"element-body-0\">\n<p>Mientras se prepara para dirigir el musical <em>Despertar de Primavera<\/em> en el Teatro \u00d3pera (desde el 20 de junio), <strong>Fernando Dente<\/strong> (35) revel\u00f3 que <strong>tiene el deseo de formar una familia y convertirse en padre. <\/strong><\/p>\n<\/div>\n<div id=\"element-body-1\">\n<p>El actor, conductor y director teatral expres\u00f3 su deseo de comenzar a explorar las distintas alternativas que existen para lograrlo.<\/p>\n<\/div>\n<div id=\"element-body-2\">\n<p>Fernando Dente y el actor uruguayo Pablo Turturiello \u2014pr\u00f3ximo protagonista de <em>La Sirenita<\/em>\u2014 oficializaron su romance en junio de 2024, tras conocerse durante la puesta en escena del musical <em>Heathers.<\/em><\/p>\n<\/div>\n<div id=\"element-body-3\">\n<p>&#8220;El muchacho es el protagonista de <em>La Sirenita<\/em> as\u00ed que pasamos poco tiempo juntos, con suerte, los fines de semana y adem\u00e1s como \u00e9l es uruguayo y viaja a ver a la familia all\u00e1&#8230;&#8221;, explic\u00f3 al dialogar sobre su noviazgo en el ciclo DDM (Am\u00e9rica TV), describiendo los problemas de agenda que le imposibilitan compartir mucho tiempo con su pareja.<\/p>\n<\/div>\n<div id=\"element-body-4\">\n<p>Pero s\u00ed no escatim\u00f3 elogios hacia su pareja y su carrera: &#8220;Me conmueve mucho ver a un hombre de 26 a\u00f1os que vive solo ac\u00e1 hace cinco, y <strong>c\u00f3mo arm\u00f3 su camino tan mete\u00f3ricamente, siguiendo su deseo.<\/strong> Y ver tambi\u00e9n como todo el mundo lo ama&#8221;.<\/p>\n<\/div>\n<div id=\"element-body-6\">\n<p>En ese momento, Mariana Fabbiani, conductora del ciclo, le pregunt\u00f3 si le gustar\u00eda tener hijos y Dente respondi\u00f3 sin vueltas: <strong>&#8220;Si, me muero de ganas. Tengo muchas de ser padre en alg\u00fan momento&#8221;.<\/strong><\/p>\n<\/div>\n<div id=\"element-body-7\">\n<p>Cuando la conductora le consulto si formar una familia era uno de los grandes proyectos que anhela concretar en su vida, explic\u00f3: &#8220;A medida que voy creciendo, obviamente no tengo un reloj biol\u00f3gico que me corre, pero<strong> el deseo est\u00e1 desde los 30&#8243;.<\/strong><\/p>\n<\/div>\n<div id=\"element-body-8\">\n<p>&#8220;Ahora tengo 35, pero<strong> me di cuenta que es algo que me gustar\u00eda atravesar, re contra&#8221;<\/strong>, sum\u00f3 a continuaci\u00f3n.<\/p>\n<\/div>\n<div id=\"element-body-10\">\n<p>Consultado sobre si ya empez\u00f3 a explorar las distintas opciones disponibles para convertirse en padre, Dente plante\u00f3, con algo de humor: <strong>&#8220;Si te digo que si, te miento y si te digo que no, tambi\u00e9n&#8221;.<\/strong><\/p>\n<\/div>\n<div id=\"element-body-11\">\n<p>&#8220;No creo estar tan interiorizado como para entender las diferentes posibilidades que existen en Argentina o afuera del pa\u00eds como la adopci\u00f3n o la subrogaci\u00f3n, pero <strong>es algo que en alg\u00fan momento me gustar\u00eda empezar a investigar un poco m\u00e1s para saber como me siento con eso, y de que va&#8221;<\/strong>, desarroll\u00f3 Dente. <\/p>\n<\/div>\n<div id=\"element-body-12\">\n<p>Y finalmente dej\u00f3 en claro que le gustar\u00eda formar una familia junto a su pareja:<strong> &#8220;Con Pablo, s\u00ed, nos gustar\u00eda hacerlo juntos&#8221;.<\/strong><\/p>\n<\/div>\n<p><script async src=\"\/\/www.instagram.com\/embed.js\"><\/script><br \/>\n<br \/><br \/>\n<br \/><a href=\"https:\/\/www.clarin.com\/fama\/fernando-dente-revelo-deseo-padre-muchas-ganas_0_BGt5Ig1KZd.html\">Fuente Clarin.com <\/a><\/p>\n","protected":false},"excerpt":{"rendered":"<p>Mientras se prepara para dirigir el musical Despertar de Primavera en el Teatro \u00d3pera (desde el 20 de junio), Fernando Dente (35) revel\u00f3 que tiene el deseo de formar una familia y convertirse en padre. El actor, conductor y director teatral expres\u00f3 su deseo de comenzar a explorar las distintas alternativas que existen para lograrlo. [&hellip;]<\/p>\n","protected":false},"author":1,"featured_media":27196,"comment_status":"open","ping_status":"open","sticky":false,"template":"","format":"standard","meta":{"footnotes":""},"categories":[2],"tags":[18906,5216,886,10530,7877,2157,241,1234,5294],"class_list":["post-27195","post","type-post","status-publish","format-standard","has-post-thumbnail","hentry","category-ultimas-noticias","tag-dente","tag-deseo","tag-fernando","tag-ganas","tag-muchas","tag-padre","tag-revelo","tag-ser","tag-tengo"],"_links":{"self":[{"href":"https:\/\/13.com.ar\/index.php\/wp-json\/wp\/v2\/posts\/27195","targetHints":{"allow":["GET"]}}],"collection":[{"href":"https:\/\/13.com.ar\/index.php\/wp-json\/wp\/v2\/posts"}],"about":[{"href":"https:\/\/13.com.ar\/index.php\/wp-json\/wp\/v2\/types\/post"}],"author":[{"embeddable":true,"href":"https:\/\/13.com.ar\/index.php\/wp-json\/wp\/v2\/users\/1"}],"replies":[{"embeddable":true,"href":"https:\/\/13.com.ar\/index.php\/wp-json\/wp\/v2\/comments?post=27195"}],"version-history":[{"count":0,"href":"https:\/\/13.com.ar\/index.php\/wp-json\/wp\/v2\/posts\/27195\/revisions"}],"wp:featuredmedia":[{"embeddable":true,"href":"https:\/\/13.com.ar\/index.php\/wp-json\/wp\/v2\/media\/27196"}],"wp:attachment":[{"href":"https:\/\/13.com.ar\/index.php\/wp-json\/wp\/v2\/media?parent=27195"}],"wp:term":[{"taxonomy":"category","embeddable":true,"href":"https:\/\/13.com.ar\/index.php\/wp-json\/wp\/v2\/categories?post=27195"},{"taxonomy":"post_tag","embeddable":true,"href":"https:\/\/13.com.ar\/index.php\/wp-json\/wp\/v2\/tags?post=27195"}],"curies":[{"name":"wp","href":"https:\/\/api.w.org\/{rel}","templated":true}]}}