{"id":27190,"date":"2025-05-21T18:06:47","date_gmt":"2025-05-21T21:06:47","guid":{"rendered":"https:\/\/13.com.ar\/index.php\/expectativa-de-81-intendentes-19-legisladores-y-decenas-de-concejales-de-todos-los-partidos\/"},"modified":"2025-05-21T18:06:47","modified_gmt":"2025-05-21T21:06:47","slug":"expectativa-de-81-intendentes-19-legisladores-y-decenas-de-concejales-de-todos-los-partidos","status":"publish","type":"post","link":"https:\/\/13.com.ar\/index.php\/expectativa-de-81-intendentes-19-legisladores-y-decenas-de-concejales-de-todos-los-partidos\/","title":{"rendered":"expectativa de 81 intendentes, 19 legisladores y decenas de concejales de todos los partidos"},"content":{"rendered":"<p> <br \/>\n<\/p>\n<div id=\"cuerpo\">\n<div class=\"sc-45461e9c-0 eqiBeF container-text text-embed \" id=\"element-body-0\">\n<p>La complejidad de elecci\u00f3n desdoblada en la <strong>provincia de Buenos Aires <\/strong>suma un escollo para la gran mayor\u00eda de las fuerzas pol\u00edticas: <strong>el l\u00edmite a las reelecciones <\/strong>de concejales, legisladores e intendentes -aunque a estos \u00faltimos reci\u00e9n les toca en 2027-, que juega un papel clave para el cierre de listas de estos comicios. <\/p>\n<\/div>\n<div class=\"sc-45461e9c-0 eqiBeF container-text text-embed \" id=\"element-body-1\">\n<p>Transversal a todos los partidos, si aprueban el cambio se podr\u00e1n presentar 81 intendentes, pero en especial 19 legisladores y decenas de concejales que este a\u00f1o no podr\u00edan inscribir sus nombres en las listas. Aunque hay una interna dentro del propio peronismo porque hay dos proyectos.<\/p>\n<\/div>\n<div class=\"sc-45461e9c-0 eqiBeF container-text text-embed \" id=\"element-body-2\">\n<p>Este jueves el Senado bonaerense avanzar\u00e1 en la discusi\u00f3n y la urgencia para los que cierran las listas el 19 de julio es el l\u00edmite a diez senadores provinciales y ocho diputados de la Legislatura. <\/p>\n<\/div>\n<div class=\"sc-45461e9c-0 eqiBeF container-text text-embed \" id=\"element-body-3\">\n<p>Entre los senadores provinciales que no pueden ir por otro mandato, hay muchos pesos pesados. Por el peronismo est\u00e1n Luis <strong>Omar Vivona<\/strong>, senador provincial y socio pol\u00edtico de Leonardo Nardini, intendente de Malvinas Argentinas; y<strong> Gustavo &#8220;Lagarto&#8221; Soos<\/strong>, mano derecha del jefe comunal de Merlo, Gustavo Men\u00e9ndez. Mientras que por los libertarios aparece <strong>Daniela Reich<\/strong>, esposa de Diego Valenzuela, intendente de Tres de Febrero.<\/p>\n<\/div>\n<div class=\"sc-45461e9c-0 eqiBeF container-text text-embed \" id=\"element-body-4\">\n<p>La ley que limita las reelecciones fue sancionada en 2016 por un acuerdo entre el PRO que lideraba Mar\u00eda Eugenia Vidal y el massismo. La modificaron a fines 2021, despu\u00e9s de que limit\u00f3 a dos senadores, diez diputados y decenas de concejales. Este a\u00f1o cuando se trat\u00f3 en comisi\u00f3n, Reich se ausent\u00f3 y junto a otros faltazos posibilit\u00f3 que se habilite el dictamen.<\/p>\n<\/div>\n<div class=\"sc-45461e9c-0 eqiBeF container-text text-embed \" id=\"element-body-5\">\n<p>Ahora el l\u00edmite tambi\u00e9n alcanza a <strong>Mar\u00eda Teresa Garc\u00eda<\/strong>, presidenta del bloque oficialista en el Senado provincial. Tampoco se podr\u00edan presentar la macrista <strong>Aldana Ahumada<\/strong>, el radical<strong> Agust\u00edn M\u00e1spoli <\/strong>(Chacabuco), la camporista <strong>Mar\u00eda Elena &#8220;Male&#8221; Defunchio<\/strong> (9 de Julio), <strong>Flavia Delmonte <\/strong>de la UCR de La Costa, la peronista <strong>Gabriela Demar\u00eda<\/strong> (La Costa) y el ginec\u00f3logo radical <strong>Luis Alejandro Cellillo<\/strong> (General Alvear). <\/p>\n<\/div>\n<div class=\"sc-98b114a2-0 bkqiHH image-embed  image-embed \" id=\"element-body-6\"><picture class=\"sc-98b114a2-1 jRUlDm\"><source media=\"(min-width: 975px)\" width=\"720\" height=\"480\" \/><img alt=\"Mar\u00eda Teresa Garc\u00eda, una de las senadoras provinciales que no podr\u00eda renovar si no modifican la ley.\" loading=\"lazy\" width=\"720\" height=\"480\" decoding=\"async\" data-nimg=\"1\" style=\"color:transparent\" src=\"https:\/\/13.com.ar\/wp-content\/uploads\/2025\/05\/expectativa-de-81-intendentes-19-legisladores-y-decenas-de-concejales.jpg\"\/><span class=\"epigraphe\">Mar\u00eda Teresa Garc\u00eda, una de las senadoras provinciales que no podr\u00eda renovar si no modifican la ley.<\/span><span class=\"picture-open\"><button class=\"open-image\" aria-label=\"Open Image\"\/><\/span><\/picture><\/div>\n<div class=\"sc-45461e9c-0 eqiBeF container-text text-embed \" id=\"element-body-7\">\n<p>El radicalismo adelant\u00f3 su postura negativa al proyecto e incluso la senadora radical Delmonte -que podr\u00eda ser beneficiada por la modificaci\u00f3n- vot\u00f3 en contra del dictamen en la reuni\u00f3n de comisi\u00f3n.<\/p>\n<\/div>\n<div class=\"sc-45461e9c-0 eqiBeF container-text text-embed \" id=\"element-body-8\">\n<p>En diputados, la norma limitar\u00eda a la kicilofista <strong>Mariana Larroque<\/strong>, hermana del ministro de Desarrollo de la Comunidad, Andr\u00e9s &#8220;Cuervo&#8221; Larroque; la &#8220;lilita&#8221; <strong>Maricel Etchecoin<\/strong>, de la Coalici\u00f3n C\u00edvica; <strong>Nicol\u00e1s Russo<\/strong>, que asumi\u00f3 el mandato el 10 de diciembre de 2019 y fue reelegido en 2021. Y se suman el l\u00edder de la bancada peronista <strong>Facundo Tignanelli<\/strong>, y los otros peronistas <strong>Susana Gonz\u00e1lez<\/strong> y <strong>Carlos &#8220;Cuto&#8221; Moreno<\/strong>.<\/p>\n<\/div>\n<div class=\"sc-45461e9c-0 eqiBeF container-text text-embed \" id=\"element-body-9\">\n<p>Tampoco el macrista <strong>Mat\u00edas Ranzini<\/strong> (Z\u00e1rate), la camporista <strong>Fernanda D\u00edaz <\/strong>(Col\u00f3n), la massista <strong>Mar\u00eda Fernanda Bevilacqua<\/strong> (Villarino), los radicales <strong>Emiliano Balb\u00edn<\/strong> (Salliquel\u00f3), y <strong>Anah\u00ed Bilbao <\/strong>(Laprida). Y <strong>Guillermo Kane<\/strong>, del Frente de Izquierda.<\/p>\n<\/div>\n<div class=\"sc-45461e9c-0 eqiBeF container-text text-embed \" id=\"element-body-10\">\n<p>Para sortear la presi\u00f3n que ejercer concejales que no pueden reelegir sobre intendentes y el caso de los legisladores provinciales, desde el espacio de M\u00e1ximo Kirchner surgi\u00f3 el proyecto que solo alcanza a legisladores y concejales. Esto enfureci\u00f3 a los intendentes peronistas. <\/p>\n<\/div>\n<div class=\"sc-98b114a2-0 bkqiHH image-embed  image-embed \" id=\"element-body-11\"><picture class=\"sc-98b114a2-1 jRUlDm\"><source media=\"(min-width: 975px)\" width=\"720\" height=\"480\" \/><img alt=\"La senadora provincial libertaria Daniela Reich, esposa de Diego Valenzuela, intendente de Tres de Febrero.\" loading=\"lazy\" width=\"720\" height=\"480\" decoding=\"async\" data-nimg=\"1\" style=\"color:transparent\" src=\"https:\/\/13.com.ar\/wp-content\/uploads\/2025\/04\/1743609088_47_los-intendentes-buscan-eliminar-el-limite-a-las-reelecciones.jpg\"\/><span class=\"epigraphe\">La senadora provincial libertaria Daniela Reich, esposa de Diego Valenzuela, intendente de Tres de Febrero.<\/span><span class=\"picture-open\"><button class=\"open-image\" aria-label=\"Open Image\"\/><\/span><\/picture><\/div>\n<div class=\"sc-45461e9c-0 eqiBeF container-text text-embed \" id=\"element-body-12\">\n<p>Pero ahora, la senadora kicilofista Ayel\u00e9n Dur\u00e1n present\u00f3 un proyecto que ampl\u00eda la eliminaci\u00f3n del l\u00edmite a los jefes comunales. Ya no correrlo por una vez como fue en 2021, sino volver todo para atr\u00e1s. Esto beneficia a 82 intendentes de todos los colores.<\/p>\n<\/div>\n<p><h2>Uno por uno, los 81 intendentes que se beneficiar\u00edan con el cambio de la ley<\/h2>\n<\/p>\n<div class=\"sc-45461e9c-0 eqiBeF container-text text-embed \" id=\"element-body-14\">\n<p>En el Conurbano norte y oeste aparecen los peronistas: Mario Ishii (Jos\u00e9 C. Paz); Gustavo Men\u00e9ndez (Merlo); Mariel Fern\u00e1ndez (Moreno); Julio Zamora (Tigre); Ariel Sujarchuk (Escobar); Leonardo Nardini (Malvinas Argentinas); Juani Ustarroz (Mercedes); Mauro Garc\u00eda (General Rodr\u00edguez); Leonardo Boto (Luj\u00e1n); Federico Ach\u00e1val (Pilar); Fernando Moreira (San Mart\u00edn); Juan Andreotti (San Fernando) y Javier Osuna (Las Heras).<\/p>\n<\/div>\n<div class=\"sc-45461e9c-0 eqiBeF container-text text-embed \" id=\"element-body-15\">\n<p>Tambi\u00e9n est\u00e1 el macrista Sebasti\u00e1n Abella (Campana); y el neo libertario Diego Valenzuela (Tres de Febrero).<\/p>\n<\/div>\n<div class=\"sc-45461e9c-0 eqiBeF container-text text-embed \" id=\"element-body-16\">\n<p>En la zona sur del GBA, se anotan los peronistas: Fernando Gray (Esteban Echeverr\u00eda); Mariano Cascallares (Almirante Brown); Jorge Ferraresi (Avellaneda), Mayra Mendoza (Quilmes); Mario Secco (Ensenada), Fernando Espinoza (La Matanza), Fabi\u00e1n Cagliardi (Berisso); Juan Jos\u00e9 Mussi (Berazategui); Marisa Fassi (Ca\u00f1uelas); Andr\u00e9s Watson (Florencio Varela); Blanca Cantero (Presidente Per\u00f3n); y Nicol\u00e1s Mantegazza (San Vicente). A los que se suma el macrista Jorge Etcheverry (Lobos).<\/p>\n<\/div>\n<div class=\"sc-98b114a2-0 bkqiHH image-embed  image-embed \" id=\"element-body-17\"><picture class=\"sc-98b114a2-1 jRUlDm\"><source media=\"(min-width: 975px)\" width=\"720\" height=\"480\" \/><img alt=\"52 intendentes peronistas no pueden presentarse a un nuevo mandato en 2027.\" loading=\"lazy\" width=\"720\" height=\"480\" decoding=\"async\" data-nimg=\"1\" style=\"color:transparent\" src=\"https:\/\/13.com.ar\/wp-content\/uploads\/2025\/05\/1747861607_773_expectativa-de-81-intendentes-19-legisladores-y-decenas-de-concejales.jpg\"\/><span class=\"epigraphe\">52 intendentes peronistas no pueden presentarse a un nuevo mandato en 2027.<\/span><span class=\"picture-open\"><button class=\"open-image\" aria-label=\"Open Image\"\/><\/span><\/picture><\/div>\n<div class=\"sc-45461e9c-0 eqiBeF container-text text-embed \" id=\"element-body-18\">\n<p>En la Segunda Secci\u00f3n Electoral, figuran los peronistas Ricardo Alessandro (Salto), Cecilio Salazar (San Pedro), Esteban Sanzio (Baradero); Iv\u00e1n Villagr\u00e1n (Carmen de Areco); y Diego Nanni (Exaltaci\u00f3n de la Cruz). Tambi\u00e9n est\u00e1n los macristas Javier Mart\u00ednez (Pergamino); y Francisco Ratto (San Antonio de Areco).<\/p>\n<\/div>\n<div class=\"sc-45461e9c-0 eqiBeF container-text text-embed \" id=\"element-body-19\">\n<p>Tambi\u00e9n el interior no podr\u00edan ir por otro mandato en 2027 los peronistas: Ricardo Curutchet (Marcos Paz), Gustavo Cocconi (Tapalqu\u00e9), Pablo Zurro (Pehuaj\u00f3), Germ\u00e1n Lago (Alberti); Mar\u00eda Celia Gianini (Carlos Tejedor); Alfredo Zavatarelli (General Pinto); Ignacio Pugnaloni (Hip\u00f3lito Yrigoyen); Sebasti\u00e1n Walker (Pila); Carlos Ferraris (Alem); H\u00e9ctor Olivera (Tordillo); Francisco Echarren (Castelli). <\/p>\n<\/div>\n<div class=\"sc-45461e9c-0 eqiBeF container-text text-embed \" id=\"element-body-20\">\n<p>Tampoco Javier Gast\u00f3n (Chascom\u00fas); Alberto Gelen\u00e9 (Las Flores); Gustavo Barrera (Villa Gesell); Sebasti\u00e1n Ianantuony (General Alvarado); Carlos Rocha (General Guido); Juan Manuel \u00c1lvarez (General Paz); Marcos Pisano (Bol\u00edvar); Julio Marini (Benito Ju\u00e1rez); Alejandro Acerbo (Daireaux); Sergio Bordoni (Tornquist); Ricardo Moccero (Coronel Su\u00e1rez); y Jos\u00e9 Nobre Ferreira (Guamin\u00ed).<\/p>\n<\/div>\n<div class=\"sc-45461e9c-0 eqiBeF container-text text-embed \" id=\"element-body-21\">\n<p>A su vez, tambi\u00e9n hay 17 radicales alcanzados por la norma: \u00c9rica Revilla (General Arenales); Franco Flexas (General Viamonte); Salvador Serenal (Lincoln); Miguel Lunghi (Tandil); Arnaldo Harispe (Lezama); Emilio Cordonnier (Ayacucho); Javier Andr\u00e9s (Adolfo Alsina); Jos\u00e9 Luis Salom\u00f3n (Saladillo); Ram\u00f3n Capra (General Alvear); Jos\u00e9 Castro (Monte); Maximiliano Suesc\u00fan (Rauch); Mart\u00edn Randazzo (Lamadrid); Esteban Reino (Balcarce); Esteban Santoro (Madariaga); Osvaldo Di N\u00e1poli (General Belgrano); Mat\u00edas Rapallini (Maip\u00fa) y Miguel Gargalione (San Cayetano).<\/p>\n<\/div>\n<div class=\"sc-98b114a2-0 bkqiHH image-embed  image-embed \" id=\"element-body-22\"><picture class=\"sc-98b114a2-1 jRUlDm\"><source media=\"(min-width: 975px)\" width=\"720\" height=\"480\" \/><img alt=\"De los 28 intendentes radicales, 17 no podr\u00edan reelegir en 2027.\" loading=\"lazy\" width=\"720\" height=\"480\" decoding=\"async\" data-nimg=\"1\" style=\"color:transparent\" src=\"https:\/\/13.com.ar\/wp-content\/uploads\/2025\/05\/mas-cerca-del-PRO-que-de-los-libertarios.jpg\"\/><span class=\"epigraphe\">De los 28 intendentes radicales, 17 no podr\u00edan reelegir en 2027.<\/span><span class=\"picture-open\"><button class=\"open-image\" aria-label=\"Open Image\"\/><\/span><\/picture><\/div>\n<div class=\"sc-45461e9c-0 eqiBeF container-text text-embed \" id=\"element-body-23\">\n<p>A Guillermo Montenegro (General Pueyrred\u00f3n), partido con Mar del Plata como cabecera, tambi\u00e9n se suman otros macristas: Lisandro Matzkin (Coronel Pringles); y Pablo Petrecca (Jun\u00edn).<\/p>\n<\/div>\n<div class=\"sc-45461e9c-0 eqiBeF container-text text-embed \" id=\"element-body-24\">\n<p>Y tampoco se podr\u00edan presentar los vecinalistas: Arturo Rojas (Necochea); Carlos Bevilacqua (Villarino); Guillermo Britos (Chivilcoy); y Jaime M\u00e9ndez (San Miguel), del Peronismo Federal, referenciado en Joaqu\u00edn De la Torre.<\/p>\n<\/div>\n<\/div>\n<p><br \/>\n<br \/><a href=\"https:\/\/www.clarin.com\/politica\/reelecciones-indefinidas-expectativa-81-intendentes-19-legisladores-decenas-concejales-partidos_0_wlRmy6hStU.html\">Fuente Clarin.com <\/a><\/p>\n","protected":false},"excerpt":{"rendered":"<p>La complejidad de elecci\u00f3n desdoblada en la provincia de Buenos Aires suma un escollo para la gran mayor\u00eda de las fuerzas pol\u00edticas: el l\u00edmite a las reelecciones de concejales, legisladores e intendentes -aunque a estos \u00faltimos reci\u00e9n les toca en 2027-, que juega un papel clave para el cierre de listas de estos comicios. Transversal [&hellip;]<\/p>\n","protected":false},"author":1,"featured_media":27191,"comment_status":"open","ping_status":"open","sticky":false,"template":"","format":"standard","meta":{"footnotes":""},"categories":[2],"tags":[16250,11244,5109,485,1112,28,514,923],"class_list":["post-27190","post","type-post","status-publish","format-standard","has-post-thumbnail","hentry","category-ultimas-noticias","tag-concejales","tag-decenas","tag-expectativa","tag-intendentes","tag-legisladores","tag-los","tag-partidos","tag-todos"],"_links":{"self":[{"href":"https:\/\/13.com.ar\/index.php\/wp-json\/wp\/v2\/posts\/27190","targetHints":{"allow":["GET"]}}],"collection":[{"href":"https:\/\/13.com.ar\/index.php\/wp-json\/wp\/v2\/posts"}],"about":[{"href":"https:\/\/13.com.ar\/index.php\/wp-json\/wp\/v2\/types\/post"}],"author":[{"embeddable":true,"href":"https:\/\/13.com.ar\/index.php\/wp-json\/wp\/v2\/users\/1"}],"replies":[{"embeddable":true,"href":"https:\/\/13.com.ar\/index.php\/wp-json\/wp\/v2\/comments?post=27190"}],"version-history":[{"count":0,"href":"https:\/\/13.com.ar\/index.php\/wp-json\/wp\/v2\/posts\/27190\/revisions"}],"wp:featuredmedia":[{"embeddable":true,"href":"https:\/\/13.com.ar\/index.php\/wp-json\/wp\/v2\/media\/27191"}],"wp:attachment":[{"href":"https:\/\/13.com.ar\/index.php\/wp-json\/wp\/v2\/media?parent=27190"}],"wp:term":[{"taxonomy":"category","embeddable":true,"href":"https:\/\/13.com.ar\/index.php\/wp-json\/wp\/v2\/categories?post=27190"},{"taxonomy":"post_tag","embeddable":true,"href":"https:\/\/13.com.ar\/index.php\/wp-json\/wp\/v2\/tags?post=27190"}],"curies":[{"name":"wp","href":"https:\/\/api.w.org\/{rel}","templated":true}]}}