{"id":27189,"date":"2025-05-21T18:03:28","date_gmt":"2025-05-21T21:03:28","guid":{"rendered":"https:\/\/13.com.ar\/index.php\/marcos-galperin-anuncio-que-deja-de-ser-el-ceo-de-mercado-libre\/"},"modified":"2025-05-21T18:03:28","modified_gmt":"2025-05-21T21:03:28","slug":"marcos-galperin-anuncio-que-deja-de-ser-el-ceo-de-mercado-libre","status":"publish","type":"post","link":"https:\/\/13.com.ar\/index.php\/marcos-galperin-anuncio-que-deja-de-ser-el-ceo-de-mercado-libre\/","title":{"rendered":"Marcos Galper\u00edn anunci\u00f3 que deja de ser el CEO de Mercado Libre"},"content":{"rendered":"<p> <br \/>\n<br \/><img decoding=\"async\" src=\"https:\/\/13.com.ar\/wp-content\/uploads\/2025\/02\/Mercado-Libre-tuvo-en-2024-el-mejor-balance-de-su.jpg\" \/><\/p>\n<div id=\"element-body-0\">\n<p>Luego de que su empresa presentara un s\u00f3lido balance ante sus inversores, Marcos Galper\u00edn dio una noticia que sacude al universo empresarial:<strong> luego de 26 a\u00f1os al frente de Mercado Libre, decidi\u00f3 dar un paso al costado<\/strong> y dejar de ser CEO de la compa\u00f1\u00eda que fund\u00f3. En su lugar quedar\u00e1 <strong>Ariel Szarfsztejn, que hasta ahora se desempe\u00f1a como Presidente de Comercio del unicornio.<\/strong><\/p>\n<\/div>\n<div id=\"element-body-1\">\n<p>No se trata de la salida de Galper\u00edn de la empresa, sino de un cambio de roles: desde el a\u00f1o pr\u00f3ximo se <strong>desempe\u00f1ar\u00e1 como Executive Chairman,<\/strong> por lo que su d\u00eda a d\u00eda seguir\u00e1 muy involucrado con MELI. Fiel a su estilo, el empresario us\u00f3 su cuenta en la red social X para hacer este anuncio y explicar que comienza una <strong>etapa &#8220;de transici\u00f3n&#8221; entre su liderazgo y el de su sucesor.<\/strong><\/p>\n<\/div>\n<div id=\"element-body-3\">\n<p>&#8220;Quiero compartir con ustedes una noticia que marca el comienzo de una nueva y emocionante etapa para Mercado Libre. Despu\u00e9s de 26 a\u00f1os liderando la compa\u00f1\u00eda como CEO, he tomado la decisi\u00f3n de transicionar a un nuevo rol como Executive Chairman, a partir del 1 de enero de 2026 cuando Ariel Szarfstztejn asumir\u00e1 el rol de CEO. En los pr\u00f3ximos meses trabajaremos juntos en una transici\u00f3n&#8221;, escribi\u00f3 en un extenso comunicado que comparti\u00f3 en esa red. <\/p>\n<\/div>\n<div id=\"element-body-4\">\n<p>&#8220;Desde mi rol como Executive Chairman, <strong>seguir\u00e9 muy involucrado en MELI. <\/strong>Mi enfoque estar\u00e1 puesto en la estrategia, la evoluci\u00f3n del producto, la cultura, decisiones de asignaci\u00f3n de capital, algunos proyectos puntuales y en c\u00f3mo continuaremos aplicando la inteligencia artificial para transformar nuestro negocio y nuestra empresa&#8221;, adelant\u00f3 Galper\u00edn.<\/p>\n<\/div>\n<div id=\"element-body-5\">\n<p>La nota tambi\u00e9n muestra las &#8220;credenciales&#8221; de quien fue elegido para reemplazarlo en el rol de CEO: &#8220;Estoy absolutamente convencido de que Ariel Szarfstztejn es la persona indicada para liderar esta nueva etapa como CEO de MELI. Ari estudi\u00f3 en la <strong>Universidad de Buenos Aires e hizo un posgrado en Stanford. <\/strong>Se uni\u00f3 a MELI en el 2017 y comenz\u00f3 en Estrategia y Nuevos Negocios, luego lider\u00f3 el desarrollo de nuestra red log\u00edstica en toda Am\u00e9rica Latina y, durante los \u00faltimos tres a\u00f1os, ha dirigido exitosamente nuestro Marketplace. Posee la capacidad, el liderazgo, la confianza del equipo y, fundamentalmente, la cultura necesaria para guiar a MELI por muchos a\u00f1os m\u00e1s&#8221;.<\/p>\n<\/div>\n<div id=\"element-body-6\">\n<p>Galper\u00edn asegur\u00f3 que esta decisi\u00f3n, que surge como una b\u00fasqueda personal, tambi\u00e9n representa un<strong> &#8220;recambio generacional&#8221; <\/strong>en su empresa. &#8220;S\u00e9 que Ari, junto al talentoso equipo que me ha acompa\u00f1ado, tiene todo lo que se requiere para que MELI siga creciendo fuertemente en las pr\u00f3ximas d\u00e9cadas, continuando nuestra misi\u00f3n democratizadora del comercio electr\u00f3nico y los servicios financieros en la regi\u00f3n&#8221;, afirm\u00f3 el ejecutivo.<\/p>\n<\/div>\n<p><br \/>\n<br \/><a href=\"https:\/\/www.clarin.com\/economia\/sorpresa-mundo-tech-marcos-galperin-anuncio-deja-ceo-mercado-libre_0_bel8YondSQ.html\">Fuente Clarin.com <\/a><\/p>\n","protected":false},"excerpt":{"rendered":"<p>Luego de que su empresa presentara un s\u00f3lido balance ante sus inversores, Marcos Galper\u00edn dio una noticia que sacude al universo empresarial: luego de 26 a\u00f1os al frente de Mercado Libre, decidi\u00f3 dar un paso al costado y dejar de ser CEO de la compa\u00f1\u00eda que fund\u00f3. En su lugar quedar\u00e1 Ariel Szarfsztejn, que hasta [&hellip;]<\/p>\n","protected":false},"author":1,"featured_media":6620,"comment_status":"open","ping_status":"open","sticky":false,"template":"","format":"standard","meta":{"footnotes":""},"categories":[2],"tags":[324,8620,482,18905,4117,4252,1955,1234],"class_list":["post-27189","post","type-post","status-publish","format-standard","has-post-thumbnail","hentry","category-ultimas-noticias","tag-anuncio","tag-ceo","tag-deja","tag-galperin","tag-libre","tag-marcos","tag-mercado","tag-ser"],"_links":{"self":[{"href":"https:\/\/13.com.ar\/index.php\/wp-json\/wp\/v2\/posts\/27189","targetHints":{"allow":["GET"]}}],"collection":[{"href":"https:\/\/13.com.ar\/index.php\/wp-json\/wp\/v2\/posts"}],"about":[{"href":"https:\/\/13.com.ar\/index.php\/wp-json\/wp\/v2\/types\/post"}],"author":[{"embeddable":true,"href":"https:\/\/13.com.ar\/index.php\/wp-json\/wp\/v2\/users\/1"}],"replies":[{"embeddable":true,"href":"https:\/\/13.com.ar\/index.php\/wp-json\/wp\/v2\/comments?post=27189"}],"version-history":[{"count":0,"href":"https:\/\/13.com.ar\/index.php\/wp-json\/wp\/v2\/posts\/27189\/revisions"}],"wp:featuredmedia":[{"embeddable":true,"href":"https:\/\/13.com.ar\/index.php\/wp-json\/wp\/v2\/media\/6620"}],"wp:attachment":[{"href":"https:\/\/13.com.ar\/index.php\/wp-json\/wp\/v2\/media?parent=27189"}],"wp:term":[{"taxonomy":"category","embeddable":true,"href":"https:\/\/13.com.ar\/index.php\/wp-json\/wp\/v2\/categories?post=27189"},{"taxonomy":"post_tag","embeddable":true,"href":"https:\/\/13.com.ar\/index.php\/wp-json\/wp\/v2\/tags?post=27189"}],"curies":[{"name":"wp","href":"https:\/\/api.w.org\/{rel}","templated":true}]}}