{"id":27187,"date":"2025-05-21T18:00:40","date_gmt":"2025-05-21T21:00:40","guid":{"rendered":"https:\/\/13.com.ar\/index.php\/andrea-collarini-el-argentino-de-33-anos-que-esta-a-un-victoria-de-meterse-en-el-cuadro-principal-de-roland-garros-por-primera-vez-en-su-carrera\/"},"modified":"2025-05-21T18:00:40","modified_gmt":"2025-05-21T21:00:40","slug":"andrea-collarini-el-argentino-de-33-anos-que-esta-a-un-victoria-de-meterse-en-el-cuadro-principal-de-roland-garros-por-primera-vez-en-su-carrera","status":"publish","type":"post","link":"https:\/\/13.com.ar\/index.php\/andrea-collarini-el-argentino-de-33-anos-que-esta-a-un-victoria-de-meterse-en-el-cuadro-principal-de-roland-garros-por-primera-vez-en-su-carrera\/","title":{"rendered":"Andrea Collarini, el argentino de 33 a\u00f1os que est\u00e1 a un victoria de meterse en el cuadro principal de Roland Garros por primera vez en su carrera"},"content":{"rendered":"<p> <br \/>\n<br \/><img decoding=\"async\" src=\"https:\/\/13.com.ar\/wp-content\/uploads\/2025\/05\/Andrea-Collarini-el-argentino-de-33-anos-que-esta-a.jpg\" \/><\/p>\n<div id=\"element-body-0\">\n<p>Dos argentinos dieron un paso m\u00e1s en la <em>qualy <\/em>de <strong>Roland Garros<\/strong>, en una jornada lluviosa en Par\u00eds en la que se cancelaron muchos de los partidos que estaban programados. Uno de los encuentros que se llegaron a disputar fue el de <strong>Andrea Collarini<\/strong>, que super\u00f3 al ecuatoriano <strong>\u00c1lvaro Guillen Meza<\/strong> por 6-3 y 7-6 (7-4) en su cuarto <em>match point<\/em> y qued\u00f3 a una victoria de meterse por primera vez en el cuadro principal de un Grand Slam.<\/p>\n<\/div>\n<div id=\"element-body-1\">\n<p>El n\u00famero 204\u00b0 del ranking, un incansable luchador del tenis albiceleste, est\u00e1 disputando a los 33 a\u00f1os la fase previa de un &#8220;grande&#8221; por 23\u00aa vez. Solo en una ocasi\u00f3n logr\u00f3 llegar a la tercera ronda, como lo hizo este mi\u00e9rcoles. Fue hace siete a\u00f1os en el <strong>Australian Open<\/strong>, cuando venci\u00f3 al brasile\u00f1o <strong>Joao Souza<\/strong> y al portugu\u00e9s <strong>Federico Gaio<\/strong>, pero perdi\u00f3 en la tercera rueda con el checo <strong>Vaclav Safranek<\/strong>.<\/p>\n<\/div>\n<div id=\"element-body-2\">\n<p>Este jueves enfrentar\u00e1 al espa\u00f1ol <strong>Albert Ramos Vi\u00f1olas<\/strong> (248\u00b0 del ranking), quien despidi\u00f3 a <strong>Rom\u00e1n Burruchaga<\/strong> (117\u00b0) por 6-4 y 7-6 (-0), e intentar\u00e1 romper su &#8220;maldici\u00f3n&#8221; en esta categor\u00eda, la m\u00e1s importante del circuito.<\/p>\n<\/div>\n<div id=\"element-body-3\">\n<p><strong>Thiago Tirante<\/strong> tambi\u00e9n ir\u00e1 por un lugar en el cuadro principal tras ganarle por 6-3 y 6-4 al dan\u00e9s <strong>August Holmgren<\/strong>, 188\u00b0. En tercera ronda chocar\u00e1 con el estadounidense <strong>Ethan Quinn<\/strong>, 106\u00b0.<\/p>\n<\/div>\n<div id=\"element-body-4\">\n<p>El platense, 131\u00b0 del ranking, quiere jugar en Par\u00eds por tercera temporada consecutiva. En 2023 alcanz\u00f3 la segunda ronda y el a\u00f1o pasado se despidi\u00f3 en el debut. Este es el \u00fanico de los cuatro &#8220;grandes&#8221; que jug\u00f3 en su carrera. En los otros tres nunca logr\u00f3 superar la qualy.<\/p>\n<\/div>\n<div id=\"element-body-6\">\n<p>Los otros seis argentinos que deb\u00edan saltar a la cancha no pudieron jugar porque el clima oblig\u00f3 a postergar sus encuentros para este jueves.<\/p>\n<\/div>\n<div id=\"element-body-7\">\n<p>Por la <em>qualy <\/em>masculina, <strong>Juan Manuel Cer\u00fandolo<\/strong> (109\u00b0) enfrentar\u00e1 al liban\u00e9s Hady Habib (159\u00b0); <strong>Federico G\u00f3mez<\/strong> (132\u00b0), con el espa\u00f1ol Mart\u00edn Landaluce (147\u00b0); y <strong>Federico Coria<\/strong> (143\u00b0), con el alem\u00e1n Maximilian Marterer (237\u00b0). Y por la femenina, <strong>Lourdes Carl\u00e9<\/strong> (125\u00aa) enfrentar\u00e1 a la polaca Katarzyna Kawa (143\u00aa); <strong>Solana Sierra<\/strong> (112\u00aa), a la ucraniana Daria Snigur (151\u00aa) y <strong>Julia Riera<\/strong> (204\u00aa), a la australiana Talia Gibson (128\u00aa).<\/p>\n<\/div>\n<div id=\"element-body-8\">\n<p>Hay seis jugadores albicelestes que tienen ya asegurados sus lugares en el cuadro principal del torneo masculino, que se sortear\u00e1 este jueves y tendr\u00e1 al italiano <strong>Jannik Sinner<\/strong> y al espa\u00f1ol <strong>Carlos Alcaraz<\/strong>, defensor del t\u00edtulo, como m\u00e1ximos favoritos.<\/p>\n<\/div>\n<div id=\"element-body-9\">\n<p><strong>Francisco Cer\u00fandolo<\/strong>, 18\u00b0 del mundo, ser\u00e1 el \u00fanico entre los preclasificados. Los otros son <strong>Sebasti\u00e1n B\u00e1ez<\/strong> (36\u00b0), <strong>Camilo Ugo Carabelli <\/strong>(52\u00b0), <strong>Tom\u00e1s Etcheverry<\/strong> (55\u00b0), <strong>Francisco Comesa\u00f1a<\/strong> (64\u00b0) y <strong>Mariano Navone<\/strong> (98\u00b0). <\/p>\n<\/div>\n<div id=\"element-body-10\">\n<p>El femenino -en el que solo habr\u00e1 argentinas si alguna supera la <em>qualy<\/em>&#8211; tendr\u00e1 a la bielorrusa <strong>Aryna Sabalenka<\/strong> y a la estadounidense <strong>Coco Gauff<\/strong> como primeras preclasificadas y a la polaca <strong>Iga Swiatek<\/strong>, ganadora el a\u00f1o pasado, como quinta cabeza de serie. <\/p>\n<\/div>\n<p><br \/>\n<br \/><a href=\"https:\/\/www.clarin.com\/deportes\/andrea-collarini-argentino-33-anos-victoria-meterse-cuadro-principal-roland-garros-primera-vez-carrera_0_sgyOOl0pYZ.html\">Fuente Clarin.com <\/a><\/p>\n","protected":false},"excerpt":{"rendered":"<p>Dos argentinos dieron un paso m\u00e1s en la qualy de Roland Garros, en una jornada lluviosa en Par\u00eds en la que se cancelaron muchos de los partidos que estaban programados. Uno de los encuentros que se llegaron a disputar fue el de Andrea Collarini, que super\u00f3 al ecuatoriano \u00c1lvaro Guillen Meza por 6-3 y 7-6 [&hellip;]<\/p>\n","protected":false},"author":1,"featured_media":27188,"comment_status":"open","ping_status":"open","sticky":false,"template":"","format":"standard","meta":{"footnotes":""},"categories":[2],"tags":[15452,636,508,604,18604,5686,300,14710,8531,142,89,5291,14709,111,5658],"class_list":["post-27187","post","type-post","status-publish","format-standard","has-post-thumbnail","hentry","category-ultimas-noticias","tag-andrea","tag-anos","tag-argentino","tag-carrera","tag-collarini","tag-cuadro","tag-esta","tag-garros","tag-meterse","tag-por","tag-primera","tag-principal","tag-roland","tag-vez","tag-victoria"],"_links":{"self":[{"href":"https:\/\/13.com.ar\/index.php\/wp-json\/wp\/v2\/posts\/27187","targetHints":{"allow":["GET"]}}],"collection":[{"href":"https:\/\/13.com.ar\/index.php\/wp-json\/wp\/v2\/posts"}],"about":[{"href":"https:\/\/13.com.ar\/index.php\/wp-json\/wp\/v2\/types\/post"}],"author":[{"embeddable":true,"href":"https:\/\/13.com.ar\/index.php\/wp-json\/wp\/v2\/users\/1"}],"replies":[{"embeddable":true,"href":"https:\/\/13.com.ar\/index.php\/wp-json\/wp\/v2\/comments?post=27187"}],"version-history":[{"count":0,"href":"https:\/\/13.com.ar\/index.php\/wp-json\/wp\/v2\/posts\/27187\/revisions"}],"wp:featuredmedia":[{"embeddable":true,"href":"https:\/\/13.com.ar\/index.php\/wp-json\/wp\/v2\/media\/27188"}],"wp:attachment":[{"href":"https:\/\/13.com.ar\/index.php\/wp-json\/wp\/v2\/media?parent=27187"}],"wp:term":[{"taxonomy":"category","embeddable":true,"href":"https:\/\/13.com.ar\/index.php\/wp-json\/wp\/v2\/categories?post=27187"},{"taxonomy":"post_tag","embeddable":true,"href":"https:\/\/13.com.ar\/index.php\/wp-json\/wp\/v2\/tags?post=27187"}],"curies":[{"name":"wp","href":"https:\/\/api.w.org\/{rel}","templated":true}]}}