{"id":27185,"date":"2025-05-21T17:57:30","date_gmt":"2025-05-21T20:57:30","guid":{"rendered":"https:\/\/13.com.ar\/index.php\/la-cgt-denuncio-que-el-gobierno-quiere-eliminar-por-decreto-el-derecho-a-huelga\/"},"modified":"2025-05-21T17:57:30","modified_gmt":"2025-05-21T20:57:30","slug":"la-cgt-denuncio-que-el-gobierno-quiere-eliminar-por-decreto-el-derecho-a-huelga","status":"publish","type":"post","link":"https:\/\/13.com.ar\/index.php\/la-cgt-denuncio-que-el-gobierno-quiere-eliminar-por-decreto-el-derecho-a-huelga\/","title":{"rendered":"La CGT denunci\u00f3 que el Gobierno quiere eliminar por decreto el derecho a huelga"},"content":{"rendered":"<p> <br \/>\n<br \/><img decoding=\"async\" src=\"https:\/\/13.com.ar\/wp-content\/uploads\/2025\/05\/La-CGT-denuncio-que-el-Gobierno-quiere-eliminar-por-decreto.jpg\" \/><\/p>\n<div id=\"element-body-0\">\n<p>La CGT repudi\u00f3 este mi\u00e9rcoles el decreto del Gobierno que limita el derecho a huelga de algunas actividades que consider\u00f3 esenciales y advirti\u00f3 que &#8220;el movimiento obrero organizado dar\u00e1 <strong>las batallas que tenga que dar<\/strong>, sea en los Tribunales o los puestos de trabajo&#8221;.<\/p>\n<\/div>\n<div id=\"element-body-1\">\n<p>El comunicado, difundido a trav\u00e9s de la redes sociales de la entidad, anticip\u00f3 adem\u00e1s que la CGT no permanecer\u00e1<strong> &#8220;en silencio&#8221;<\/strong> frente a lo que consider\u00f3<strong> &#8220;una grave avanzada&#8221; <\/strong>contra el derecho a huelga.<\/p>\n<\/div>\n<div id=\"element-body-2\">\n<p>A trav\u00e9s de un decreto que busca regular el funcionamiento de la marina mercante, el Gobierno resolvi\u00f3 volver a la carga con su objetivo de<strong> limitar el derecho a huelga<\/strong>, un apuesta que la gesti\u00f3n de Javier Milei ya hab\u00eda intentado a trav\u00e9s del DNU 70\/23 -cuyo cap\u00edtulo laboral fue frenado por la Justicia- y una serie de art\u00edculos que fueron excluidos de la Ley Bases sancionada por el Congreso.<\/p>\n<\/div>\n<div id=\"element-body-3\">\n<p>Ahora, mediante el DNU 340\/25 que lleva la firma de buena parte del Gabinete, el Ejecutivo resolvi\u00f3 <strong>ampliar las actividades consideradas esenciales,<\/strong> incorporando al transporte de cargas y personas, la educaci\u00f3n y los servicios de telecomunicaciones, y les impuso la obligaci\u00f3n de garantizar la prestaci\u00f3n del 75% de los servicios en caso de una medida de fuerza.<\/p>\n<\/div>\n<div id=\"element-body-4\">\n<blockquote class=\"twitter-tweet\">\n<p lang=\"es\" dir=\"ltr\">\ud83d\udce2 EL PODER EJECUTIVO QUIERE ELIMINAR EL DERECHO A HUELGA POR DECRETO Y A ESPALDAS DEL PA\u00cdS<\/p>\n<p>\ud83d\udc49\ud83c\udffc El Gobierno Nacional, a trav\u00e9s del Decreto 340\/2025, intenta suprimir el derecho a huelga en la Argentina de un plumazo y sin debate ni an\u00e1lisis previo <a rel=\"nofollow\" target=\"_blank\" href=\"https:\/\/t.co\/uSk5vtjlXL\">pic.twitter.com\/uSk5vtjlXL<\/a><\/p>\n<p>\u2014 CGT (@cgtoficialok) <a rel=\"nofollow\" target=\"_blank\" href=\"https:\/\/twitter.com\/cgtoficialok\/status\/1925277489837793286?ref_src=twsrc%5Etfw\">May 21, 2025<\/a><\/p><\/blockquote>\n<\/div>\n<p><script async src=\"\/\/platform.twitter.com\/widgets.js\" charset=\"utf-8\"><\/script><br \/>\n<br \/><br \/>\n<br \/><a href=\"https:\/\/www.clarin.com\/politica\/cgt-denuncio-gobierno-quiere-eliminar-decreto-derecho-huelga_0_hO0iNeNeSr.html\">Fuente Clarin.com <\/a><\/p>\n","protected":false},"excerpt":{"rendered":"<p>La CGT repudi\u00f3 este mi\u00e9rcoles el decreto del Gobierno que limita el derecho a huelga de algunas actividades que consider\u00f3 esenciales y advirti\u00f3 que &#8220;el movimiento obrero organizado dar\u00e1 las batallas que tenga que dar, sea en los Tribunales o los puestos de trabajo&#8221;. El comunicado, difundido a trav\u00e9s de la redes sociales de la [&hellip;]<\/p>\n","protected":false},"author":1,"featured_media":27186,"comment_status":"open","ping_status":"open","sticky":false,"template":"","format":"standard","meta":{"footnotes":""},"categories":[2],"tags":[3917,656,3549,2936,3460,71,10713,142,1273],"class_list":["post-27185","post","type-post","status-publish","format-standard","has-post-thumbnail","hentry","category-ultimas-noticias","tag-cgt","tag-decreto","tag-denuncio","tag-derecho","tag-eliminar","tag-gobierno","tag-huelga","tag-por","tag-quiere"],"_links":{"self":[{"href":"https:\/\/13.com.ar\/index.php\/wp-json\/wp\/v2\/posts\/27185","targetHints":{"allow":["GET"]}}],"collection":[{"href":"https:\/\/13.com.ar\/index.php\/wp-json\/wp\/v2\/posts"}],"about":[{"href":"https:\/\/13.com.ar\/index.php\/wp-json\/wp\/v2\/types\/post"}],"author":[{"embeddable":true,"href":"https:\/\/13.com.ar\/index.php\/wp-json\/wp\/v2\/users\/1"}],"replies":[{"embeddable":true,"href":"https:\/\/13.com.ar\/index.php\/wp-json\/wp\/v2\/comments?post=27185"}],"version-history":[{"count":0,"href":"https:\/\/13.com.ar\/index.php\/wp-json\/wp\/v2\/posts\/27185\/revisions"}],"wp:featuredmedia":[{"embeddable":true,"href":"https:\/\/13.com.ar\/index.php\/wp-json\/wp\/v2\/media\/27186"}],"wp:attachment":[{"href":"https:\/\/13.com.ar\/index.php\/wp-json\/wp\/v2\/media?parent=27185"}],"wp:term":[{"taxonomy":"category","embeddable":true,"href":"https:\/\/13.com.ar\/index.php\/wp-json\/wp\/v2\/categories?post=27185"},{"taxonomy":"post_tag","embeddable":true,"href":"https:\/\/13.com.ar\/index.php\/wp-json\/wp\/v2\/tags?post=27185"}],"curies":[{"name":"wp","href":"https:\/\/api.w.org\/{rel}","templated":true}]}}