{"id":27183,"date":"2025-05-21T17:39:28","date_gmt":"2025-05-21T20:39:28","guid":{"rendered":"https:\/\/13.com.ar\/index.php\/que-tienen-en-comun-las-5-zonas-del-mundo-con-mas-personas-longevas\/"},"modified":"2025-05-21T17:39:28","modified_gmt":"2025-05-21T20:39:28","slug":"que-tienen-en-comun-las-5-zonas-del-mundo-con-mas-personas-longevas","status":"publish","type":"post","link":"https:\/\/13.com.ar\/index.php\/que-tienen-en-comun-las-5-zonas-del-mundo-con-mas-personas-longevas\/","title":{"rendered":"Qu\u00e9 tienen en com\u00fan las 5 zonas del mundo con m\u00e1s personas longevas"},"content":{"rendered":"<p> <br \/>\n<br \/><img decoding=\"async\" src=\"https:\/\/13.com.ar\/wp-content\/uploads\/2025\/05\/Que-tienen-en-comun-las-5-zonas-del-mundo-con.jpg\" \/><\/p>\n<div id=\"element-body-0\">\n<p>Un escritor y explorador llamado <strong>Dan Buettner<\/strong>, con el apoyo de la <strong>National Geographic<\/strong>, identific\u00f3 determinados puntos del mundo en los que las personas viven muchos a\u00f1os y en forma saludable. Qu\u00e9 tienen en com\u00fan las <strong>5 zonas del mundo con m\u00e1s personas longevas.<\/strong><\/p>\n<\/div>\n<div id=\"element-body-1\">\n<p>Adem\u00e1s de encontrar estos lugares, Buettner descubri\u00f3 algunas caracter\u00edsticas de su vida diaria que permit\u00edan que estas poblaciones <strong>no tuvieran enfermedades como obesidad, c\u00e1ncer, diabetes o problemas cardiol\u00f3gicos.<\/strong><\/p>\n<\/div>\n<div id=\"element-body-2\">\n<p>A partir de esto, escribi\u00f3 un libro llamado<strong> \u201cThe Blue Zones Solution&#8221; <\/strong>(La Soluci\u00f3n de las Zonas Azules). Aqu\u00ed, un <strong>resumen de su investigaci\u00f3n.<\/strong><\/p>\n<\/div>\n<div id=\"element-body-5\">\n<p>La clave del trabajo del explorador fue encontrar estos lugares donde las personas <strong>viven m\u00e1s tiempo y en forma m\u00e1s saludable.<\/strong> Y en esto encontr\u00f3 unos<strong> nueve \u201cpoderes\u201d o caracter\u00edsticas en com\u00fan<\/strong>:<\/p>\n<\/div>\n<p><br \/>\n<br \/><a href=\"https:\/\/www.clarin.com\/informacion-general\/comun-5-zonas-mundo-personas-longevas_0_2ZZi05RVXf.html\">Fuente Clarin.com <\/a><\/p>\n","protected":false},"excerpt":{"rendered":"<p>Un escritor y explorador llamado Dan Buettner, con el apoyo de la National Geographic, identific\u00f3 determinados puntos del mundo en los que las personas viven muchos a\u00f1os y en forma saludable. Qu\u00e9 tienen en com\u00fan las 5 zonas del mundo con m\u00e1s personas longevas. Adem\u00e1s de encontrar estos lugares, Buettner descubri\u00f3 algunas caracter\u00edsticas de su [&hellip;]<\/p>\n","protected":false},"author":1,"featured_media":27184,"comment_status":"open","ping_status":"open","sticky":false,"template":"","format":"standard","meta":{"footnotes":""},"categories":[2],"tags":[4452,18,100,48,18904,155,143,2125,286,225,1209],"class_list":["post-27183","post","type-post","status-publish","format-standard","has-post-thumbnail","hentry","category-ultimas-noticias","tag-comun","tag-con","tag-del","tag-las","tag-longevas","tag-mas","tag-mundo","tag-personas","tag-que","tag-tienen","tag-zonas"],"_links":{"self":[{"href":"https:\/\/13.com.ar\/index.php\/wp-json\/wp\/v2\/posts\/27183","targetHints":{"allow":["GET"]}}],"collection":[{"href":"https:\/\/13.com.ar\/index.php\/wp-json\/wp\/v2\/posts"}],"about":[{"href":"https:\/\/13.com.ar\/index.php\/wp-json\/wp\/v2\/types\/post"}],"author":[{"embeddable":true,"href":"https:\/\/13.com.ar\/index.php\/wp-json\/wp\/v2\/users\/1"}],"replies":[{"embeddable":true,"href":"https:\/\/13.com.ar\/index.php\/wp-json\/wp\/v2\/comments?post=27183"}],"version-history":[{"count":0,"href":"https:\/\/13.com.ar\/index.php\/wp-json\/wp\/v2\/posts\/27183\/revisions"}],"wp:featuredmedia":[{"embeddable":true,"href":"https:\/\/13.com.ar\/index.php\/wp-json\/wp\/v2\/media\/27184"}],"wp:attachment":[{"href":"https:\/\/13.com.ar\/index.php\/wp-json\/wp\/v2\/media?parent=27183"}],"wp:term":[{"taxonomy":"category","embeddable":true,"href":"https:\/\/13.com.ar\/index.php\/wp-json\/wp\/v2\/categories?post=27183"},{"taxonomy":"post_tag","embeddable":true,"href":"https:\/\/13.com.ar\/index.php\/wp-json\/wp\/v2\/tags?post=27183"}],"curies":[{"name":"wp","href":"https:\/\/api.w.org\/{rel}","templated":true}]}}