{"id":27181,"date":"2025-05-21T17:36:31","date_gmt":"2025-05-21T20:36:31","guid":{"rendered":"https:\/\/13.com.ar\/index.php\/el-vecino-que-escucho-gritos-y-la-cuadra-de-villa-crespo-que-no-puede-creer-lo-que-paso-eran-una-familia-unida\/"},"modified":"2025-05-21T17:36:31","modified_gmt":"2025-05-21T20:36:31","slug":"el-vecino-que-escucho-gritos-y-la-cuadra-de-villa-crespo-que-no-puede-creer-lo-que-paso-eran-una-familia-unida","status":"publish","type":"post","link":"https:\/\/13.com.ar\/index.php\/el-vecino-que-escucho-gritos-y-la-cuadra-de-villa-crespo-que-no-puede-creer-lo-que-paso-eran-una-familia-unida\/","title":{"rendered":"El vecino que escuch\u00f3 gritos y la cuadra de Villa Crespo que no puede creer lo que pas\u00f3: &#8220;Eran una familia unida&#8221;"},"content":{"rendered":"<p> <br \/>\n<br \/><img decoding=\"async\" src=\"https:\/\/13.com.ar\/wp-content\/uploads\/2025\/05\/El-vecino-que-escucho-gritos-y-la-cuadra-de-Villa.jpg\" \/><\/p>\n<div id=\"element-body-0\">\n<p>\u201cYo esta madrugada escuch\u00e9 un poco de gritos y movimientos, pero como no dur\u00f3 mucho no llam\u00e9 a nadie\u201d, dice a <strong>Clar\u00edn <\/strong>un vecino, con la mirada fija en el piso, las manos en los bolsillos y una culpa que le pesa. <strong>\u201cAhora me siento mal, no s\u00e9 si podr\u00eda haber hecho algo\u201d<\/strong>. El hombre vive justo debajo del departamento del piso donde, horas despu\u00e9s, se hall\u00f3 a los cuatro integrantes de una familia muertos.<\/p>\n<\/div>\n<div id=\"element-body-1\">\n<p>Son las 17 en Villa Crespo y la cuadra de Aguirre al 200 est\u00e1 cortada de punta a punta. La gente se agolpa contra el cord\u00f3n, murmura, pregunta, intenta entender. El rumor ya corri\u00f3: toda una familia apareci\u00f3 muerta en su propia casa.<\/p>\n<\/div>\n<div id=\"element-body-2\">\n<p>\u201cEllos se ve\u00edan como una familia unida, tranquila\u2026 como una familia normal\u201d, agrega el vecino, todav\u00eda en shock. \u201cTengo entendido que <strong>\u00e9l y sus hijos siempre iban con su comunidad, pero la mujer no<\/strong>\u201d, explica Juan un comerciante.<\/p>\n<\/div>\n<div id=\"element-body-3\">\n<p>Las v\u00edctimas fueron identificadas como Bernardo Adri\u00e1n Seltzer, de 53 a\u00f1os; su esposa, Laura Fernanda Leguizam\u00f3n, de 51; y sus hijos Ian, de 15, e Ivo, de 12. Viv\u00edan en ese mismo edificio hac\u00eda a\u00f1os. Los chicos asist\u00edan a un colegio secundario de la zona. Seg\u00fan dicen los vecinos, la mujer era comerciante.<\/p>\n<\/div>\n<div id=\"element-body-4\">\n<p>En la esquina, el due\u00f1o de un local que los atend\u00eda con frecuencia apenas puede hablar. Tiene los ojos vidriosos, como si todav\u00eda no pudiera asimilar lo ocurrido.<\/p>\n<\/div>\n<div id=\"element-body-6\">\n<p>\u201c\u00c9l era una persona macanuda. <strong>Eso que est\u00e1n diciendo de que Bernardo mat\u00f3 a toda la familia me lo tienen que demostrar<\/strong>. Toda esa familia era clienta amiga. Yo tengo mis dudas. Me cuesta creerlo\u201d, remarc\u00f3.<\/p>\n<\/div>\n<div id=\"element-body-7\">\n<p>Seg\u00fan fuentes oficiales, la puerta del departamento no estaba forzada, lo que descarta un intento de robo. Los cuatro cuerpos presentaban heridas de arma blanca. La principal hip\u00f3tesis que manejan los investigadores apunta a un crimen intrafamiliar: Bernardo habr\u00eda atacado a su esposa y a sus hijos durante la madrugada y luego se quit\u00f3 la vida en medio de un brote psic\u00f3tico. En su mano encontraron un cuchillo.<\/p>\n<\/div>\n<div id=\"element-body-8\">\n<p>En el barrio todos los describen igual: una familia como cualquier otra. Una vecina recuerda verlos cada ma\u00f1ana: uno de los dos padres llevando a los chicos al colegio, saludando, con paso apurado. Nada llamativo, nada que anticipara este final.<\/p>\n<\/div>\n<div id=\"element-body-9\">\n<p>\u201cYo los conozco hace 20 a\u00f1os, desde que estoy ac\u00e1. <strong>Nunca los vi como una familia rara. <\/strong>Para nada\u201d, sostiene con asombro.<\/p>\n<\/div>\n<div id=\"element-body-10\">\n<p>La causa est\u00e1 a cargo de la Fiscal\u00eda Nacional en lo Criminal y Correccional N\u00b05, encabezada por el fiscal C\u00e9sar Troncoso, e interviene la Divisi\u00f3n Homicidios de la Polic\u00eda de la Ciudad.<\/p>\n<\/div>\n<div id=\"element-body-11\">\n<p>El cu\u00e1druple crimen tambi\u00e9n gener\u00f3 conmoci\u00f3n en la comunidad jud\u00eda. El rabino de la AMIA, Eliahu Hamra, repudi\u00f3 lo ocurrido p\u00fablicamente y envi\u00f3 condolencias a los allegados.<\/p>\n<\/div>\n<div id=\"element-body-12\">\n<p>Mientras avanza la investigaci\u00f3n, la cuadra de Villa Crespo sigue en silencio. La entrada del edificio permanece custodiado por polic\u00edas. Los vecinos se asoman, miran, preguntan. Nadie tiene respuestas. Solo una certeza: algo dentro de ese departamento se rompi\u00f3 para siempre.<\/p>\n<\/div>\n<p><br \/>\n<br \/><a href=\"https:\/\/www.clarin.com\/policiales\/vecino-escucho-gritos-cuadra-villa-crespo-puede-creer-paso-familia-unida_0_Sz2rGPrmyO.html\">Fuente Clarin.com <\/a><\/p>\n","protected":false},"excerpt":{"rendered":"<p>\u201cYo esta madrugada escuch\u00e9 un poco de gritos y movimientos, pero como no dur\u00f3 mucho no llam\u00e9 a nadie\u201d, dice a Clar\u00edn un vecino, con la mirada fija en el piso, las manos en los bolsillos y una culpa que le pesa. \u201cAhora me siento mal, no s\u00e9 si podr\u00eda haber hecho algo\u201d. El hombre [&hellip;]<\/p>\n","protected":false},"author":1,"featured_media":27182,"comment_status":"open","ping_status":"open","sticky":false,"template":"","format":"standard","meta":{"footnotes":""},"categories":[2],"tags":[3076,15088,14762,1785,11068,1497,6450,158,136,73,18903,2688,2131],"class_list":["post-27181","post","type-post","status-publish","format-standard","has-post-thumbnail","hentry","category-ultimas-noticias","tag-creer","tag-crespo","tag-cuadra","tag-eran","tag-escucho","tag-familia","tag-gritos","tag-paso","tag-puede","tag-una","tag-unida","tag-vecino","tag-villa"],"_links":{"self":[{"href":"https:\/\/13.com.ar\/index.php\/wp-json\/wp\/v2\/posts\/27181","targetHints":{"allow":["GET"]}}],"collection":[{"href":"https:\/\/13.com.ar\/index.php\/wp-json\/wp\/v2\/posts"}],"about":[{"href":"https:\/\/13.com.ar\/index.php\/wp-json\/wp\/v2\/types\/post"}],"author":[{"embeddable":true,"href":"https:\/\/13.com.ar\/index.php\/wp-json\/wp\/v2\/users\/1"}],"replies":[{"embeddable":true,"href":"https:\/\/13.com.ar\/index.php\/wp-json\/wp\/v2\/comments?post=27181"}],"version-history":[{"count":0,"href":"https:\/\/13.com.ar\/index.php\/wp-json\/wp\/v2\/posts\/27181\/revisions"}],"wp:featuredmedia":[{"embeddable":true,"href":"https:\/\/13.com.ar\/index.php\/wp-json\/wp\/v2\/media\/27182"}],"wp:attachment":[{"href":"https:\/\/13.com.ar\/index.php\/wp-json\/wp\/v2\/media?parent=27181"}],"wp:term":[{"taxonomy":"category","embeddable":true,"href":"https:\/\/13.com.ar\/index.php\/wp-json\/wp\/v2\/categories?post=27181"},{"taxonomy":"post_tag","embeddable":true,"href":"https:\/\/13.com.ar\/index.php\/wp-json\/wp\/v2\/tags?post=27181"}],"curies":[{"name":"wp","href":"https:\/\/api.w.org\/{rel}","templated":true}]}}