{"id":27177,"date":"2025-05-21T17:21:35","date_gmt":"2025-05-21T20:21:35","guid":{"rendered":"https:\/\/13.com.ar\/index.php\/ahora-donald-trump-incomodo-al-presidente-de-sudafrica-en-el-salon-oval-y-lo-acuso-de-cometer-un-genocidio-contra-blancos\/"},"modified":"2025-05-21T17:21:35","modified_gmt":"2025-05-21T20:21:35","slug":"ahora-donald-trump-incomodo-al-presidente-de-sudafrica-en-el-salon-oval-y-lo-acuso-de-cometer-un-genocidio-contra-blancos","status":"publish","type":"post","link":"https:\/\/13.com.ar\/index.php\/ahora-donald-trump-incomodo-al-presidente-de-sudafrica-en-el-salon-oval-y-lo-acuso-de-cometer-un-genocidio-contra-blancos\/","title":{"rendered":"Ahora Donald Trump incomod\u00f3 al presidente de Sud\u00e1frica en el Sal\u00f3n Oval y lo acus\u00f3 de cometer un &#8220;genocidio contra blancos&#8221;"},"content":{"rendered":"<p> <br \/>\n<\/p>\n<div id=\"cuerpo\">\n<div class=\"sc-45461e9c-0 eqiBeF container-text text-embed \" id=\"element-body-0\">\n<p>Donald Trump sorprendi\u00f3 este mi\u00e9rcoles al presidente de <strong>Sud\u00e1frica<\/strong>, Cyril Ramaphosa, al mostrarle un video que supuestamente comprueba las acusaciones estadounidenses de <strong>un genocidio contra blancos<\/strong> en el pa\u00eds africano.<\/p>\n<\/div>\n<div class=\"sc-45461e9c-0 eqiBeF container-text text-embed \" id=\"element-body-1\">\n<p>Durante un encuentro oficial con Ramaphosa en el Sal\u00f3n Oval, Trump pidi\u00f3 que apagaran las luces para que <strong>se proyectara un video <\/strong>en una pantalla, afirmando que mostraba a sudafricanos negros hablando de genocidio.<\/p>\n<\/div>\n<div class=\"sc-45461e9c-0 eqiBeF container-text text-embed \" id=\"element-body-2\">\n<p>&#8220;Les permites tomar tierras y cuando toman las tierras, matan al agricultor blanco.<strong> Cuando matan al agricultor blanco, no les pasa nada<\/strong>&#8220;, dijo Trump. Tambi\u00e9n le mostr\u00f3 a su par sudafricano recortes de prensa que, seg\u00fan \u00e9l, confirman su denuncia.<\/p>\n<\/div>\n<div class=\"sc-45461e9c-0 eqiBeF container-text text-embed \" id=\"element-body-3\">\n<p>Ramaphosa<strong> neg\u00f3 que su pa\u00eds est\u00e9 confiscando tierras de agricultores blancos<\/strong> en el marco de una ley de expropiaci\u00f3n aprobada en enero, con la que se pretende<strong> corregir las desigualdades hist\u00f3ricas del dominio de la minor\u00eda blanca.<\/strong><\/p>\n<\/div>\n<div class=\"sc-45461e9c-0 eqiBeF container-text text-embed \" id=\"element-body-4\">\n<p>&#8220;No, no, no, no&#8221;, dijo Ramaphosa. <strong>&#8220;Nadie puede tomar tierras&#8221;,<\/strong> insisti\u00f3.<\/p>\n<\/div>\n<div class=\"sc-45461e9c-0 eqiBeF container-text text-embed \" id=\"element-body-5\">\n<p>La prensa estaba presente y Ramaphosa apenas pudo decir palabra durante la transmisi\u00f3n de las im\u00e1genes. Hasta que en cierto punto suplic\u00f3 <strong>&#8220;hablar del asunto con mucha calma&#8221;.<\/strong><\/p>\n<\/div>\n<div class=\"sc-c2c2a3c6-0 ecgiEX border-video video-embed horizontal border-video video-embed horizontal\" id=\"element-body-6\">\n<div class=\"sc-c2c2a3c6-1 kQhBlc videoText videoText\">\n<h2>Video<\/h2>\n<p>Donald Trump le mostr\u00f3 al presidente de Sud\u00e1frica fotos de un &#8220;genocidio contra blancos&#8221;<\/p>\n<\/div>\n<\/div>\n<div class=\"sc-45461e9c-0 eqiBeF container-text text-embed \" id=\"element-body-7\">\n<p>&#8220;Nelson Mandela nos ense\u00f1\u00f3 que siempre que hay problemas, <strong>la gente debe sentarse a la mesa y conversar. <\/strong>Y esto es precisamente de lo que nosotros tambi\u00e9n queremos hablar&#8221;, dijo.<\/p>\n<\/div>\n<div class=\"sc-45461e9c-0 eqiBeF container-text text-embed \" id=\"element-body-8\">\n<p>Lo ocurrido record\u00f3 el episodio de febrero en el que Trump y su vicepresidente JD Vance humillaron al mandatario ucraniano Volodimir Zelenski.<\/p>\n<\/div>\n<div class=\"sc-45461e9c-0 eqiBeF container-text text-embed \" id=\"element-body-9\">\n<p>La visita del gobernante sudafricano era una oportunidad para suavizar las relaciones diplom\u00e1ticas luego de que Trump y su asesor de origen sudafricano, el multimillonario Elon Musk, tambi\u00e9n presente en el Sal\u00f3n Oval, <strong>denunciaran sin fundamento tal genocidio.<\/strong><\/p>\n<\/div>\n<div class=\"sc-45461e9c-0 eqiBeF container-text text-embed \" id=\"element-body-10\">\n<p>Trump abri\u00f3 la reuni\u00f3n calificando a Ramaphosa como alguien &#8220;muy respetado en muchos c\u00edrculos, <strong>aunque pol\u00e9mico para algunos<\/strong>&#8220;, mientras el mandatario sudafricano le ofrec\u00eda un apret\u00f3n de manos y propon\u00eda &#8220;reiniciar&#8221; las relaciones bilaterales.<\/p>\n<\/div>\n<div class=\"sc-98b114a2-0 bkqiHH image-embed  image-embed \" id=\"element-body-11\"><picture class=\"sc-98b114a2-1 jRUlDm\"><source media=\"(min-width: 975px)\" width=\"720\" height=\"480\" \/><img alt=\"Donald Trump y Cyril Ramaphosa protagonizarn una reuni\u00f3n tensa en el Sal\u00f3n Oval. Foto AP \/Evan Vucci\" loading=\"lazy\" width=\"720\" height=\"480\" decoding=\"async\" data-nimg=\"1\" style=\"color:transparent\" src=\"https:\/\/13.com.ar\/wp-content\/uploads\/2025\/05\/Ahora-Donald-Trump-incomodo-al-presidente-de-Sudafrica-en-el.jpg\"\/><span class=\"epigraphe\">Donald Trump y Cyril Ramaphosa protagonizarn una reuni\u00f3n tensa en el Sal\u00f3n Oval. Foto AP \/Evan Vucci<\/span><span class=\"picture-open\"><button class=\"open-image\" aria-label=\"Open Image\"\/><\/span><\/picture><\/div>\n<div class=\"sc-45461e9c-0 eqiBeF container-text text-embed \" id=\"element-body-12\">\n<p>&#8220;Estamos aqu\u00ed esencialmente para<strong> restablecer la relaci\u00f3n entre Estados Unidos<\/strong> y Sud\u00e1frica&#8221;, dijo Ramaphosa, quien acudi\u00f3 al encuentro con dos famosos golfistas sudafricanos, Ernie Els y Retief Goosen, y el hombre m\u00e1s rico de su pa\u00eds, Johann Rupert. Los tres hombres blancos.<\/p>\n<\/div>\n<div class=\"sc-45461e9c-0 eqiBeF container-text text-embed \" id=\"element-body-13\">\n<p>Trump otorg\u00f3 el <strong>estatus de refugiados <\/strong>a un grupo de 49 sudafricanos blancos, descendientes de colonos europeos, que <strong>supuestamente eran perseguidos,<\/strong> pese a que impulsa una pol\u00edtica de mano dura contra la migraci\u00f3n y fren\u00f3 la llegada de solicitantes de asilo. Se trata de familias afrik\u00e1ners (sudafricanos blancos descendientes de colonos neerlandeses).<\/p>\n<\/div>\n<div class=\"sc-45461e9c-0 eqiBeF container-text text-embed \" id=\"element-body-14\">\n<p>&#13;<br \/>\n Ramaphosa record\u00f3 que en su pa\u00eds la principal v\u00edctima de la criminalidad es la poblaci\u00f3n negra.<\/p>\n<\/div>\n<div class=\"sc-98b114a2-0 bkqiHH image-embed  image-embed \" id=\"element-body-15\"><picture class=\"sc-98b114a2-1 jRUlDm\"><source media=\"(min-width: 975px)\" width=\"720\" height=\"480\" \/><img alt=\"Donald Trump recibi\u00f3 en la Casa Blanca a su par de Sud\u00e1frica, Cyril Ramaphosa. Foto EFE \" loading=\"lazy\" width=\"720\" height=\"480\" decoding=\"async\" data-nimg=\"1\" style=\"color:transparent\" src=\"https:\/\/13.com.ar\/wp-content\/uploads\/2025\/05\/1747858895_123_Ahora-Donald-Trump-incomodo-al-presidente-de-Sudafrica-en-el.jpg\"\/><span class=\"epigraphe\">Donald Trump recibi\u00f3 en la Casa Blanca a su par de Sud\u00e1frica, Cyril Ramaphosa. Foto EFE <\/span><span class=\"picture-open\"><button class=\"open-image\" aria-label=\"Open Image\"\/><\/span><\/picture><\/div>\n<div class=\"sc-45461e9c-0 eqiBeF container-text text-embed \" id=\"element-body-16\">\n<p>Elon Musk, due\u00f1o de Tesla y Space X, acus\u00f3 a Pretoria de <strong>impulsar leyes &#8220;abiertamente racistas&#8221;,<\/strong> en referencia a pol\u00edticas post-apartheid para<strong> empoderar a la poblaci\u00f3n negra<\/strong> e interpretadas por el multimillonario como un obst\u00e1culo para la concesi\u00f3n de licencias a Starlink, otra de sus empresas.<\/p>\n<\/div>\n<div class=\"sc-45461e9c-0 eqiBeF container-text text-embed \" id=\"element-body-17\">\n<p>Los blancos poseen la mayor parte de las tierras en Sud\u00e1frica pese a que representan solo el 7,3% de la poblaci\u00f3n.<\/p>\n<\/div>\n<p><h2>Choque entre presidentes<\/h2>\n<\/p>\n<div class=\"sc-45461e9c-0 eqiBeF container-text text-embed \" id=\"element-body-19\">\n<p>La tensi\u00f3n estall\u00f3 cuando la prensa pregunt\u00f3 por la<strong> reciente llegada de refugiados afrik\u00e1ners.<\/strong> Trump insisti\u00f3 en su teor\u00eda de que esta minor\u00eda sufre una persecuci\u00f3n y exigi\u00f3 explicaciones a su interlocutor.<\/p>\n<\/div>\n<div class=\"sc-45461e9c-0 eqiBeF container-text text-embed \" id=\"element-body-20\">\n<p>&#8220;En general, son <strong>agricultores blancos que huyen de Sud\u00e1frica,<\/strong> y es muy triste verlo. Espero que podamos tener una explicaci\u00f3n&#8221;, declar\u00f3 ante los medios.<\/p>\n<\/div>\n<div class=\"sc-45461e9c-0 eqiBeF container-text text-embed \" id=\"element-body-21\">\n<p>Ramaphosa respondi\u00f3 con firmeza que no existe ning\u00fan &#8220;genocidio afrik\u00e1ner&#8221;, e inst\u00f3 a Trump a escuchar al pueblo sudafricano para desmontar esa narrativa.<\/p>\n<\/div>\n<div class=\"sc-45461e9c-0 eqiBeF container-text text-embed \" id=\"element-body-22\">\n<p>&#8220;Si realmente hubiera un genocidio contra los agricultores afrik\u00e1ners, te aseguro que estas personas no estar\u00edan aqu\u00ed, incluido mi propio ministro de Agricultura&#8221;, afirm\u00f3 se\u00f1alando a su delegaci\u00f3n, que inclu\u00eda a miembros de esa comunidad.<\/p>\n<\/div>\n<div class=\"sc-45461e9c-0 eqiBeF container-text text-embed \" id=\"element-body-23\">\n<p>Trump insisti\u00f3 en que <strong>existen &#8220;miles de historias&#8221; que confirman la persecuci\u00f3n <\/strong>y orden\u00f3 la proyecci\u00f3n de un video de casi cinco minutos que mostraba a <strong>pol\u00edticos africanos dando discursos a favor de la violencia contra los blancos<\/strong> e im\u00e1genes de mont\u00edculos y cruces que, seg\u00fan Trump, representan m\u00e1s de 1.000 agricultores asesinados.<\/p>\n<\/div>\n<div class=\"sc-45461e9c-0 eqiBeF container-text text-embed \" id=\"element-body-24\">\n<p>&#8220;Me gustar\u00eda saber d\u00f3nde es eso, porque <strong>yo no lo he visto<\/strong>&#8220;, coment\u00f3 el presidente sudafricano tras observar, inc\u00f3modo, las im\u00e1genes.<\/p>\n<\/div>\n<div class=\"sc-98b114a2-0 bkqiHH image-embed  image-embed \" id=\"element-body-25\"><picture class=\"sc-98b114a2-1 jRUlDm\"><source media=\"(min-width: 975px)\" width=\"720\" height=\"480\" \/><img alt=\"Donald Trump ya avis\u00f3 que la delegaci\u00f3n de Estados Unidos no participar\u00e1 en ning\u00fan evento del G20, que este a\u00f1o se llevar\u00e1 a cabo en Sud\u00e1frica. Foto Reuters \/Kevin Lamarque\" loading=\"lazy\" width=\"720\" height=\"480\" decoding=\"async\" data-nimg=\"1\" style=\"color:transparent\" src=\"https:\/\/13.com.ar\/wp-content\/uploads\/2025\/05\/1747858895_614_Ahora-Donald-Trump-incomodo-al-presidente-de-Sudafrica-en-el.jpg\"\/><span class=\"epigraphe\">Donald Trump ya avis\u00f3 que la delegaci\u00f3n de Estados Unidos no participar\u00e1 en ning\u00fan evento del G20, que este a\u00f1o se llevar\u00e1 a cabo en Sud\u00e1frica. Foto Reuters \/Kevin Lamarque<\/span><span class=\"picture-open\"><button class=\"open-image\" aria-label=\"Open Image\"\/><\/span><\/picture><\/div>\n<div class=\"sc-45461e9c-0 eqiBeF container-text text-embed \" id=\"element-body-26\">\n<p>Ramaphosa subray\u00f3 que, si bien la delincuencia es un problema en Sud\u00e1frica, la mayor\u00eda de las v\u00edctimas de la violencia <strong>&#8220;no son blancos, sino negros&#8221;<\/strong>, y record\u00f3 que aunque la Constituci\u00f3n protege la &#8220;inviolabilidad de la propiedad de la tierra&#8221;, su Gobierno tambi\u00e9n tiene el derecho de expropiar terrenos para uso p\u00fablico.<\/p>\n<\/div>\n<div class=\"sc-45461e9c-0 eqiBeF container-text text-embed \" id=\"element-body-27\">\n<p>&#8220;Los est\u00e1n ejecutando, y resulta que son blancos, y la mayor\u00eda agricultores. <strong>Es una situaci\u00f3n dif\u00edcil. No s\u00e9 c\u00f3mo se explica<\/strong>&#8220;, insisti\u00f3 Trump.<\/p>\n<\/div>\n<div class=\"sc-45461e9c-0 eqiBeF container-text text-embed \" id=\"element-body-28\">\n<p>En un momento de la discusi\u00f3n, <strong>Ramaphosa lleg\u00f3 a bromear afirmando que no tiene &#8220;un avi\u00f3n para darle&#8221;,<\/strong> en referencia al regalo que Catar le hizo a Trump y que Estados Unidos acept\u00f3 este mi\u00e9rcoles formalmente.<\/p>\n<\/div>\n<div class=\"sc-45461e9c-0 eqiBeF container-text text-embed \" id=\"element-body-29\">\n<p>La tensi\u00f3n solo comenz\u00f3 a disiparse tras la intervenci\u00f3n de los <strong>emblem\u00e1ticos golfistas afrik\u00e1ners Ernie Els y Retief Goosen, <\/strong>quienes formaban parte de la delegaci\u00f3n sudafricana. Ambos, <strong>admirados por Trump,<\/strong> evitaron respaldar las denuncias de genocidio.<\/p>\n<\/div>\n<p><h2>El origen de una relaci\u00f3n tensa<\/h2>\n<\/p>\n<div class=\"sc-45461e9c-0 eqiBeF container-text text-embed \" id=\"element-body-31\">\n<p>La llegada, la semana pasada, de un primer grupo de <strong>49 afrik\u00e1ners a Estados Unidos en calidad de refugiados<\/strong> fue el \u00faltimo episodio en una serie de tensiones diplom\u00e1ticas entre ambos pa\u00edses.<\/p>\n<\/div>\n<div class=\"sc-45461e9c-0 eqiBeF container-text text-embed \" id=\"element-body-32\">\n<p>En marzo,<strong> Trump suspendi\u00f3 toda ayuda y cooperaci\u00f3n exterior con Sud\u00e1frica, <\/strong>alegando que el pa\u00eds confisca tierras a granjeros blancos y mantiene una postura hostil hacia Israel en la Corte Internacional de Justicia, donde Pretoria ha denunciado un genocidio en Gaza.<\/p>\n<\/div>\n<div class=\"sc-45461e9c-0 eqiBeF container-text text-embed \" id=\"element-body-33\">\n<p>La ley de expropiaci\u00f3n de Sud\u00e1frica fue promulgada a principios de a\u00f1o para intentar revertir las desigualdades raciales heredadas del &#8216;apartheid&#8217; y permite <strong>expropiar tierras sin pagar compensaci\u00f3n en casos de inter\u00e9s p\u00fablico.<\/strong><\/p>\n<\/div>\n<div class=\"sc-45461e9c-0 eqiBeF container-text text-embed \" id=\"element-body-34\">\n<p>Tambi\u00e9n en marzo fue <strong>expulsado de Estados Unidos el entonces embajador sudafricano en Washington, <\/strong>Ebrahim Rasool, designado como persona &#8216;non grata&#8217; por sus cr\u00edticas contra Trump.<\/p>\n<\/div>\n<div class=\"sc-45461e9c-0 eqiBeF container-text text-embed \" id=\"element-body-35\">\n<p>Mientras Washington considere que existe discriminaci\u00f3n contra los afrik\u00e1ners, <strong>Trump ha reiterado que Estados Unidos no participar\u00e1 en ning\u00fan evento del G20<\/strong>, que este a\u00f1o acoge Sud\u00e1frica.<\/p>\n<\/div>\n<div class=\"sc-45461e9c-0 eqiBeF container-text text-embed \" id=\"element-body-36\">\n<p>Tras el choque de este mi\u00e9rcoles con Ramaphosa, volvi\u00f3 a poner en duda su asistencia a la cumbre de presidentes del G20 que se celebrar\u00e1 en Johannesburgo, el 22 y el 23 de noviembre.<\/p>\n<\/div>\n<div class=\"sc-45461e9c-0 eqiBeF container-text text-embed \" id=\"element-body-37\">\n<p>&#8220;Creo que, sin Estados Unidos, (la cumbre) realmente no es muy importante porque ya no es la misma reuni\u00f3n&#8221;, declar\u00f3.<\/p>\n<\/div>\n<div class=\"sc-45461e9c-0 eqiBeF container-text text-embed \" id=\"element-body-38\">\n<p><em>Con informaci\u00f3n de AFP y EFE<\/em><\/p>\n<\/div>\n<\/div>\n<p><br \/>\n<br \/><a href=\"https:\/\/www.clarin.com\/mundo\/ahora-donald-trump-incomodo-presidente-sudafrica-salon-oval-acuso-cometer-genocidio-blancos_0_ILpRXSQdAD.html\">Fuente Clarin.com <\/a><\/p>\n","protected":false},"excerpt":{"rendered":"<p>Donald Trump sorprendi\u00f3 este mi\u00e9rcoles al presidente de Sud\u00e1frica, Cyril Ramaphosa, al mostrarle un video que supuestamente comprueba las acusaciones estadounidenses de un genocidio contra blancos en el pa\u00eds africano. Durante un encuentro oficial con Ramaphosa en el Sal\u00f3n Oval, Trump pidi\u00f3 que apagaran las luces para que se proyectara un video en una pantalla, [&hellip;]<\/p>\n","protected":false},"author":1,"featured_media":27178,"comment_status":"open","ping_status":"open","sticky":false,"template":"","format":"standard","meta":{"footnotes":""},"categories":[2],"tags":[7929,1412,18902,7448,835,178,15784,2287,10022,135,5549,15841,179],"class_list":["post-27177","post","type-post","status-publish","format-standard","has-post-thumbnail","hentry","category-ultimas-noticias","tag-acuso","tag-ahora","tag-blancos","tag-cometer","tag-contra","tag-donald","tag-genocidio","tag-incomodo","tag-oval","tag-presidente","tag-salon","tag-sudafrica","tag-trump"],"_links":{"self":[{"href":"https:\/\/13.com.ar\/index.php\/wp-json\/wp\/v2\/posts\/27177","targetHints":{"allow":["GET"]}}],"collection":[{"href":"https:\/\/13.com.ar\/index.php\/wp-json\/wp\/v2\/posts"}],"about":[{"href":"https:\/\/13.com.ar\/index.php\/wp-json\/wp\/v2\/types\/post"}],"author":[{"embeddable":true,"href":"https:\/\/13.com.ar\/index.php\/wp-json\/wp\/v2\/users\/1"}],"replies":[{"embeddable":true,"href":"https:\/\/13.com.ar\/index.php\/wp-json\/wp\/v2\/comments?post=27177"}],"version-history":[{"count":0,"href":"https:\/\/13.com.ar\/index.php\/wp-json\/wp\/v2\/posts\/27177\/revisions"}],"wp:featuredmedia":[{"embeddable":true,"href":"https:\/\/13.com.ar\/index.php\/wp-json\/wp\/v2\/media\/27178"}],"wp:attachment":[{"href":"https:\/\/13.com.ar\/index.php\/wp-json\/wp\/v2\/media?parent=27177"}],"wp:term":[{"taxonomy":"category","embeddable":true,"href":"https:\/\/13.com.ar\/index.php\/wp-json\/wp\/v2\/categories?post=27177"},{"taxonomy":"post_tag","embeddable":true,"href":"https:\/\/13.com.ar\/index.php\/wp-json\/wp\/v2\/tags?post=27177"}],"curies":[{"name":"wp","href":"https:\/\/api.w.org\/{rel}","templated":true}]}}