{"id":27175,"date":"2025-05-21T17:18:30","date_gmt":"2025-05-21T20:18:30","guid":{"rendered":"https:\/\/13.com.ar\/index.php\/donde-habra-cortes-por-el-paro-y-marcha-docente-en-caba-el-mapa-del-transito-para-manana\/"},"modified":"2025-05-21T17:18:30","modified_gmt":"2025-05-21T20:18:30","slug":"donde-habra-cortes-por-el-paro-y-marcha-docente-en-caba-el-mapa-del-transito-para-manana","status":"publish","type":"post","link":"https:\/\/13.com.ar\/index.php\/donde-habra-cortes-por-el-paro-y-marcha-docente-en-caba-el-mapa-del-transito-para-manana\/","title":{"rendered":"\u00bfD\u00f3nde habr\u00e1 cortes por el paro y marcha docente en CABA? El mapa del tr\u00e1nsito para ma\u00f1ana"},"content":{"rendered":"<p> <br \/>\n<br \/><img decoding=\"async\" src=\"https:\/\/13.com.ar\/wp-content\/uploads\/2025\/05\/\u00bfDonde-habra-cortes-por-el-paro-y-marcha-docente-en.jpg\" \/><\/p>\n<div id=\"element-body-0\">\n<p>La Confederaci\u00f3n de Trabajadores de la Educaci\u00f3n de la Rep\u00fablica Argentina (<strong>Ctera<\/strong>)<strong> <\/strong>y El Sindicato Unificado de Trabajadores de la Educaci\u00f3n de Buenos Aires (<strong>Suteba<\/strong>) convocaron para el<strong> jueves 22 de mayo<\/strong> una<strong> jornada nacional de lucha<\/strong> en todo el pa\u00eds. En Buenos Aires, los gremios docentes se movilizar\u00e1n frente al<strong> Ministerio de Econom\u00eda<\/strong>, por lo que el transito podr\u00eda verse afectado.<\/p>\n<\/div>\n<div id=\"element-body-1\">\n<p>La convocatoria incluye, adem\u00e1s de la <strong>suspensi\u00f3n de las actividades, reclamos por un aumento salarial, <\/strong>la restituci\u00f3n del FONID, la apertura de la Paritaria Nacional Docente y la creaci\u00f3n de un Fondo Compensador para reducir las desigualdades salariales entre provincias, seg\u00fan detalla Ctera en su sitio oficial<\/p>\n<\/div>\n<div id=\"element-body-2\">\n<p>En un comunicado publicado este mi\u00e9rcoles 21 de mayo, ambos sindicatos expresaron su repudio a la <strong>modificaci\u00f3n del Art\u00edculo 10\u00b0 de la Ley N\u00ba 26.075 de Financiamiento Educativo<\/strong>, que elimina la participaci\u00f3n del Estado nacional, a trav\u00e9s de la Secretar\u00eda de Educaci\u00f3n de la Naci\u00f3n, de la negociaci\u00f3n del salario m\u00ednimo docente.<\/p>\n<\/div>\n<div id=\"element-body-3\">\n<p>&#8220;Esta decisi\u00f3n representa un grav\u00edsimo retroceso en materia de derechos laborales, un atentado contra la Paritaria Nacional Docente y una violaci\u00f3n del esp\u00edritu federal y democr\u00e1tico de nuestro Sistema Educativo&#8221;, manifiesta un fragmento del mensaje.<\/p>\n<\/div>\n<div id=\"element-body-5\">\n<p>Seg\u00fan lo informado por <strong>Ctera y Suteba<\/strong> en sus redes sociales, en Buenos Aires, la movilizaci\u00f3n comenzar\u00e1 a las <strong>11 horas<\/strong> desde <strong>Diagonal Norte y Esmeralda<\/strong> (a 200 metros del Obelisco) hasta el Ministerio de Econom\u00eda de la Naci\u00f3n, en Av. Hip\u00f3lito Yrigoyen 250.<\/p>\n<\/div>\n<div id=\"element-body-9\">\n<p>A la<strong> jornada de protesta del 22 de mayo<\/strong> se sumar\u00e1n docentes y no docentes universitarios, principalmente de la Universidad de Buenos Aires (UBA).<\/p>\n<\/div>\n<div id=\"element-body-10\">\n<p>Asimismo, el <strong>Plenario de Secretarias y Secretarios Generales de la Federaci\u00f3n Nacional de Docentes Universitarios (CONADU)<\/strong> y la<strong> Asociaci\u00f3n de Docentes de Ense\u00f1anza Media y Superior<\/strong> <strong>(Adermys)<\/strong> expresaron su participaci\u00f3n a la medida de fuerza en defensa de la educaci\u00f3n superior.<\/p>\n<\/div>\n<div id=\"element-body-11\">\n<p>Tambi\u00e9n se plegar\u00e1 la <strong>Asociaci\u00f3n Trabajadores del Estado (ATE)<\/strong>, que marchar\u00e1 al Ministerio de Econom\u00eda en el marco del Paro Nacional convocado para exigir la reapertura de paritarias.<\/p>\n<\/div>\n<div id=\"element-body-14\">\n<p>La <strong>movilizaci\u00f3n docente<\/strong> comenzar\u00e1 en la intersecci\u00f3n de <strong>Diagonal Norte<\/strong> y <strong>Esmeralda<\/strong>, y avanzar\u00e1 hasta el <strong>Ministerio de Econom\u00eda de la Naci\u00f3n<\/strong>, ubicado en <strong>Hip\u00f3lito Yrigoyen al 250<\/strong>. Aunque el recorrido es corto \u2014unas siete cuadras y cerca de un kil\u00f3metro\u2014, se espera que el tr\u00e1nsito en la zona se vea afectado durante la protesta.<\/p>\n<\/div>\n<div id=\"element-body-15\">\n<p>Calles como <strong>Diagonal Norte<\/strong>,<strong> Esmeralda<\/strong>,<strong> Reconquista<\/strong>,<strong> Per\u00f3n<\/strong> y <strong>Hip\u00f3lito Yrigoyen<\/strong>, adem\u00e1s de avenidas cercanas como <strong>9 de Julio<\/strong> y <strong>Corrientes<\/strong>, podr\u00edan experimentar demoras y cortes moment\u00e1neos. El paso de peatones tambi\u00e9n se ver\u00e1 complicado en varios puntos, sobre todo en las esquinas donde se concentrar\u00e1 el movimiento de gente, lo puede generar aglomeraciones y dificultades para cruzar.<\/p>\n<\/div>\n<div id=\"element-body-16\">\n<p>Por eso, se recomienda a quienes circulen por el centro porte\u00f1o que tomen rutas alternativas y consideren posibles demoras hasta que finalice la marcha. <\/p>\n<\/div>\n<p><br \/>\n<br \/><a href=\"https:\/\/www.clarin.com\/informacion-general\/cortes-paro-marcha-docente-caba-mapa-transito-manana_0_mj7kDTb3Jw.html\">Fuente Clarin.com <\/a><\/p>\n","protected":false},"excerpt":{"rendered":"<p>La Confederaci\u00f3n de Trabajadores de la Educaci\u00f3n de la Rep\u00fablica Argentina (Ctera) y El Sindicato Unificado de Trabajadores de la Educaci\u00f3n de Buenos Aires (Suteba) convocaron para el jueves 22 de mayo una jornada nacional de lucha en todo el pa\u00eds. En Buenos Aires, los gremios docentes se movilizar\u00e1n frente al Ministerio de Econom\u00eda, por [&hellip;]<\/p>\n","protected":false},"author":1,"featured_media":27176,"comment_status":"open","ping_status":"open","sticky":false,"template":"","format":"standard","meta":{"footnotes":""},"categories":[2],"tags":[4054,2269,100,3738,743,2086,804,7044,1126,16,8177,142,1935],"class_list":["post-27175","post","type-post","status-publish","format-standard","has-post-thumbnail","hentry","category-ultimas-noticias","tag-caba","tag-cortes","tag-del","tag-docente","tag-donde","tag-habra","tag-manana","tag-mapa","tag-marcha","tag-para","tag-paro","tag-por","tag-transito"],"_links":{"self":[{"href":"https:\/\/13.com.ar\/index.php\/wp-json\/wp\/v2\/posts\/27175","targetHints":{"allow":["GET"]}}],"collection":[{"href":"https:\/\/13.com.ar\/index.php\/wp-json\/wp\/v2\/posts"}],"about":[{"href":"https:\/\/13.com.ar\/index.php\/wp-json\/wp\/v2\/types\/post"}],"author":[{"embeddable":true,"href":"https:\/\/13.com.ar\/index.php\/wp-json\/wp\/v2\/users\/1"}],"replies":[{"embeddable":true,"href":"https:\/\/13.com.ar\/index.php\/wp-json\/wp\/v2\/comments?post=27175"}],"version-history":[{"count":0,"href":"https:\/\/13.com.ar\/index.php\/wp-json\/wp\/v2\/posts\/27175\/revisions"}],"wp:featuredmedia":[{"embeddable":true,"href":"https:\/\/13.com.ar\/index.php\/wp-json\/wp\/v2\/media\/27176"}],"wp:attachment":[{"href":"https:\/\/13.com.ar\/index.php\/wp-json\/wp\/v2\/media?parent=27175"}],"wp:term":[{"taxonomy":"category","embeddable":true,"href":"https:\/\/13.com.ar\/index.php\/wp-json\/wp\/v2\/categories?post=27175"},{"taxonomy":"post_tag","embeddable":true,"href":"https:\/\/13.com.ar\/index.php\/wp-json\/wp\/v2\/tags?post=27175"}],"curies":[{"name":"wp","href":"https:\/\/api.w.org\/{rel}","templated":true}]}}