{"id":27173,"date":"2025-05-21T17:15:32","date_gmt":"2025-05-21T20:15:32","guid":{"rendered":"https:\/\/13.com.ar\/index.php\/la-justicia-de-nueva-york-avanza-con-la-investigacion-del-escandalo-libra-y-las-causas-se-unifican-en-el-fuero-federal\/"},"modified":"2025-05-21T17:15:32","modified_gmt":"2025-05-21T20:15:32","slug":"la-justicia-de-nueva-york-avanza-con-la-investigacion-del-escandalo-libra-y-las-causas-se-unifican-en-el-fuero-federal","status":"publish","type":"post","link":"https:\/\/13.com.ar\/index.php\/la-justicia-de-nueva-york-avanza-con-la-investigacion-del-escandalo-libra-y-las-causas-se-unifican-en-el-fuero-federal\/","title":{"rendered":"La justicia de Nueva York avanza con la investigaci\u00f3n del esc\u00e1ndalo $Libra y las causas se unifican en el fuero federal"},"content":{"rendered":"<p> <br \/>\n<br \/><img decoding=\"async\" src=\"https:\/\/13.com.ar\/wp-content\/uploads\/2025\/05\/La-justicia-de-Nueva-York-avanza-con-la-investigacion-del.jpg\" \/><\/p>\n<div id=\"element-body-0\">\n<p>La <strong>demanda colectiva que se inici\u00f3 en Estados Unidos por el esc\u00e1ndalo $LIBRA,<\/strong> registr\u00f3 un fuerte movimiento estos d\u00edas en la justicia estadounidense: <strong>ascendi\u00f3 del fuero estatal al federal en Nueva York<\/strong> y se unific\u00f3 con otra \u201cclass action\u201d por otro cripto-esc\u00e1ndalo que tiene a los mismos protagonistas como acusados.<\/p>\n<\/div>\n<div id=\"element-body-1\">\n<p>\u201cLos demandados trasladaron la demanda colectiva de $LIBRA a un tribunal federal\u201d, dijeron a <strong>Clar\u00edn<\/strong> desde el estudio jur\u00eddico Burwick en Nueva York, que present\u00f3 inicialmente el caso a la justicia en marzo, y que ahora buscan acelerar el proceso. \u201cPondremos todo el peso de nuestra firma en este asunto\u201d, se\u00f1alaron. La demanda colectiva, sin embargo, no involucra al presidente Javier Milei que promocion\u00f3 la criptomoneda.<\/p>\n<\/div>\n<div id=\"element-body-2\">\n<p>La nueva dimensi\u00f3n de la causa fue por un pedido concreto de Benjamin Chow -cofundador de la plataforma Meteora y uno de los acusados por el esc\u00e1ndalo-, que <strong>reclam\u00f3 a la justicia que la \u201cclass action\u201d por $LIBRA<\/strong>, que hasta ahora resid\u00eda en la Corte Suprema del estado de Nueva York, se trasladara a la Corte del Distrito Sur de Nueva York, que es parte de fuero federal.<\/p>\n<\/div>\n<div id=\"element-body-3\">\n<p>Su pedido se bas\u00f3 en que hay otro caso similar al de $LIBRA en el que <strong>tambi\u00e9n se lo acusa, junto con Hayden Mark Davis, su hermano y su padre<\/strong>, entre otros, y que por un tema de \u201ceficiencia judicial\u201d conven\u00eda que se trataran ambos en el mismo tribunal.<\/p>\n<\/div>\n<div id=\"element-body-4\">\n<p>Se refer\u00eda al presunto lanzamiento enga\u00f1oso o manipulado en abril de las \u201ccriptomemes\u201d $M3M3, a trav\u00e9s de la plataforma Meteora de Chow, por el que enfrentan otra demanda por cientos de millones de d\u00f3lares. Este token fue lanzado el 4 de diciembre y, con una estrategia similar a la de $LIBRA, su valor se derrumb\u00f3, dejando miles de damnificados y unos pocos beneficiados con millones. En ambos casos, Meteora aport\u00f3 la infraestructura tecnol\u00f3gica y, adem\u00e1s, ambos \u201calegan que los demandados hicieron declaraciones falsas y enga\u00f1osas sobre los tokens\u201d.<\/p>\n<\/div>\n<div id=\"element-body-5\">\n<p>El pedido fue evaluado por la <strong>jueza federal Jennifer Rochon del Distrito Sur de Nueva York,<\/strong> que acept\u00f3 las razones de Chow y le orden\u00f3 a la corte estatal que le remitiera el caso, por lo que ahora ella tiene en sus manos ambas demandas.<\/p>\n<\/div>\n<div id=\"element-body-6\">\n<p>\u201cLos casos de Libra y $M3M3 nombran a los mismos demandados y surgen de una presunta conducta similar\u201d, se\u00f1alaron a <strong>Clar\u00edn<\/strong> desde Burwick, aunque no profundizaron sobre las posibles superposiciones.<\/p>\n<\/div>\n<div id=\"element-body-7\">\n<p>Las demandas de ambos casos fueron presentadas por Burwick Law y en las dos causas los acusados son el empresario Hayden Davis, su padre y su hermano, la firma KIP protocol y las plataformas Jupiter y Meteora, entre otros. Tambi\u00e9n se utilizaron <strong>\u201cpersonas influyentes\u201d para captar inversionistas, que en el caso de $LIBRA fue el presidente Javier Milei.<\/strong><\/p>\n<\/div>\n<div id=\"element-body-8\">\n<p>La demanda colectiva por $LIBRA evit\u00f3 ir contra Milei, la hermana y secretaria general de la presidencia Karina Milei y otros protagonistas del esc\u00e1ndalo como Mauricio Novelli, Manuel Terrones Godoy, aunque mencionan varias veces en la causa al jefe de la Rosada y dicen que el token tuvo \u201cel respaldo de alto perfil del presidente de Argentina\u201d.<\/p>\n<\/div>\n<div id=\"element-body-9\">\n<p>En su momento desde Burwick dijeron que no cre\u00edan que \u201cla responsabilidad se extienda a aquellas personas que no estuvieron directamente involucradas en la estructuraci\u00f3n o ejecuci\u00f3n del esquema\u201d. Pero se estima que<strong> la presentaci\u00f3n excluy\u00f3 a los altos funcionarios para evitar dilaciones<\/strong> con el Estado argentino y poder resolver m\u00e1s r\u00e1pido la demanda.<\/p>\n<\/div>\n<div id=\"element-body-10\">\n<p>Desde Burwick Law afirmaron que la novedad en la causa no afectar\u00e1 el desarrollo. \u201cEl traslado a un tribunal federal no debilita nuestra posici\u00f3n. Las reparaciones y la posible indemnizaci\u00f3n se mantienen\u201d, se\u00f1alaron.<\/p>\n<\/div>\n<div id=\"element-body-11\">\n<p>Respecto de los pasos a seguir, afirmaron que \u201cel tribunal elegir\u00e1 a un demandante principal y a un abogado principal, establecer\u00e1 un calendario de presentaciones y abrir\u00e1 la investigaci\u00f3n. Burwick Law ya est\u00e1 organizando las pruebas y el an\u00e1lisis pericial para poder actuar con rapidez una vez que se fijen las fechas\u201d.<\/p>\n<\/div>\n<div id=\"element-body-12\">\n<p>Burwick es un estudio especializado en criptomonedas. Representa a m\u00e1s de tres mil inversores en cripto y est\u00e1n llevando adelante demandas por m\u00e1s de diez mil millones de d\u00f3lares ante jueces federales estadounidenses, entre ellas la de $LIBRA y la de $M3M3.<\/p>\n<\/div>\n<div id=\"element-body-13\">\n<p><strong>La \u201cclass action\u201d que tiene impacto en Argentina se lanz\u00f3 a nombre de Omar Hurlock, uno de los afectados, y \u201cotros posibles damnificados<\/strong>\u201d. El socio director de la compa\u00f1\u00eda, Max Burwick, afirm\u00f3: \u201cCreemos que todo el mundo merece justicia, no s\u00f3lo las empresas. Humildemente estamos con Omar y la demanda colectiva $Libra y pondremos todo el peso de nuestra firma a este asunto\u201d.<\/p>\n<\/div>\n<p><br \/>\n<br \/><a href=\"https:\/\/www.clarin.com\/politica\/justicia-nueva-york-avanza-investigacion-escandalo-libra-causas-unifican-fuero-federal_0_UViwWxVFPu.html\">Fuente Clarin.com <\/a><\/p>\n","protected":false},"excerpt":{"rendered":"<p>La demanda colectiva que se inici\u00f3 en Estados Unidos por el esc\u00e1ndalo $LIBRA, registr\u00f3 un fuerte movimiento estos d\u00edas en la justicia estadounidense: ascendi\u00f3 del fuero estatal al federal en Nueva York y se unific\u00f3 con otra \u201cclass action\u201d por otro cripto-esc\u00e1ndalo que tiene a los mismos protagonistas como acusados. \u201cLos demandados trasladaron la demanda [&hellip;]<\/p>\n","protected":false},"author":1,"featured_media":27174,"comment_status":"open","ping_status":"open","sticky":false,"template":"","format":"standard","meta":{"footnotes":""},"categories":[2],"tags":[253,3271,18,100,1711,4530,18901,1362,964,48,7109,19,18900,1088],"class_list":["post-27173","post","type-post","status-publish","format-standard","has-post-thumbnail","hentry","category-ultimas-noticias","tag-avanza","tag-causas","tag-con","tag-del","tag-escandalo","tag-federal","tag-fuero","tag-investigacion","tag-justicia","tag-las","tag-libra","tag-nueva","tag-unifican","tag-york"],"_links":{"self":[{"href":"https:\/\/13.com.ar\/index.php\/wp-json\/wp\/v2\/posts\/27173","targetHints":{"allow":["GET"]}}],"collection":[{"href":"https:\/\/13.com.ar\/index.php\/wp-json\/wp\/v2\/posts"}],"about":[{"href":"https:\/\/13.com.ar\/index.php\/wp-json\/wp\/v2\/types\/post"}],"author":[{"embeddable":true,"href":"https:\/\/13.com.ar\/index.php\/wp-json\/wp\/v2\/users\/1"}],"replies":[{"embeddable":true,"href":"https:\/\/13.com.ar\/index.php\/wp-json\/wp\/v2\/comments?post=27173"}],"version-history":[{"count":0,"href":"https:\/\/13.com.ar\/index.php\/wp-json\/wp\/v2\/posts\/27173\/revisions"}],"wp:featuredmedia":[{"embeddable":true,"href":"https:\/\/13.com.ar\/index.php\/wp-json\/wp\/v2\/media\/27174"}],"wp:attachment":[{"href":"https:\/\/13.com.ar\/index.php\/wp-json\/wp\/v2\/media?parent=27173"}],"wp:term":[{"taxonomy":"category","embeddable":true,"href":"https:\/\/13.com.ar\/index.php\/wp-json\/wp\/v2\/categories?post=27173"},{"taxonomy":"post_tag","embeddable":true,"href":"https:\/\/13.com.ar\/index.php\/wp-json\/wp\/v2\/tags?post=27173"}],"curies":[{"name":"wp","href":"https:\/\/api.w.org\/{rel}","templated":true}]}}