{"id":27171,"date":"2025-05-21T17:12:31","date_gmt":"2025-05-21T20:12:31","guid":{"rendered":"https:\/\/13.com.ar\/index.php\/tomas-etcheverry-dio-otro-paso-en-hamburgo-se-metio-en-octavos-de-final-y-quiere-revertir-su-magro-presente\/"},"modified":"2025-05-21T17:12:31","modified_gmt":"2025-05-21T20:12:31","slug":"tomas-etcheverry-dio-otro-paso-en-hamburgo-se-metio-en-octavos-de-final-y-quiere-revertir-su-magro-presente","status":"publish","type":"post","link":"https:\/\/13.com.ar\/index.php\/tomas-etcheverry-dio-otro-paso-en-hamburgo-se-metio-en-octavos-de-final-y-quiere-revertir-su-magro-presente\/","title":{"rendered":"Tom\u00e1s Etcheverry dio otro paso en Hamburgo, se meti\u00f3 en octavos de final y quiere revertir su magro presente"},"content":{"rendered":"<p> <br \/>\n<br \/><img decoding=\"async\" src=\"https:\/\/13.com.ar\/wp-content\/uploads\/2025\/05\/Tomas-Etcheverry-dio-otro-paso-en-Hamburgo-se-metio-en.jpg\" \/><\/p>\n<div id=\"cuerpo\">\n<div class=\"sc-45461e9c-0 eqiBeF container-text text-embed \" id=\"element-body-0\">\n<p><strong>Tom\u00e1s Etcheverry<\/strong> lleg\u00f3 al <strong>ATP 500 de Hamburgo<\/strong> con la necesidad de ganar partidos. Para empezar a revertir una temporada que arranc\u00f3 complicada en cuanto a resultados y ganar ritmo de cara a <strong>Roland Garros<\/strong> y para evitar una abrupta ca\u00edda en el ranking, ya que el pr\u00f3ximo lunes se le vencen los puntos que sum\u00f3 el a\u00f1o pasado al llegar a la final de Lyon. Y arranc\u00f3 firme sobre el polvo de ladrillo del torneo alem\u00e1n, en el que este mi\u00e9rcoles avanz\u00f3 a cuartos de final al quedarse con un duelo cien por ciento argentino.<\/p>\n<\/div>\n<div class=\"sc-45461e9c-0 eqiBeF container-text text-embed \" id=\"element-body-1\">\n<p>El platense, 55\u00b0 del ranking, venci\u00f3 por un doble 6-4 a <strong>Camilo Ugo Carabelli<\/strong>, 52\u00b0, en casi dos horas de juego y se meti\u00f3 entre los ochos mejores. Su pr\u00f3ximo rival ser\u00e1 el checo <strong>Jiri Lehecka<\/strong>, 37\u00b0, quien evit\u00f3 un nuevo choque albiceleste en el certamen al bajar a <strong>Francisco Cer\u00fandolo<\/strong>, cuarto favorito, por 7-5 y 6-2.<\/p>\n<\/div>\n<div class=\"sc-45461e9c-0 eqiBeF container-text text-embed \" id=\"element-body-2\">\n<p><em>Tommy<\/em>, que en el debut hab\u00eda derrotado tambi\u00e9n en dos sets a <strong>Francisco Comesa\u00f1a<\/strong>, no ganaba dos partidos al hilo desde febrero, cuando lleg\u00f3 a cuartos en el <strong>ATP 250 de Santiago de Chile<\/strong>, del que se despidi\u00f3 al caer ante el mayor de los Cer\u00fandolo. Ahora jugar\u00e1 por 15\u00aa vez los cuartos en una cita del circuito m\u00e1s importante del tenis profesional y buscar\u00e1 sus s\u00e9ptimas semifinales.<\/p>\n<\/div>\n<div class=\"sc-45461e9c-0 eqiBeF container-text text-embed \" id=\"element-body-3\">\n<p>Con su victoria ante Ugo Carabelli, que est\u00e1 viviendo su mejor temporada y ven\u00eda de ganarle a <strong>Sebasti\u00e1n B\u00e1ez<\/strong>, Etcheverry defendi\u00f3 ya 100 de los 165 puntos que hab\u00eda conseguido en Lyon 2024, donde jug\u00f3 la tercera final de su carrera.<\/p>\n<\/div>\n<div class=\"sc-45461e9c-0 eqiBeF container-text text-embed \" id=\"element-body-4\">\n<p>Si se mete en semis, no solo se asegurar\u00e1 conservar esa cosecha, sino que adem\u00e1s alimentar\u00e1 su ranking un poco m\u00e1s y evitar\u00e1 perder m\u00e1s terreno. Hoy est\u00e1 64\u00b0 en la clasificaci\u00f3n virtual.<\/p>\n<\/div>\n<div class=\"sc-106e49c0-0 dcVumd freeHtml-embed undefined\" id=\"element-body-5\">\n<blockquote class=\"twitter-tweet\">\n<p lang=\"es\" dir=\"ltr\">Resiste <a rel=\"nofollow\" target=\"_blank\" href=\"https:\/\/twitter.com\/tometcheverry?ref_src=twsrc%5Etfw\">@tometcheverry<\/a> \ud83d\udc4a<\/p>\n<p>\ud83c\udde6\ud83c\uddf7 Etcheverry se presenta en cuartos de final de Hamburgo, al imponerse a Ugo Carabelli por 6-4, 6-4.<a rel=\"nofollow\" target=\"_blank\" href=\"https:\/\/twitter.com\/hamburgopenatp?ref_src=twsrc%5Etfw\">@hamburgopenatp<\/a> | <a rel=\"nofollow\" target=\"_blank\" href=\"https:\/\/twitter.com\/hashtag\/bitpandahamburgopen?src=hash&amp;ref_src=twsrc%5Etfw\">#bitpandahamburgopen<\/a> <a rel=\"nofollow\" target=\"_blank\" href=\"https:\/\/t.co\/NwZiCQD7Rf\">pic.twitter.com\/NwZiCQD7Rf<\/a><\/p>\n<p>\u2014 ATP Tour en Espa\u00f1ol (@ATPTour_ES) <a rel=\"nofollow\" target=\"_blank\" href=\"https:\/\/twitter.com\/ATPTour_ES\/status\/1925183208825434593?ref_src=twsrc%5Etfw\">May 21, 2025<\/a><\/p><\/blockquote>\n<\/div>\n<div class=\"sc-45461e9c-0 eqiBeF container-text text-embed \" id=\"element-body-6\">\n<p>El platense comenz\u00f3 a trabajar este a\u00f1o con <strong>Horacio De La Pe\u00f1a<\/strong>, pero no consigui\u00f3 a\u00fan aceitar del todo la sociedad con su nuevo entrenador. Y tras un 2024 de mucho crecimiento, en el que lleg\u00f3 a ser el 27\u00b0 del mundo y finaliz\u00f3 entre los 40 primeros, este a\u00f1o acumula un r\u00e9cord de 13 victorias y 16 derrotas, contando los torneos del <strong>ATP Tour<\/strong> y tambi\u00e9n su participaci\u00f3n en la <strong>Copa Davis<\/strong> y los dos <strong>Challengers <\/strong>que disput\u00f3. Su comienzo en Hamburgo, igual, lo ilusiona con poder revertir ese flojo presente.<\/p>\n<\/div>\n<div class=\"sc-45461e9c-0 eqiBeF container-text text-embed \" id=\"element-body-7\">\n<p>Etcheverry es el \u00fanico argentino que sigue en carrera en el torneo, porque Cer\u00fandolo, que se perfilaba en la previa como uno de los candidatos a llegar bien lejos en el cuadro, no pudo con Lehecka y se despidi\u00f3 demasiado r\u00e1pido.<\/p>\n<\/div>\n<div class=\"sc-45461e9c-0 eqiBeF container-text text-embed \" id=\"element-body-8\">\n<p>El porte\u00f1o, 18\u00b0 del mundo, arranc\u00f3 mejor y lleg\u00f3 a tener una ventaja de 5-3 en el set inicial. Pero el checo reaccion\u00f3, gan\u00f3 cuatro <em>games <\/em>al hilo y se llev\u00f3 el parcial. El argentino nunca termin\u00f3 de recuperarse de ese golpe y su rival pudo encaminar el segundo con m\u00e1s facilidad.<\/p>\n<\/div>\n<div class=\"sc-45461e9c-0 eqiBeF container-text text-embed \" id=\"element-body-9\">\n<p>La derrota de Cer\u00fandolo sorprendi\u00f3 porque est\u00e1 jugando un tenis de alto nivel desde el arranque de la gira sudamericana de polvo de ladrillo. Y hab\u00eda firmado muy buenas actuaciones en las canchas lentas europeas, con las semifinales de <strong>Munich <\/strong>y <strong>Madrid<\/strong> (donde volvi\u00f3 a vencer a <strong>Alexander Zverev<\/strong>) como puntos m\u00e1s altos.<\/p>\n<\/div>\n<div class=\"sc-106e49c0-0 dcVumd freeHtml-embed undefined\" id=\"element-body-10\">\n<blockquote class=\"twitter-tweet\">\n<p lang=\"es\" dir=\"ltr\">\u00a1Espect\u00e1culo en Hamburgo! \u2728<\/p>\n<p>\ud83c\udde6\ud83c\uddf7 <a rel=\"nofollow\" target=\"_blank\" href=\"https:\/\/twitter.com\/FranCerundolo?ref_src=twsrc%5Etfw\">@FranCerundolo<\/a> se lleva un vibrante punto ante Lehecka. <a rel=\"nofollow\" target=\"_blank\" href=\"https:\/\/twitter.com\/hamburgopenatp?ref_src=twsrc%5Etfw\">@hamburgopenatp<\/a> | <a rel=\"nofollow\" target=\"_blank\" href=\"https:\/\/twitter.com\/hashtag\/bitpandahamburgopen?src=hash&amp;ref_src=twsrc%5Etfw\">#bitpandahamburgopen<\/a> <a rel=\"nofollow\" target=\"_blank\" href=\"https:\/\/t.co\/czRzYWlNCo\">pic.twitter.com\/czRzYWlNCo<\/a><\/p>\n<p>\u2014 ATP Tour en Espa\u00f1ol (@ATPTour_ES) <a rel=\"nofollow\" target=\"_blank\" href=\"https:\/\/twitter.com\/ATPTour_ES\/status\/1925146672331440172?ref_src=twsrc%5Etfw\">May 21, 2025<\/a><\/p><\/blockquote>\n<\/div>\n<div class=\"sc-45461e9c-0 eqiBeF container-text text-embed \" id=\"element-body-11\">\n<p><em>Fran <\/em>tendr\u00e1 que sacudirse r\u00e1pido la bronca y enfocarse en Roland Garros, que arrancar\u00e1 el domingo -el cuadro principal se sortear\u00e1 este jueves- y en el que ser\u00e1 uno de los 20 primeros preclasificados.<\/p>\n<\/div>\n<div class=\"sc-45461e9c-0 eqiBeF container-text text-embed \" id=\"element-body-12\">\n<p>El porte\u00f1o no fue el \u00fanico favorito que se despidi\u00f3 en una jornada de octavos plagada de resultados inesperados. El m\u00e1s resonante fue la ca\u00edda de Zverev, n\u00famero 3 del mundo y m\u00e1ximo favorito, quien perdi\u00f3 3-6, 6-4 y 7-6 (7-5) con el franc\u00e9s <strong>Alexandre Muller<\/strong>, 40\u00b0 del ranking.<\/p>\n<\/div>\n<div class=\"sc-45461e9c-0 eqiBeF container-text text-embed \" id=\"element-body-13\">\n<p>El estadounidense <strong>Frances Tiafoe<\/strong>, segundo cabeza de serie, cay\u00f3 por 6-4 y 6-3 frente al espa\u00f1ol <strong>Roberto Bautista Agut<\/strong>; el espa\u00f1ol <strong>Alejandro Davidovich Fokina<\/strong> (5\u00b0), por 6-4 y 7-5 ante el italiano <strong>Flavio Cobolli<\/strong>; y otro estadounidense, <strong>Brandon Nakashima<\/strong> (7\u00b0), por 5-7, 7-6 (9-7) y 6-2 frente al italo-argentino <strong>Luciano Darderi<\/strong>.<\/p>\n<\/div>\n<div class=\"sc-45461e9c-0 eqiBeF container-text text-embed \" id=\"element-body-14\">\n<p>El ruso <strong>Andrey Rublev<\/strong>, tercer favorito, s\u00ed pudo meterse en cuartos al superar por 6-3 y 7-5 al alem\u00e1n Justin Engel, invitado de la organizaci\u00f3n. Y el canadiense <strong>Felix Auger Aliassime<\/strong> (6\u00b0) le gan\u00f3 6-2 y 6-4 al franc\u00e9s Giovanni Mpetshi Perricard.<\/p>\n<\/div>\n<p><h2>Djokovic volvi\u00f3 con victoria<\/h2>\n<\/p>\n<div class=\"sc-45461e9c-0 eqiBeF container-text text-embed \" id=\"element-body-16\">\n<p>Tras ausentarse del Masters 1000 de Roma, \u00faltimo certamen de esa categor\u00eda previo a Roland Garros, <strong>Novak Djokovic<\/strong> volvi\u00f3 a las canchas con una s\u00f3lida victoria en el <strong>ATP 250 de Ginebra<\/strong>, que sum\u00f3 a su calendario a \u00faltimo momento para afilar su tenis de cara al segundo Grand Slam del a\u00f1o. <\/p>\n<\/div>\n<div class=\"sc-45461e9c-0 eqiBeF container-text text-embed \" id=\"element-body-17\">\n<p>El serbio, seis del mundo y segundo favorito en el torneo suizo, derrot\u00f3 por 6-2 y 6-3 en una hora y 17 minutos al b\u00falgaro <strong>Marton Fucsovics<\/strong>, 134\u00b0 del ranking y uno de los jugadores con mejor forma f\u00edsica del circuito. <\/p>\n<\/div>\n<div class=\"sc-106e49c0-0 dcVumd freeHtml-embed undefined\" id=\"element-body-18\">\n<blockquote class=\"twitter-tweet\">\n<p lang=\"en\" dir=\"ltr\">Geneva reset for Nole \ud83d\udd04<a rel=\"nofollow\" target=\"_blank\" href=\"https:\/\/twitter.com\/DjokerNole?ref_src=twsrc%5Etfw\">@DjokerNole<\/a> snaps his 3-game losing streak, defeating Fucsovics 6-2 6-3 to reach his 220TH QF!<a rel=\"nofollow\" target=\"_blank\" href=\"https:\/\/twitter.com\/hashtag\/gonetgenevaopen?src=hash&amp;ref_src=twsrc%5Etfw\">#gonetgenevaopen<\/a> <a rel=\"nofollow\" target=\"_blank\" href=\"https:\/\/t.co\/VBLsydpoaa\">pic.twitter.com\/VBLsydpoaa<\/a><\/p>\n<p>\u2014 Tennis TV (@TennisTV) <a rel=\"nofollow\" target=\"_blank\" href=\"https:\/\/twitter.com\/TennisTV\/status\/1925248899192598966?ref_src=twsrc%5Etfw\">May 21, 2025<\/a><\/p><\/blockquote>\n<\/div>\n<div class=\"sc-45461e9c-0 eqiBeF container-text text-embed \" id=\"element-body-19\">\n<p>Su pr\u00f3ximo rival ser\u00e1 el italiano <strong>Matteo Arnaldi<\/strong>, 39\u00b0, que venci\u00f3 6-3 y 7-6 (7-3) al <strong>Fabian Marozsan<\/strong> y fue responsable de su eliminaci\u00f3n en el debut en Madrid hace algunas semanas. <\/p>\n<\/div>\n<div class=\"sc-45461e9c-0 eqiBeF container-text text-embed \" id=\"element-body-20\">\n<p><em>Nole <\/em>-que sigue en la b\u00fasqueda de su hist\u00f3rico 100\u00b0 t\u00edtulo- est\u00e1 viviendo una temporada at\u00edpica. Tras retirarse lesionado en las semis del <strong>Australian Open<\/strong>, luego de perder el primer set ante Zverev, entr\u00f3 en un per\u00edodo de irregularidad. Pas\u00f3 por <strong>Doha <\/strong>e <strong>Indian Wells<\/strong> sin victorias; lleg\u00f3 la final de <strong>Miami<\/strong>, pero cedi\u00f3 el t\u00edtulo ante el joven checo <strong>Jakub Mensik<\/strong>; y se despidi\u00f3 de <strong>Montecarlo<\/strong> ante <strong>Alejandro Tabilo<\/strong> y de <strong>Madrid<\/strong> frente a Arnaldi. <\/p>\n<\/div>\n<div class=\"sc-45461e9c-0 eqiBeF container-text text-embed \" id=\"element-body-21\">\n<p>Tras bajarse de Roma sin muchas explicaciones, anunci\u00f3 adem\u00e1s el final de su sociedad con el escoc\u00e9s <strong>Andy Murray<\/strong>, quien se hab\u00eda sumado a su equipo en noviembre del a\u00f1o pasado como entrenador. Y tras meterse en octavos en Ginebra, revel\u00f3 que su compatriota <strong>Dusan Vemic<\/strong>, ex 146\u00b0 de la ATP y actual capit\u00e1n del equipo serbio de la <strong>Copa Billie Jean King<\/strong>, lo est\u00e1 acompa\u00f1ando en este certamen y tambi\u00e9n lo har\u00e1 en Par\u00eds.<\/p>\n<\/div>\n<div class=\"sc-45461e9c-0 eqiBeF container-text text-embed \" id=\"element-body-22\">\n<p>&#8220;\u00c9l y <strong>Boris Bosnjakovic<\/strong>, que es mi segundo entrenador y tambi\u00e9n analista,  van a compartir ese papel durante los dos pr\u00f3ximos torneos y luego ya veremos. No tengo ning\u00fan apuro por elegir si voy a contar con alguien o no, no lo s\u00e9&#8221;, revel\u00f3. <\/p>\n<\/div>\n<\/div>\n<p><script async src=\"\/\/platform.twitter.com\/widgets.js\" charset=\"utf-8\"><\/script><br \/>\n<br \/><br \/>\n<br \/><a href=\"https:\/\/www.clarin.com\/deportes\/tomas-etcheverry-dio-paso-hamburgo-metio-octavos-final-quiere-revertir-magro-presente_0_o19LN7GTPW.html\">Fuente Clarin.com <\/a><\/p>\n","protected":false},"excerpt":{"rendered":"<p>Tom\u00e1s Etcheverry lleg\u00f3 al ATP 500 de Hamburgo con la necesidad de ganar partidos. Para empezar a revertir una temporada que arranc\u00f3 complicada en cuanto a resultados y ganar ritmo de cara a Roland Garros y para evitar una abrupta ca\u00edda en el ranking, ya que el pr\u00f3ximo lunes se le vencen los puntos que [&hellip;]<\/p>\n","protected":false},"author":1,"featured_media":27172,"comment_status":"open","ping_status":"open","sticky":false,"template":"","format":"standard","meta":{"footnotes":""},"categories":[2],"tags":[643,6202,477,18898,18899,930,673,366,158,4215,1273,10307,2590],"class_list":["post-27171","post","type-post","status-publish","format-standard","has-post-thumbnail","hentry","category-ultimas-noticias","tag-dio","tag-etcheverry","tag-final","tag-hamburgo","tag-magro","tag-metio","tag-octavos","tag-otro","tag-paso","tag-presente","tag-quiere","tag-revertir","tag-tomas"],"_links":{"self":[{"href":"https:\/\/13.com.ar\/index.php\/wp-json\/wp\/v2\/posts\/27171","targetHints":{"allow":["GET"]}}],"collection":[{"href":"https:\/\/13.com.ar\/index.php\/wp-json\/wp\/v2\/posts"}],"about":[{"href":"https:\/\/13.com.ar\/index.php\/wp-json\/wp\/v2\/types\/post"}],"author":[{"embeddable":true,"href":"https:\/\/13.com.ar\/index.php\/wp-json\/wp\/v2\/users\/1"}],"replies":[{"embeddable":true,"href":"https:\/\/13.com.ar\/index.php\/wp-json\/wp\/v2\/comments?post=27171"}],"version-history":[{"count":0,"href":"https:\/\/13.com.ar\/index.php\/wp-json\/wp\/v2\/posts\/27171\/revisions"}],"wp:featuredmedia":[{"embeddable":true,"href":"https:\/\/13.com.ar\/index.php\/wp-json\/wp\/v2\/media\/27172"}],"wp:attachment":[{"href":"https:\/\/13.com.ar\/index.php\/wp-json\/wp\/v2\/media?parent=27171"}],"wp:term":[{"taxonomy":"category","embeddable":true,"href":"https:\/\/13.com.ar\/index.php\/wp-json\/wp\/v2\/categories?post=27171"},{"taxonomy":"post_tag","embeddable":true,"href":"https:\/\/13.com.ar\/index.php\/wp-json\/wp\/v2\/tags?post=27171"}],"curies":[{"name":"wp","href":"https:\/\/api.w.org\/{rel}","templated":true}]}}