{"id":2717,"date":"2025-02-06T19:41:40","date_gmt":"2025-02-06T22:41:40","guid":{"rendered":"https:\/\/13.com.ar\/index.php\/la-joaqui-enfrento-los-rumores-y-blanqueo-por-que-se-distancio-de-la-china-suarez\/"},"modified":"2025-02-06T19:41:40","modified_gmt":"2025-02-06T22:41:40","slug":"la-joaqui-enfrento-los-rumores-y-blanqueo-por-que-se-distancio-de-la-china-suarez","status":"publish","type":"post","link":"https:\/\/13.com.ar\/index.php\/la-joaqui-enfrento-los-rumores-y-blanqueo-por-que-se-distancio-de-la-china-suarez\/","title":{"rendered":"La Joaqui enfrent\u00f3 los rumores y blanque\u00f3 por qu\u00e9 se distanci\u00f3 de &#8220;La China&#8221; Su\u00e1rez"},"content":{"rendered":"<p> <br \/>\n<\/p>\n<div id=\"cuerpo\">\n<div class=\"sc-80531b6b-0 chRIGJ container-text text-embed\">\n<p><strong>La Joaqui<\/strong> decidi\u00f3 enfrentar los rumores y hablar en detalle de su v\u00ednculo con <strong>Eugenia &#8220;La China&#8221; Su\u00e1rez<\/strong>, quien por estos d\u00edas est\u00e1 en el ojo medi\u00e1tico por su relaci\u00f3n con Mauro Icardi y sus conflictos con Wanda Nara.<\/p>\n<\/div>\n<div class=\"sc-80531b6b-0 chRIGJ container-text text-embed\">\n<p>La cantante de cumbia RKT estuvo en <em>Cort\u00e1 por Lozano<\/em> (Telefe) y se refiri\u00f3 a la versi\u00f3n de que su relaci\u00f3n de amistad con la actriz se habr\u00eda terminado por la relaci\u00f3n de ambas con el tambi\u00e9n cantante y rapero <strong>Ecko.<\/strong><\/p>\n<\/div>\n<div class=\"sc-80531b6b-0 chRIGJ container-text text-embed\">\n<p><strong>&#8220;\u00bfTe cag\u00f3 un novio ella?&#8221;<\/strong>, le pregunt\u00f3, sin vueltas, Ver\u00f3nica Lozano, conductora del ciclo.<\/p>\n<\/div>\n<div class=\"sc-80531b6b-0 chRIGJ container-text text-embed\">\n<p><strong>&#8220;\u00a1No, eso no pas\u00f3!&#8221;<\/strong>, aclar\u00f3 La Joaqui, que tambi\u00e9n asegur\u00f3 que nunca estuvo en pareja con Ecko. &#8220;Aparte yo con el pibe ni sal\u00ed&#8221;, sostuvo.<\/p>\n<\/div>\n<div class=\"sc-80531b6b-0 chRIGJ container-text text-embed\">\n<p>Luego, la int\u00e9rprete luego hizo referencia a su distanciamiento con La China.<\/p>\n<\/div>\n<div class=\"sc-80531b6b-0 chRIGJ container-text text-embed\">\n<p>&#8220;Uno a veces se desvincula porque cuando vas creciendo vas teniendo gustos distintos. A m\u00ed me gusta el RKT y a vos el pop, entonces vos capaz a la tarde quer\u00e9s tomarte un mate y escuchar Selena Gomez, y a yo quiero ponerme a escuchar a Pablo Lescano y tomarme un terer\u00e9&#8230; Y por eso no est\u00e1 todo mal&#8221;, ejemplific\u00f3 la cantante, intentando explicar su alejamiento de la actriz.<\/p>\n<\/div>\n<div class=\"sc-198be8ec-0 cynXbu image-embed  image-embed \"><picture class=\"sc-198be8ec-1 kOjRiQ\"><source media=\"(min-width: 975px)\" width=\"720\" height=\"480\" \/><img alt=\"La Joaqui se confes\u00f3 con Ver\u00f3nica Lozano. Captura TV.\" loading=\"lazy\" width=\"720\" height=\"480\" decoding=\"async\" data-nimg=\"1\" style=\"color:transparent\" src=\"https:\/\/13.com.ar\/wp-content\/uploads\/2025\/02\/La-Joaqui-enfrento-los-rumores-y-blanqueo-por-que-se.jpg\"\/><span class=\"epigraphe\">La Joaqui se confes\u00f3 con Ver\u00f3nica Lozano. Captura TV.<\/span><span class=\"bkg\"\/><span class=\"picture-open\"><button class=\"open-image\" aria-label=\"Open Image\"\/><\/span><\/picture><\/div>\n<div class=\"sc-80531b6b-0 chRIGJ container-text text-embed\">\n<p>Y despu\u00e9s fue m\u00e1s espec\u00edfica: <strong>&#8220;No tuve ning\u00fan problema con ella tampoco. S\u00ed eramos amigas, y sigue estando la mejor&#8221;.<\/strong> <\/p>\n<\/div>\n<div class=\"sc-80531b6b-0 chRIGJ container-text text-embed\">\n<p><strong>&#8220;La verdad que no me la cruzo hace un mont\u00f3n porque yo estoy en otra&#8230;&#8221;<\/strong>, sum\u00f3 La Joaqui. &#8220;Y ella adem\u00e1s ahora est\u00e1 en Turqu\u00eda&#8221;, sum\u00f3 Lozano.<\/p>\n<\/div>\n<div class=\"sc-80531b6b-0 chRIGJ container-text text-embed\">\n<p><strong>&#8220;No hablo hace un mont\u00f3n&#8221;<\/strong>, se\u00f1al\u00f3 luego La Joaqui cuando la conductora si ten\u00eda alg\u00fan dato sobre el <em>Wandagate<\/em>, el esc\u00e1ndalo medi\u00e1tico que incluye a La China, Wanda Nara, Icardi y tambi\u00e9n a L-Gante, actual pareja de la medi\u00e1tica.<\/p>\n<\/div>\n<p><h2>La Joaqui habl\u00f3 de su romance con Luck Ra: &#8220;Estoy muy enamorada&#8221;<\/h2>\n<\/p>\n<div class=\"sc-80531b6b-0 chRIGJ container-text text-embed\">\n<p>En otro pasaje de la entrevista, La Joaqui, que el pr\u00f3ximo 21 de febrero se presentar\u00e1 en el Movistar Arena, habl\u00f3 de su romance con Luck Ra.<\/p>\n<\/div>\n<div class=\"sc-80531b6b-0 chRIGJ container-text text-embed\">\n<p><strong>&#8220;Estoy muy enamorada. <\/strong>Hay gente que no me sigue creyendo que estoy enamorada, porque yo siempre fui militante de no creas en el amor&#8230; Pero qu\u00e9 se yo, el acento me mat\u00f3&#8221;, dijo sobre el cordob\u00e9s, a quien conoci\u00f3 &#8220;por el ambiente&#8221; de la m\u00fasica, &#8220;donde nos conocemos entre todos&#8221;.<\/p>\n<\/div>\n<div class=\"sc-198be8ec-0 cynXbu image-embed  image-embed \"><picture class=\"sc-198be8ec-1 kOjRiQ\"><source media=\"(min-width: 975px)\" width=\"720\" height=\"480\" \/><img alt=\"Luck Ra y La Joaqui, enamorados | Foto: Instagram. Archivo.\" loading=\"lazy\" width=\"720\" height=\"480\" decoding=\"async\" data-nimg=\"1\" style=\"color:transparent\" src=\"https:\/\/13.com.ar\/wp-content\/uploads\/2025\/02\/1738881700_668_La-Joaqui-enfrento-los-rumores-y-blanqueo-por-que-se.jpg\"\/><span class=\"epigraphe\">Luck Ra y La Joaqui, enamorados | Foto: Instagram. Archivo.<\/span><span class=\"bkg\"\/><span class=\"picture-open\"><button class=\"open-image\" aria-label=\"Open Image\"\/><\/span><\/picture><\/div>\n<div class=\"sc-80531b6b-0 chRIGJ container-text text-embed\">\n<p>Sobre c\u00f3mo inici\u00f3 el romance, cont\u00f3: &#8220;Era el \u00fanico hombre distinto a los que me hab\u00eda cruzado. <strong>Siempre me pareci\u00f3 hermoso.<\/strong> Es muy gracioso y es muy buena persona, buena gente&#8221;. &#8220;Nos empezamos a hablar por Instagram y un d\u00eda lo invit\u00e9 a salir. Lo invit\u00e9 a ver una pelea de boxeo. \u00c9l me dijo que no sab\u00eda nada de boxeo pero que iba a fingir que sab\u00eda para hacer un plan conmigo. Yo ah\u00ed ya compr\u00e9. Y <strong>a partir de ah\u00ed nunca m\u00e1s nos separamos&#8221;.<\/strong><\/p>\n<\/div>\n<\/div>\n<p><br \/>\n<br \/><a href=\"https:\/\/www.clarin.com\/fama\/joaqui-enfrento-rumores-blanqueo-distancio-china-suarez_0_178eyQfDoO.html\">Fuente Clarin.com <\/a><\/p>\n","protected":false},"excerpt":{"rendered":"<p>La Joaqui decidi\u00f3 enfrentar los rumores y hablar en detalle de su v\u00ednculo con Eugenia &#8220;La China&#8221; Su\u00e1rez, quien por estos d\u00edas est\u00e1 en el ojo medi\u00e1tico por su relaci\u00f3n con Mauro Icardi y sus conflictos con Wanda Nara. La cantante de cumbia RKT estuvo en Cort\u00e1 por Lozano (Telefe) y se refiri\u00f3 a la [&hellip;]<\/p>\n","protected":false},"author":1,"featured_media":2718,"comment_status":"open","ping_status":"open","sticky":false,"template":"","format":"standard","meta":{"footnotes":""},"categories":[2],"tags":[4711,72,4022,238,4710,28,142,286,364,131],"class_list":["post-2717","post","type-post","status-publish","format-standard","has-post-thumbnail","hentry","category-ultimas-noticias","tag-blanqueo","tag-china","tag-distancio","tag-enfrento","tag-joaqui","tag-los","tag-por","tag-que","tag-rumores","tag-suarez"],"_links":{"self":[{"href":"https:\/\/13.com.ar\/index.php\/wp-json\/wp\/v2\/posts\/2717","targetHints":{"allow":["GET"]}}],"collection":[{"href":"https:\/\/13.com.ar\/index.php\/wp-json\/wp\/v2\/posts"}],"about":[{"href":"https:\/\/13.com.ar\/index.php\/wp-json\/wp\/v2\/types\/post"}],"author":[{"embeddable":true,"href":"https:\/\/13.com.ar\/index.php\/wp-json\/wp\/v2\/users\/1"}],"replies":[{"embeddable":true,"href":"https:\/\/13.com.ar\/index.php\/wp-json\/wp\/v2\/comments?post=2717"}],"version-history":[{"count":0,"href":"https:\/\/13.com.ar\/index.php\/wp-json\/wp\/v2\/posts\/2717\/revisions"}],"wp:featuredmedia":[{"embeddable":true,"href":"https:\/\/13.com.ar\/index.php\/wp-json\/wp\/v2\/media\/2718"}],"wp:attachment":[{"href":"https:\/\/13.com.ar\/index.php\/wp-json\/wp\/v2\/media?parent=2717"}],"wp:term":[{"taxonomy":"category","embeddable":true,"href":"https:\/\/13.com.ar\/index.php\/wp-json\/wp\/v2\/categories?post=2717"},{"taxonomy":"post_tag","embeddable":true,"href":"https:\/\/13.com.ar\/index.php\/wp-json\/wp\/v2\/tags?post=2717"}],"curies":[{"name":"wp","href":"https:\/\/api.w.org\/{rel}","templated":true}]}}