{"id":27169,"date":"2025-05-21T17:09:43","date_gmt":"2025-05-21T20:09:43","guid":{"rendered":"https:\/\/13.com.ar\/index.php\/enojo-e-insultos-maria-fernanda-callejon-exploto-contra-un-notero-me-faltaste-el-respeto\/"},"modified":"2025-05-21T17:09:43","modified_gmt":"2025-05-21T20:09:43","slug":"enojo-e-insultos-maria-fernanda-callejon-exploto-contra-un-notero-me-faltaste-el-respeto","status":"publish","type":"post","link":"https:\/\/13.com.ar\/index.php\/enojo-e-insultos-maria-fernanda-callejon-exploto-contra-un-notero-me-faltaste-el-respeto\/","title":{"rendered":"Enojo e insultos, Mar\u00eda Fernanda Callej\u00f3n explot\u00f3 contra un notero: &#8220;\u00a1Me faltaste el respeto!&#8221;"},"content":{"rendered":"<p> <br \/>\n<br \/><img decoding=\"async\" src=\"https:\/\/13.com.ar\/wp-content\/uploads\/2025\/05\/Enojo-e-insultos-Maria-Fernanda-Callejon-exploto-contra-un-notero.jpg\" \/><\/p>\n<div id=\"element-body-0\">\n<p>Mientras atraviesa una batalla legal con su expareja Ricky Diotto, <strong>Mar\u00eda Fernanda Callej\u00f3n<\/strong> vivi\u00f3 un momento inc\u00f3modo que despert\u00f3 su enojo tras disfrutar, con su hija, de la funci\u00f3n especial de la pel\u00edcula Lilo &amp; Stitch, a la que tambi\u00e9n concurrieron numerosas figuras del espect\u00e1culo.<\/p>\n<\/div>\n<div id=\"element-body-1\">\n<p>Tras llegar al \u00faltimo piso del shopping Baires DOT, lugar donde se realiz\u00f3 el exclusivo evento, Mar\u00eda Fernanda, acompa\u00f1ada por su hija, Giovanna, <strong>fue abordada por la prensa y reaccion\u00f3 con evidente molestia.<\/strong><\/p>\n<\/div>\n<div id=\"element-body-2\">\n<p>Todo comenz\u00f3 cuando uno de los cronistas le pregunt\u00f3 c\u00f3mo se sent\u00eda en medio de sus conflictos con Ricky Diotto por la divisi\u00f3n de bienes, que incluye una propiedad, una camioneta que actualmente usa la actriz y cuestiones relacionadas a la manutenci\u00f3n de la peque\u00f1a en com\u00fan.<\/p>\n<\/div>\n<div id=\"element-body-3\">\n<p>Sin embargo, Callej\u00f3n se mostr\u00f3 reacia a interactuar con los noteros que esperaban por su llegada en el centro comercial. <\/p>\n<\/div>\n<div id=\"element-body-4\">\n<p><strong>&#8220;\u00a1Estoy con mi hija, no quiero hablar de nada!&#8221;<\/strong>, manifest\u00f3 mientras aceleraba el paso para evitar m\u00e1s preguntas sobre su situaci\u00f3n.<\/p>\n<\/div>\n<div id=\"element-body-5\">\n<p>Aunque dej\u00f3 en claro que no quer\u00eda dialogar con la prensa, los cronistas insistieron y la siguieron por uno de los pasillos del shopping. <\/p>\n<\/div>\n<div id=\"element-body-6\">\n<p>Fue entonces que Mar\u00eda Fernanda sentenci\u00f3 con firmeza: &#8220;\u00a1<strong>Les pido un poco de respeto que estoy con mi hija, no me falten el respeto! Por favor se los pido&#8230;&#8221;. <\/strong><\/p>\n<\/div>\n<div id=\"element-body-8\">\n<p>A pesar de insistir varias veces que no la siguieran, el periodista de <em>Puro Show <\/em>(El Trece) <strong>la acompa\u00f1\u00f3 hasta los ascensores del shopping. <\/strong><\/p>\n<\/div>\n<div id=\"element-body-9\">\n<p>Entonces,<strong> Callej\u00f3n lo encar\u00f3 con determinaci\u00f3n mientras se posicionaba delante de Giovanna<\/strong>, intentando protegerla de la exposici\u00f3n ante las c\u00e1maras: &#8220;Te pido por favor que respetes que est\u00e1 mi hija ac\u00e1. <strong>Yo se todo lo que se dice pero ella no puede escuchar eso. Te pido respeto<\/strong>&#8220;.<\/p>\n<\/div>\n<div id=\"element-body-10\">\n<p>&#8220;<strong>As\u00ed como yo los respeto cuando est\u00e1n trabajando, resp\u00e9tenme que estoy con mi hija que es una menor<\/strong>&#8220;, sostuvo. <\/p>\n<\/div>\n<div id=\"element-body-11\">\n<p>Poco conforme con su respuesta, <strong>el notero fue por m\u00e1s y le consult\u00f3 a la actriz si est\u00e1 actualmente en pareja, haciendo menci\u00f3n a su relaci\u00f3n con el exfutbolista Fernando Gamboa.<\/strong><\/p>\n<\/div>\n<div id=\"element-body-12\">\n<p>No obstante, Mar\u00eda Fernanda no dio el brazo a torcer y le hizo saber<strong>: &#8220;No quiero hablar de nada, no tengo ganas. \u00bfTe molesta?&#8221;.<\/strong><\/p>\n<\/div>\n<div id=\"element-body-14\">\n<p>&#8220;No, para nada pero cuando suceden estos esc\u00e1ndalos, queremos hablar con los protagonistas&#8221;, le retruc\u00f3 el periodista. Ante el planteo del cronista, Callej\u00f3n plante\u00f3: &#8220;<strong>Los esc\u00e1ndalos los hacen ustedes, no yo<\/strong>&#8220;.  <\/p>\n<\/div>\n<div id=\"element-body-15\">\n<p>Redoblando la apuesta, el cronista le contest\u00f3, a modo de consulta: &#8220;\u00bfNo te parece que est\u00e1s involucrada muchas veces en esc\u00e1ndalos que tienen que ver con tu separaci\u00f3n?&#8221;.  <\/p>\n<\/div>\n<div id=\"element-body-16\">\n<p>Al escuchar sus palabras, la actriz evidenci\u00f3 su molestia: <strong>&#8220;Vos sos un irrespetuoso de mierd&#8230; <\/strong>porque est\u00e1 mi hija. <strong>\u00bfTe podes ir? \u00bfO quer\u00e9s que llame a la seguridad?<\/strong> \u00a1Ac\u00e1 hay una ni\u00f1a menor, tarado!&#8221;, mientras lo invitaba a alejarse de ella.<\/p>\n<\/div>\n<div id=\"element-body-17\">\n<p>&#8220;<strong>\u00a1Me faltaste el respeto cuando te dije que no quer\u00eda hablar porque est\u00e1 mi hija! <\/strong>\u00a1Ahora s\u00ed pueden poner \u2018La furia de Mar\u00eda Fernanda Callej\u00f3n\u2019, imb\u00e9ciles! \u00a1Vayan a laburar, manga de sor&#8230;\u201d&#8221;, lanz\u00f3 Mar\u00eda Fernanda, lo que llev\u00f3 al cronista a dar por terminada la entrevista.<\/p>\n<\/div>\n<p><br \/>\n<br \/><a href=\"https:\/\/www.clarin.com\/fama\/enojo-insultos-maria-fernanda-callejon-exploto-notero-faltaste-respeto_0_3Bn9SmDIxk.html\">Fuente Clarin.com <\/a><\/p>\n","protected":false},"excerpt":{"rendered":"<p>Mientras atraviesa una batalla legal con su expareja Ricky Diotto, Mar\u00eda Fernanda Callej\u00f3n vivi\u00f3 un momento inc\u00f3modo que despert\u00f3 su enojo tras disfrutar, con su hija, de la funci\u00f3n especial de la pel\u00edcula Lilo &amp; Stitch, a la que tambi\u00e9n concurrieron numerosas figuras del espect\u00e1culo. Tras llegar al \u00faltimo piso del shopping Baires DOT, lugar [&hellip;]<\/p>\n","protected":false},"author":1,"featured_media":27170,"comment_status":"open","ping_status":"open","sticky":false,"template":"","format":"standard","meta":{"footnotes":""},"categories":[2],"tags":[15984,835,2639,2330,18897,18895,1657,2807,18896,12594],"class_list":["post-27169","post","type-post","status-publish","format-standard","has-post-thumbnail","hentry","category-ultimas-noticias","tag-callejon","tag-contra","tag-enojo","tag-exploto","tag-faltaste","tag-fernanda","tag-insultos","tag-maria","tag-notero","tag-respeto"],"_links":{"self":[{"href":"https:\/\/13.com.ar\/index.php\/wp-json\/wp\/v2\/posts\/27169","targetHints":{"allow":["GET"]}}],"collection":[{"href":"https:\/\/13.com.ar\/index.php\/wp-json\/wp\/v2\/posts"}],"about":[{"href":"https:\/\/13.com.ar\/index.php\/wp-json\/wp\/v2\/types\/post"}],"author":[{"embeddable":true,"href":"https:\/\/13.com.ar\/index.php\/wp-json\/wp\/v2\/users\/1"}],"replies":[{"embeddable":true,"href":"https:\/\/13.com.ar\/index.php\/wp-json\/wp\/v2\/comments?post=27169"}],"version-history":[{"count":0,"href":"https:\/\/13.com.ar\/index.php\/wp-json\/wp\/v2\/posts\/27169\/revisions"}],"wp:featuredmedia":[{"embeddable":true,"href":"https:\/\/13.com.ar\/index.php\/wp-json\/wp\/v2\/media\/27170"}],"wp:attachment":[{"href":"https:\/\/13.com.ar\/index.php\/wp-json\/wp\/v2\/media?parent=27169"}],"wp:term":[{"taxonomy":"category","embeddable":true,"href":"https:\/\/13.com.ar\/index.php\/wp-json\/wp\/v2\/categories?post=27169"},{"taxonomy":"post_tag","embeddable":true,"href":"https:\/\/13.com.ar\/index.php\/wp-json\/wp\/v2\/tags?post=27169"}],"curies":[{"name":"wp","href":"https:\/\/api.w.org\/{rel}","templated":true}]}}