{"id":27167,"date":"2025-05-21T17:06:29","date_gmt":"2025-05-21T20:06:29","guid":{"rendered":"https:\/\/13.com.ar\/index.php\/la-historica-confiteria-de-munro-que-volvio-de-las-cenizas-celebra-su-aniversario-con-una-torta-gigante\/"},"modified":"2025-05-21T17:06:29","modified_gmt":"2025-05-21T20:06:29","slug":"la-historica-confiteria-de-munro-que-volvio-de-las-cenizas-celebra-su-aniversario-con-una-torta-gigante","status":"publish","type":"post","link":"https:\/\/13.com.ar\/index.php\/la-historica-confiteria-de-munro-que-volvio-de-las-cenizas-celebra-su-aniversario-con-una-torta-gigante\/","title":{"rendered":"La hist\u00f3rica confiter\u00eda de Munro que volvi\u00f3 de las cenizas celebra su aniversario con una torta gigante"},"content":{"rendered":"<p> <br \/>\n<br \/><img decoding=\"async\" src=\"https:\/\/13.com.ar\/wp-content\/uploads\/2025\/05\/La-historica-confiteria-de-Munro-que-volvio-de-las-cenizas.jpg\" \/><\/p>\n<div id=\"element-body-0\">\n<p>Al final de la calle de Ant\u00e1rtida Argentina, en <strong>Vicente L\u00f3pez<\/strong>, Murro, est\u00e1 <strong>El Oriente <\/strong>Confiter\u00eda Europea, fundada en 1960, cuenta con 65 a\u00f1os de historia. Este s\u00e1bado 24 de mayo, los due\u00f1os que rescataron del olvido al emblem\u00e1tico negocio cumplen un a\u00f1o de la reapertura. Y por eso decidieron organizar una jornada de sorteos y movidas para los vecinos.<\/p>\n<\/div>\n<div id=\"element-body-1\">\n<p>\u00cdcono de productos de alta calidad y servicios abundantes. \u201cCuando no estaba en la gesti\u00f3n y consum\u00eda en el local, me acuerdo que El Oriente era reconocido por la <strong>abundancia<\/strong>, por la calidad, porque era totalmente fresca. El Oriente siempre fue algo que nunca fallaba\u201d, cuenta Mariana Gonz\u00e1lez, al frente de la confiter\u00eda junto con su hermano Sebasti\u00e1n. <\/p>\n<\/div>\n<div id=\"element-body-2\">\n<p>La panader\u00eda casi se extingue cuando los descendientes de su fundador decidieron venderla. Desde que los hermanos Gonz\u00e1lez adoptaron el desaf\u00edo de ponerse al frente, el local resurgi\u00f3.<\/p>\n<\/div>\n<div id=\"element-body-3\">\n<p>Para este s\u00e1bado, planean preparar una nueva versi\u00f3n de la joya de la casa, la torta Oriente. Este postre medir\u00e1 <strong>1 metro por 1 metro<\/strong>, seg\u00fan los Gonz\u00e1lez. \u201cVamos a invitar a toda la gente que quiera venir a que se lleve una porci\u00f3n. La torta Oriente, que es de la casa, tiene de todo, desde <strong>chocolate, dulce de leche, nutella ba\u00f1o de Ferrero Roger<\/strong>, es espectacular. Entonces, como amerita, cumplimos un a\u00f1o, \u00bfqu\u00e9 mejor torta que la torta de la casa?\u201d, describe Sebasti\u00e1n, que hace sentir a los comensales un ambiente de calidez y solidaridad desde que entran al negocio.<\/p>\n<\/div>\n<div id=\"element-body-5\">\n<p>Cuando el local cerr\u00f3, despu\u00e9s de a\u00f1os de haberse convertido en una sombra del antiguo fulgor, todos sus empleados hist\u00f3ricos se quedaron sin trabajo. Cuando los Gonz\u00e1lez se encargaron de volver a poner a la confiter\u00eda en marcha, apelaron a sus trabajadores \u201cde toda la vida\u201d.<\/p>\n<\/div>\n<div id=\"element-body-7\">\n<p>\u201cCuando reabrimos fue muy emocionante para todos los trabajadores. Para algunos su \u00fanico trabajo fue este, esta era su casa. Y de repente volver fue muy emotivo, porque aparte nosotros no somos una empresa, nosotros venimos a trabajar y algunas semanas nos va bien y otras no. Al principio era remontar y remar como locos. Yo siempre digo que es m\u00e1s f\u00e1cil abrir un negocio de cero que remontar uno fundido\u201d, expresa Sebasti\u00e1n.<\/p>\n<\/div>\n<div id=\"element-body-8\">\n<p>Este s\u00e1bado no s\u00f3lo celebrar\u00e1n el aniversario de la reapertura, sino la recuperaci\u00f3n de un s\u00edmbolo barrial que parec\u00eda perdido. El Oriente volvi\u00f3 a encender sus hornos, pero tambi\u00e9n a ganarse la confianza de vecinos, empleados y generaciones enteras que lo sent\u00edan como propio. Con una torta gigante, la misma que lo representa desde hace d\u00e9cadas, los Gonz\u00e1lez invitaron a celebrar el esfuerzo colectivo, la memoria del buen hacer y el deseo firme de que lo bueno siempre puede volver.<\/p>\n<\/div>\n<p><br \/>\n<br \/><a href=\"https:\/\/www.clarin.com\/zonales\/historica-confiteria-munro-volvio-cenizas-celebra-aniversario-torta-gigante_0_WZe3QhzXKq.html\">Fuente Clarin.com <\/a><\/p>\n","protected":false},"excerpt":{"rendered":"<p>Al final de la calle de Ant\u00e1rtida Argentina, en Vicente L\u00f3pez, Murro, est\u00e1 El Oriente Confiter\u00eda Europea, fundada en 1960, cuenta con 65 a\u00f1os de historia. Este s\u00e1bado 24 de mayo, los due\u00f1os que rescataron del olvido al emblem\u00e1tico negocio cumplen un a\u00f1o de la reapertura. Y por eso decidieron organizar una jornada de sorteos [&hellip;]<\/p>\n","protected":false},"author":1,"featured_media":27168,"comment_status":"open","ping_status":"open","sticky":false,"template":"","format":"standard","meta":{"footnotes":""},"categories":[2],"tags":[4664,5144,1689,18,18893,2729,3719,48,18894,12183,73,504],"class_list":["post-27167","post","type-post","status-publish","format-standard","has-post-thumbnail","hentry","category-ultimas-noticias","tag-aniversario","tag-celebra","tag-cenizas","tag-con","tag-confiteria","tag-gigante","tag-historica","tag-las","tag-munro","tag-torta","tag-una","tag-volvio"],"_links":{"self":[{"href":"https:\/\/13.com.ar\/index.php\/wp-json\/wp\/v2\/posts\/27167","targetHints":{"allow":["GET"]}}],"collection":[{"href":"https:\/\/13.com.ar\/index.php\/wp-json\/wp\/v2\/posts"}],"about":[{"href":"https:\/\/13.com.ar\/index.php\/wp-json\/wp\/v2\/types\/post"}],"author":[{"embeddable":true,"href":"https:\/\/13.com.ar\/index.php\/wp-json\/wp\/v2\/users\/1"}],"replies":[{"embeddable":true,"href":"https:\/\/13.com.ar\/index.php\/wp-json\/wp\/v2\/comments?post=27167"}],"version-history":[{"count":0,"href":"https:\/\/13.com.ar\/index.php\/wp-json\/wp\/v2\/posts\/27167\/revisions"}],"wp:featuredmedia":[{"embeddable":true,"href":"https:\/\/13.com.ar\/index.php\/wp-json\/wp\/v2\/media\/27168"}],"wp:attachment":[{"href":"https:\/\/13.com.ar\/index.php\/wp-json\/wp\/v2\/media?parent=27167"}],"wp:term":[{"taxonomy":"category","embeddable":true,"href":"https:\/\/13.com.ar\/index.php\/wp-json\/wp\/v2\/categories?post=27167"},{"taxonomy":"post_tag","embeddable":true,"href":"https:\/\/13.com.ar\/index.php\/wp-json\/wp\/v2\/tags?post=27167"}],"curies":[{"name":"wp","href":"https:\/\/api.w.org\/{rel}","templated":true}]}}